{"id":377088,"date":"2025-09-09T06:42:13","date_gmt":"2025-09-09T06:42:13","guid":{"rendered":"https:\/\/www.europesays.com\/fr\/377088\/"},"modified":"2025-09-09T06:42:13","modified_gmt":"2025-09-09T06:42:13","slug":"attentats-de-1995-a-paris-la-demande-de-boualem-bensaid-detre-expulse-vers-lalgerie","status":"publish","type":"post","link":"https:\/\/www.europesays.com\/fr\/377088\/","title":{"rendered":"Attentats de 1995 \u00e0 Paris\u00a0: la demande de Boualem Bensa\u00efd d\u2019\u00eatre expuls\u00e9 vers l\u2019Alg\u00e9rie"},"content":{"rendered":"<p>La justice fran\u00e7aise a rejet\u00e9 ce lundi 8\u00a0septembre 2025 la demande de Boualem Bensa\u00efd, l\u2019un des auteurs des attentats de 1995 en France, d\u2019\u00eatre expuls\u00e9 vers l\u2019Alg\u00e9rie, condition pour sa sortie de prison, dans une d\u00e9cision consult\u00e9e par l\u2019Agence France-Presse (AFP).<\/p>\n<p><a href=\"https:\/\/rennes.maville.com\/actu\/actudet_-qui-est-boualem-bensaid-le-terroriste-liberable-depuis-ce-vendredi-_54135-6921476_actu.Htm\" target=\"_self\" rel=\"noopener\">Boualem Bensa\u00efd avait \u00e9t\u00e9 condamn\u00e9 en 2002<\/a> puis en appel en 2003 \u00e0 la perp\u00e9tuit\u00e9, avec une p\u00e9riode de s\u00fbret\u00e9 de 22\u00a0ans, pour avoir pos\u00e9 la bombe qui a explos\u00e9 dans les transports en commun parisiens \u00e0 la station Saint-Michel, \u00e0 Paris, le 25\u00a0juillet 1995, faisant huit morts et 150\u00a0bless\u00e9s. L\u2019action faisait partie d\u2019une vague d\u2019attaques revendiqu\u00e9e par le Groupe islamique arm\u00e9 (GIA) alg\u00e9rien, qui reprochait \u00e0 la France son <strong>\u00ab\u00a0soutien\u00a0\u00bb<\/strong> au r\u00e9gime d\u2019Alger.<\/p>\n<p>Boualem Bensa\u00efd toujours en d\u00e9tention<\/p>\n<p>L\u2019Alg\u00e9rien de 57\u00a0ans est aujourd\u2019hui toujours en d\u00e9tention au centre p\u00e9nitentiaire d\u2019Ensisheim, dans l\u2019est de la France, malgr\u00e9 la d\u00e9cision rendue le 10\u00a0juillet par la cour d\u2019appel de Paris qui permettait sa lib\u00e9ration <a href=\"https:\/\/rennes.maville.com\/actu\/actudet_-un-des-auteurs-des-attentats-de-1995-l-algerien-boualem-bensaid-sera-remis-en-liberte-le-1er-aout-_54135-6896658_actu.Htm\" target=\"_self\" rel=\"noopener\">\u00e0 partir du 1er\u00a0ao\u00fbt<\/a> \u00e0 la condition qu\u2019il soit expuls\u00e9 vers l\u2019Alg\u00e9rie.<\/p>\n<p>Rejetant l\u2019id\u00e9e d\u2019une <strong>\u00ab\u00a0d\u00e9tention arbitraire\u00a0\u00bb,<\/strong> le tribunal administratif de Strasbourg a fait valoir que <strong>\u00ab\u00a0le pr\u00e9fet du Haut-Rhin a, d\u00e8s le 23\u00a0juillet 2025, transmis au consulat g\u00e9n\u00e9ral d\u2019Alg\u00e9rie \u00e0 Strasbourg une demande de laissez-passer consulaire, \u00e0 laquelle les autorit\u00e9s alg\u00e9riennes n\u2019ont depuis pas donn\u00e9 suite\u00a0\u00bb.<\/strong><\/p>\n<p><strong>\u00ab\u00a0D\u00e8s lors, la situation dont se plaint Boualem Bensa\u00efd ne saurait \u00eatre imput\u00e9e \u00e0 l\u2019administration fran\u00e7aise\u00a0\u00bb,<\/strong> est-il encore soulign\u00e9.<\/p>\n<p><strong>Lire aussi\u00a0: <\/strong> <a href=\"https:\/\/maubeuge.maville.com\/actu\/actudet_-attentats-de-1995-en-attendant-son-expulsion-boualem-bensaid-demande-a-etre-assigne-a-residence-_54135-6930168_actu.Htm\" target=\"_self\" rel=\"noopener\">Attentats de 1995\u00a0: en attendant son expulsion, Boualem Bensaid demande \u00e0 \u00eatre assign\u00e9 \u00e0 r\u00e9sidence<\/a><\/p>\n<p>\u00ab\u00a0Jamais l\u2019Alg\u00e9rie n\u2019a dit qu\u2019elle refuserait son expulsion\u00a0\u00bb, selon son avocat<\/p>\n<p>Me Romain Ruiz, qui d\u00e9fend l\u2019Alg\u00e9rien, a fait valoir que <strong>\u00ab\u00a0jamais l\u2019Alg\u00e9rie n\u2019a dit qu\u2019elle refuserait son expulsion\u00a0\u00bb.<\/strong> Mais Alger et Paris traversent depuis plus d\u2019un an une profonde crise diplomatique, et Alger rejette notamment les proc\u00e9dures d\u2019expulsion venant de France.<\/p>\n<p>Le 1er\u00a0ao\u00fbt, le chef de la diplomatie fran\u00e7aise, Jean-No\u00ebl Barrot, avait d\u00e9clar\u00e9 <strong>\u00ab\u00a0souhaiter vivement\u00a0\u00bb<\/strong> que l\u2019Alg\u00e9rie accepte Boualem Bensa\u00efd.<\/p>\n<p>\u00a0<\/p>\n","protected":false},"excerpt":{"rendered":"La justice fran\u00e7aise a rejet\u00e9 ce lundi 8\u00a0septembre 2025 la demande de Boualem Bensa\u00efd, l\u2019un des auteurs des&hellip;\n","protected":false},"author":2,"featured_media":377089,"comment_status":"","ping_status":"","sticky":false,"template":"","format":"standard","meta":{"footnotes":""},"categories":[1888],"tags":[51077,1111,1928,11,1927,15,1438,23846,51079,51078,7650,1777,674,26551,1011,27,12,1926,626,1925,51080,25],"class_list":{"0":"post-377088","1":"post","2":"type-post","3":"status-publish","4":"format-standard","5":"has-post-thumbnail","7":"category-paris","8":"tag-51077","9":"tag-actu","10":"tag-actu-paris","11":"tag-actualites","12":"tag-actualites-paris","13":"tag-algerie","14":"tag-angers","15":"tag-attentats","16":"tag-bensaid","17":"tag-boualem","18":"tag-demande","19":"tag-eu","20":"tag-europe","21":"tag-expulse","22":"tag-fr","23":"tag-france","24":"tag-news","25":"tag-news-paris","26":"tag-paris","27":"tag-paris-news","28":"tag-rejetee","29":"tag-republique-francaise"},"share_on_mastodon":{"url":"https:\/\/pubeurope.com\/@fr\/115172982440301697","error":""},"_links":{"self":[{"href":"https:\/\/www.europesays.com\/fr\/wp-json\/wp\/v2\/posts\/377088","targetHints":{"allow":["GET"]}}],"collection":[{"href":"https:\/\/www.europesays.com\/fr\/wp-json\/wp\/v2\/posts"}],"about":[{"href":"https:\/\/www.europesays.com\/fr\/wp-json\/wp\/v2\/types\/post"}],"author":[{"embeddable":true,"href":"https:\/\/www.europesays.com\/fr\/wp-json\/wp\/v2\/users\/2"}],"replies":[{"embeddable":true,"href":"https:\/\/www.europesays.com\/fr\/wp-json\/wp\/v2\/comments?post=377088"}],"version-history":[{"count":0,"href":"https:\/\/www.europesays.com\/fr\/wp-json\/wp\/v2\/posts\/377088\/revisions"}],"wp:featuredmedia":[{"embeddable":true,"href":"https:\/\/www.europesays.com\/fr\/wp-json\/wp\/v2\/media\/377089"}],"wp:attachment":[{"href":"https:\/\/www.europesays.com\/fr\/wp-json\/wp\/v2\/media?parent=377088"}],"wp:term":[{"taxonomy":"category","embeddable":true,"href":"https:\/\/www.europesays.com\/fr\/wp-json\/wp\/v2\/categories?post=377088"},{"taxonomy":"post_tag","embeddable":true,"href":"https:\/\/www.europesays.com\/fr\/wp-json\/wp\/v2\/tags?post=377088"}],"curies":[{"name":"wp","href":"https:\/\/api.w.org\/{rel}","templated":true}]}}