{"id":377091,"date":"2025-09-09T06:44:16","date_gmt":"2025-09-09T06:44:16","guid":{"rendered":"https:\/\/www.europesays.com\/fr\/377091\/"},"modified":"2025-09-09T06:44:16","modified_gmt":"2025-09-09T06:44:16","slug":"paris-journees-europeennes-du-patrimoine-un-atelier-de-silence","status":"publish","type":"post","link":"https:\/\/www.europesays.com\/fr\/377091\/","title":{"rendered":"PARIS : Journ\u00e9es Europ\u00e9ennes du Patrimoine &#8211; Un atelier de silence"},"content":{"rendered":"<p style=\"text-align: left;\" data-start=\"112\" data-end=\"513\"><strong data-start=\"112\" data-end=\"267\">\u00c0 l\u2019occasion des Journ\u00e9es Europ\u00e9ennes du Patrimoine, plongez au c\u0153ur de notre histoire et de notre culture \u00e0 travers une programmation exceptionnelle\u00a0!<\/strong><\/p>\n<p style=\"text-align: left;\" data-start=\"112\" data-end=\"513\">Expositions, visites guid\u00e9es, ateliers interactifs et animations pour petits et grands vous attendent tout au long du week-end. Une invitation \u00e0 (re)d\u00e9couvrir les tr\u00e9sors de notre patrimoine en arpentant les rues de la capitale !<\/p>\n<p>Derri\u00e8re une fa\u00e7ade discr\u00e8te du boulevard Raspail, l\u2019atelier de Claude de Soria vous accueille pour une plong\u00e9e intime dans l\u2019univers brut et po\u00e9tique de la sculptrice. Ciment, sable, b\u00e9ton\u00a0: ses mat\u00e9riaux deviennent langage dans cet espace fig\u00e9 dans le calme et la lumi\u00e8re.<\/p>\n<p class=\"compact\"><strong><a href=\"https:\/\/www.claudedesoria.com\/\" target=\"_zoiojoyx\" rel=\"nofollow noopener\">Atelier Claude de Soria<\/a>, 75014<\/strong><br \/>Ven. sam. et dim. 11h-19h<br \/>Gratuit sur r\u00e9servation.<br \/><strong><a href=\"https:\/\/calendly.com\/atelier-claude-de-soria\/visite-de-l-atelier?month=2025-09\" target=\"_torqhsbg\" rel=\"nofollow noopener\">Billetterie<\/a><\/strong><\/p>\n<p style=\"text-align: left;\"><strong>SOURCE : Arts in the City. <\/strong><\/p>\n","protected":false},"excerpt":{"rendered":"\u00c0 l\u2019occasion des Journ\u00e9es Europ\u00e9ennes du Patrimoine, plongez au c\u0153ur de notre histoire et de notre culture \u00e0&hellip;\n","protected":false},"author":2,"featured_media":377092,"comment_status":"","ping_status":"","sticky":false,"template":"","format":"standard","meta":{"footnotes":""},"categories":[1888],"tags":[11,1777,674,1011,27,12,626,25],"class_list":{"0":"post-377091","1":"post","2":"type-post","3":"status-publish","4":"format-standard","5":"has-post-thumbnail","7":"category-paris","8":"tag-actualites","9":"tag-eu","10":"tag-europe","11":"tag-fr","12":"tag-france","13":"tag-news","14":"tag-paris","15":"tag-republique-francaise"},"share_on_mastodon":{"url":"https:\/\/pubeurope.com\/@fr\/115172990227360195","error":""},"_links":{"self":[{"href":"https:\/\/www.europesays.com\/fr\/wp-json\/wp\/v2\/posts\/377091","targetHints":{"allow":["GET"]}}],"collection":[{"href":"https:\/\/www.europesays.com\/fr\/wp-json\/wp\/v2\/posts"}],"about":[{"href":"https:\/\/www.europesays.com\/fr\/wp-json\/wp\/v2\/types\/post"}],"author":[{"embeddable":true,"href":"https:\/\/www.europesays.com\/fr\/wp-json\/wp\/v2\/users\/2"}],"replies":[{"embeddable":true,"href":"https:\/\/www.europesays.com\/fr\/wp-json\/wp\/v2\/comments?post=377091"}],"version-history":[{"count":0,"href":"https:\/\/www.europesays.com\/fr\/wp-json\/wp\/v2\/posts\/377091\/revisions"}],"wp:featuredmedia":[{"embeddable":true,"href":"https:\/\/www.europesays.com\/fr\/wp-json\/wp\/v2\/media\/377092"}],"wp:attachment":[{"href":"https:\/\/www.europesays.com\/fr\/wp-json\/wp\/v2\/media?parent=377091"}],"wp:term":[{"taxonomy":"category","embeddable":true,"href":"https:\/\/www.europesays.com\/fr\/wp-json\/wp\/v2\/categories?post=377091"},{"taxonomy":"post_tag","embeddable":true,"href":"https:\/\/www.europesays.com\/fr\/wp-json\/wp\/v2\/tags?post=377091"}],"curies":[{"name":"wp","href":"https:\/\/api.w.org\/{rel}","templated":true}]}}