{"id":377097,"date":"2025-09-09T06:47:20","date_gmt":"2025-09-09T06:47:20","guid":{"rendered":"https:\/\/www.europesays.com\/fr\/377097\/"},"modified":"2025-09-09T06:47:20","modified_gmt":"2025-09-09T06:47:20","slug":"lenorme-impact-des-droits-de-douane-americains-sur-les-velos-electriques-aux-usa","status":"publish","type":"post","link":"https:\/\/www.europesays.com\/fr\/377097\/","title":{"rendered":"L\u2019\u00e9norme impact des droits de douane am\u00e9ricains sur les v\u00e9los \u00e9lectriques aux USA"},"content":{"rendered":"<p>Les droits de douanes cons\u00e9quents des \u00c9tats-Unis et une incertitude sur leur application ont fait plonger les importations de v\u00e9los \u00e9lectriques et musculaires made in China, dont on conna\u00eet enfin les chiffres\u2026 surprenants.<\/p>\n<p><a href=\"https:\/\/images.frandroid.com\/wp-content\/uploads\/2022\/11\/copy-of-bqi-min.jpeg\" target=\"_blank\" class=\"article-content__figure\" rel=\"nofollow noopener\"><img fetchpriority=\"high\" decoding=\"async\" loading=\"eager\" width=\"1200\" height=\"800\" src=\"https:\/\/www.europesays.com\/fr\/wp-content\/uploads\/2025\/09\/copy-of-bqi-min.jpeg\" alt=\"Copy of BQi8-min\" class=\"wp-image-1532656 wp-image wp-image\"  \/><\/a>Source : Niu<\/p>\n<p>L\u2019un des leviers de financement de la politique du pr\u00e9sident Donald Trump est l\u2019instauration de droits de douanes. Si cela doit aussi favoriser l\u2019activit\u00e9 des fabricants aux \u00c9tats-Unis, ce qui reste \u00e0 prouver sur le long terme, les impacts se font d\u00e9j\u00e0 sentir sur l\u2019industrie du <a href=\"https:\/\/www.frandroid.com\/guide-dachat\/guides-dachat-survoltes\/guides-dachat-velos-electriques\/917361_guide-achat-choisir-meilleurs-velos-electriques-vae\" rel=\"nofollow noopener\" target=\"_blank\">v\u00e9lo \u00e9lectrique<\/a> et m\u00e9canique.<\/p>\n<p>La Chine est dans le viseur des USA, avec des taxes qui ont atteint 145 %\u2026 en th\u00e9orie. En pratique, tout se joue en fonction de la cat\u00e9gorie des produits. <a href=\"https:\/\/www.frandroid.com\/survoltes\/velo-electrique\/2765287_comment-les-marques-de-velos-electriques-sorganisent-face-aux-droits-de-douane-fluctuants-de-donald-trump\" rel=\"nofollow noopener\" target=\"_blank\">Les fabricants de v\u00e9los ne savent d\u2019ailleurs plus sur quel pied p\u00e9daler<\/a> : dernier texte \u00e0 30 %, puis 50 % sur ceux en acier, d\u2019autres sur l\u2019aluminium\u2026<\/p>\n<p>Une baisse vertigineuse<\/p>\n<p>L\u2019incertitude et la peur du surco\u00fbt surprise, en plus d\u2019un prix des v\u00e9los en hausse, ont conduit \u00e0 une baisse importante des importations chinoises aux USA. Pourtant, la Chine est de loin le plus gros importateur aux \u00c9tats-Unis. En 2024, elle repr\u00e9sentait 85 % des 11 millions de v\u00e9los import\u00e9s, soit 9,35 millions au total.<\/p>\n<p><a href=\"https:\/\/www.europesays.com\/fr\/wp-content\/uploads\/2025\/09\/velo-electrique-chine-kuake.jpg\" target=\"_blank\" class=\"article-content__figure\"><img loading=\"lazy\" decoding=\"async\" width=\"1000\" height=\"667\" src=\"https:\/\/www.europesays.com\/fr\/wp-content\/uploads\/2025\/09\/velo-electrique-chine-kuake.jpg\" alt=\"V\u00e9lo \u00e9lectrique Chine Kuake\" class=\"wp-image-2785937 wp-image\"  \/><\/a>Source : Kuake<\/p>\n<p>Mais d\u00e8s le premier trimestre 2025, les importations chinoises ont chut\u00e9 de 17 %. Pire, elles ont d\u00e9gringol\u00e9 de 55 % au deuxi\u00e8me trimestre indique, <a href=\"https:\/\/www.bike-eu.com\/50578\/us-bicycle-imports-tumble-as-tariff-war-plays-out\" target=\"_blank\" rel=\"nofollow noopener\">Bike Europe<\/a>, et m\u00eame de 74 % en juin 2025 ! Au total, seulement 2,7 millions de v\u00e9los ont rejoint les c\u00f4tes \u00e9tasuniennes depuis de d\u00e9but de l\u2019ann\u00e9e.<\/p>\n<p>Rebond \u00e9ph\u00e9m\u00e8re, et nouveau yo-yo cet automne ?<\/p>\n<p>Petite exception, le mois de juillet a pris un chemin inverse, avec un bond de 128 % par rapport \u00e0 l\u2019an dernier. \u00ab Ceci est la cons\u00e9quence d\u2019une anticipation des stocks avant une introduction des droits de douanes qui devaient d\u00e9marrer d\u00e9but ao\u00fbt, mais report\u00e9s \u00e0 la derni\u00e8re minute par l\u2019administration Trump \u00bb, explique <a href=\"https:\/\/www.bike-eu.com\/50578\/us-bicycle-imports-tumble-as-tariff-war-plays-out\" target=\"_blank\" rel=\"nofollow noopener\">Road<\/a>.<\/p>\n<p>Cela ne compense pas les pertes des mois pr\u00e9c\u00e9dents, et l\u2019histoire pourrait se r\u00e9p\u00e9ter sur les mois d\u2019octobre et novembre\u2026 Car le 1er novembre, c\u2019est la nouvelle date fatidique de nouveaux droits de douanes pour les v\u00e9los chinois import\u00e9s aux \u00c9tats-Unis. Affaire \u00e0 suivre. <\/p>\n<p>Envie de retrouver les meilleurs articles de Frandroid sur Google News ? Vous pouvez suivre <strong><a href=\"https:\/\/news.google.com\/publications\/CAAqBggKMICKMDCuyQU?oc=3\" target=\"_blank\" rel=\"noopener null noreferrer nofollow\">Frandroid sur Google News<\/a> en un clic.<\/strong><\/p>\n","protected":false},"excerpt":{"rendered":"Les droits de douanes cons\u00e9quents des \u00c9tats-Unis et une incertitude sur leur application ont fait plonger les importations&hellip;\n","protected":false},"author":2,"featured_media":377098,"comment_status":"","ping_status":"","sticky":false,"template":"","format":"standard","meta":{"footnotes":""},"categories":[1589],"tags":[11,2388,33,73,1866,12,1864,1865,1863,308],"class_list":{"0":"post-377097","1":"post","2":"type-post","3":"status-publish","4":"format-standard","5":"has-post-thumbnail","7":"category-etats-unis","8":"tag-actualites","9":"tag-droits-de-douane","10":"tag-economie","11":"tag-etats-unis","12":"tag-etats-unis-damerique","13":"tag-news","14":"tag-united-states","15":"tag-united-states-of-america","16":"tag-us","17":"tag-usa"},"share_on_mastodon":{"url":"https:\/\/pubeurope.com\/@fr\/115173002096747288","error":""},"_links":{"self":[{"href":"https:\/\/www.europesays.com\/fr\/wp-json\/wp\/v2\/posts\/377097","targetHints":{"allow":["GET"]}}],"collection":[{"href":"https:\/\/www.europesays.com\/fr\/wp-json\/wp\/v2\/posts"}],"about":[{"href":"https:\/\/www.europesays.com\/fr\/wp-json\/wp\/v2\/types\/post"}],"author":[{"embeddable":true,"href":"https:\/\/www.europesays.com\/fr\/wp-json\/wp\/v2\/users\/2"}],"replies":[{"embeddable":true,"href":"https:\/\/www.europesays.com\/fr\/wp-json\/wp\/v2\/comments?post=377097"}],"version-history":[{"count":0,"href":"https:\/\/www.europesays.com\/fr\/wp-json\/wp\/v2\/posts\/377097\/revisions"}],"wp:featuredmedia":[{"embeddable":true,"href":"https:\/\/www.europesays.com\/fr\/wp-json\/wp\/v2\/media\/377098"}],"wp:attachment":[{"href":"https:\/\/www.europesays.com\/fr\/wp-json\/wp\/v2\/media?parent=377097"}],"wp:term":[{"taxonomy":"category","embeddable":true,"href":"https:\/\/www.europesays.com\/fr\/wp-json\/wp\/v2\/categories?post=377097"},{"taxonomy":"post_tag","embeddable":true,"href":"https:\/\/www.europesays.com\/fr\/wp-json\/wp\/v2\/tags?post=377097"}],"curies":[{"name":"wp","href":"https:\/\/api.w.org\/{rel}","templated":true}]}}