{"id":37710,"date":"2025-04-20T01:54:07","date_gmt":"2025-04-20T01:54:07","guid":{"rendered":"https:\/\/www.europesays.com\/fr\/37710\/"},"modified":"2025-04-20T01:54:07","modified_gmt":"2025-04-20T01:54:07","slug":"isack-hadjar-en-mode-mca-avant-le-gp-darabie-saoudite","status":"publish","type":"post","link":"https:\/\/www.europesays.com\/fr\/37710\/","title":{"rendered":"Isack Hadjar en mode MCA avant le GP d&rsquo;Arabie saoudite"},"content":{"rendered":"<p style=\"text-align: justify;\"><strong>En marge du Grand Prix d\u2019Arabie saoudite, un moment inattendu a capt\u00e9 l\u2019attention des internautes : Isack Hadjar, jeune pilote franco-alg\u00e9rien de l\u2019\u00e9curie Racing Bulls, a pos\u00e9 fi\u00e8rement avec le maillot du Mouloudia d\u2019Alger, aux c\u00f4t\u00e9s de ses coll\u00e8gues Pierre Gasly, Zhou Guanyu et Paul Aron.<\/strong><\/p>\n<p style=\"text-align: justify;\">En effet, m\u00eame pour un pilote de <strong>Formule 1<\/strong>, la passion pour le football, le sport Roi, reste pr\u00e9sente. En <strong>Arabie saoudite<\/strong>, Hadjar a particip\u00e9 \u00e0 un match de football avec ses coll\u00e8gues, histoire de se d\u00e9tendre. Un match que Hadjar a disput\u00e9 avec le maillot du <strong>MCA<\/strong>. Il faut souligner que ce maillot est une pi\u00e8ce unique.<\/p>\n<p style=\"text-align: justify;\">Il s\u2019agit en effet d\u2019une cr\u00e9ation d\u2019un studio qui excelle dans l\u2019art de faire briller tout ce qui est alg\u00e9rien, le<a href=\"https:\/\/x.com\/mhstudioarts\" target=\"_blank\" rel=\"noopener nofollow\"> Studio MHS <\/a>(\u00e9galement concepteur du nouveau logo de La Gazette du Fennec !).Avec ses couleurs vives et son histoire riche, le maillot du doyen a s\u00e9duit Hadjar. \u00ab On connait maintenant le club que Hadjar supporte \u00bb, disent les internautes. Ce geste symbolique t\u00e9moigne de l\u2019attachement profond de Hadjar \u00e0 ses racines alg\u00e9riennes.<\/p>\n<blockquote class=\"twitter-tweet\" data-width=\"550\" data-dnt=\"true\">\n<p lang=\"fr\" dir=\"ltr\">Le jeune pilote alg\u00e9rien de l\u2019\u00e9curie Racing Bulls en F1, <a href=\"https:\/\/twitter.com\/Isack_Hadjar?ref_src=twsrc%5Etfw\" rel=\"nofollow noopener\" target=\"_blank\">@Isack_Hadjar<\/a>, a beaucoup aim\u00e9 le maillot que j\u2019ai dessin\u00e9 pour le Mouloudia \ud83d\ude05<\/p>\n<p>En compagnie de <a href=\"https:\/\/twitter.com\/PierreGASLY?ref_src=twsrc%5Etfw\" rel=\"nofollow noopener\" target=\"_blank\">@PierreGASLY<\/a> , <a href=\"https:\/\/twitter.com\/ZhouGuanyu24?ref_src=twsrc%5Etfw\" rel=\"nofollow noopener\" target=\"_blank\">@ZhouGuanyu24<\/a> <a href=\"https:\/\/twitter.com\/PaulAron16?ref_src=twsrc%5Etfw\" rel=\"nofollow noopener\" target=\"_blank\">@PaulAron16<\/a> \ud83c\udfce\ufe0f <a href=\"https:\/\/t.co\/82AY2u51V7\" rel=\"nofollow\">pic.twitter.com\/82AY2u51V7<\/a><\/p>\n<p>\u2014 MHS (@MhstudioArts) <a href=\"https:\/\/twitter.com\/MhstudioArts\/status\/1913348716204789980?ref_src=twsrc%5Etfw\" rel=\"nofollow noopener\" target=\"_blank\">April 18, 2025<\/a><\/p>\n<\/blockquote>\n<p dir=\"ltr\" lang=\"fr\" style=\"text-align: justify;\">N\u00e9 \u00e0 Paris le 28 septembre 2004, il est issu d\u2019une famille alg\u00e9rienne originaire d\u2019Alger. Bien qu\u2019il ait grandi en France, Hadjar n\u2019a jamais oubli\u00e9 ses origines. En arborant le maillot du <strong>MCA<\/strong>, il rend hommage \u00e0 l\u2019un des clubs les plus embl\u00e9matiques d\u2019Alg\u00e9rie, symbole de fiert\u00e9 et d\u2019histoire.<\/p>\n<p><img fetchpriority=\"high\" decoding=\"async\" class=\"alignnone wp-image-181642 size-full\" title=\"Go2Ug4IWkAAwqnk\" src=\"https:\/\/www.europesays.com\/fr\/wp-content\/uploads\/2025\/04\/Go2Ug4IWkAAwqnk.jpeg\" alt=\"Go2Ug4IWkAAwqnk\" width=\"724\" height=\"900\"  \/><\/p>\n<p>GP Formule 1 : Isack Hadjar pour briller en Arabie<\/p>\n<p style=\"text-align: justify;\">Surnomm\u00e9 \u201cle Petit Prost\u201d, <strong>Isack Hadjar<\/strong> s\u2019appr\u00eate \u00e0 disputer son 5\u1d49 GP de la saison de la F1 avec Racing Bulls. Vice-champion de Formule 2 en 2024, il a \u00e9t\u00e9 promu gr\u00e2ce \u00e0 ses performances impressionnantes. Aujourd\u2019hui, il est l\u2019une des \u00e9toiles montantes du sport m\u00e9canique le plus prestigieux.<\/p>\n<p style=\"text-align: justify;\">En <strong>Arabie saoudite<\/strong>, Hadjar affrontera, encore une fois, les meilleurs pilotes du monde sur le circuit de Jeddah. Il partira demain de la 14\u1d49 position.<\/p>\n<blockquote class=\"twitter-tweet\">\n<p dir=\"ltr\" lang=\"en\">A watery problem for <a href=\"https:\/\/twitter.com\/Isack_Hadjar?ref_src=twsrc%5Etfw\" rel=\"nofollow noopener\" target=\"_blank\">@Isack_Hadjar<\/a> in FP3 \ud83d\udca6<a href=\"https:\/\/twitter.com\/hashtag\/F1?src=hash&amp;ref_src=twsrc%5Etfw\" rel=\"nofollow noopener\" target=\"_blank\">#F1<\/a> <a href=\"https:\/\/twitter.com\/hashtag\/SaudiArabianGP?src=hash&amp;ref_src=twsrc%5Etfw\" rel=\"nofollow noopener\" target=\"_blank\">#SaudiArabianGP<\/a> <a href=\"https:\/\/t.co\/hbNeW4nGXl\" rel=\"nofollow\">pic.twitter.com\/hbNeW4nGXl<\/a><\/p>\n<p>\u2014 Formula 1 (@F1) <a href=\"https:\/\/twitter.com\/F1\/status\/1913613810834825235?ref_src=twsrc%5Etfw\" rel=\"nofollow noopener\" target=\"_blank\">April 19, 2025<\/a><\/p>\n<\/blockquote>\n<p style=\"text-align: justify;\"><strong>LIRE AUSSI : <a href=\"https:\/\/lagazettedufennec.com\/scandaleux-bencheikh-veut-barrer-ghorbal-de-la-cdm-des-clubs-quon-denonce-son-incompetence-a-la-fifa\/?utm_source=vuukle&amp;utm_medium=talk_of_town\" rel=\"nofollow noopener\" target=\"_blank\">Scandaleux : Bencheikh veut barrer Ghorbal de la CDM des clubs : \u00ab qu\u2019on d\u00e9nonce son incomp\u00e9tence \u00e0 la FIFA \u00bb<\/a><\/strong><\/p>\n<p>\t            <script async src=\"https:\/\/platform.twitter.com\/widgets.js\" charset=\"utf-8\"><\/script><\/p>\n","protected":false},"excerpt":{"rendered":"En marge du Grand Prix d\u2019Arabie saoudite, un moment inattendu a capt\u00e9 l\u2019attention des internautes : Isack Hadjar,&hellip;\n","protected":false},"author":2,"featured_media":37711,"comment_status":"","ping_status":"","sticky":false,"template":"","format":"standard","meta":{"footnotes":""},"categories":[1412],"tags":[1451,1452,1453,1454,1455,1011,27,2244,11974,60],"class_list":{"0":"post-37710","1":"post","2":"type-post","3":"status-publish","4":"format-standard","5":"has-post-thumbnail","7":"category-f1","8":"tag-f1","9":"tag-formula-1","10":"tag-formula1","11":"tag-formule-1","12":"tag-formule1","13":"tag-fr","14":"tag-france","15":"tag-isack-hadjar","16":"tag-mc-alger","17":"tag-sports"},"share_on_mastodon":{"url":"https:\/\/pubeurope.com\/@fr\/114367803475381205","error":""},"_links":{"self":[{"href":"https:\/\/www.europesays.com\/fr\/wp-json\/wp\/v2\/posts\/37710","targetHints":{"allow":["GET"]}}],"collection":[{"href":"https:\/\/www.europesays.com\/fr\/wp-json\/wp\/v2\/posts"}],"about":[{"href":"https:\/\/www.europesays.com\/fr\/wp-json\/wp\/v2\/types\/post"}],"author":[{"embeddable":true,"href":"https:\/\/www.europesays.com\/fr\/wp-json\/wp\/v2\/users\/2"}],"replies":[{"embeddable":true,"href":"https:\/\/www.europesays.com\/fr\/wp-json\/wp\/v2\/comments?post=37710"}],"version-history":[{"count":0,"href":"https:\/\/www.europesays.com\/fr\/wp-json\/wp\/v2\/posts\/37710\/revisions"}],"wp:featuredmedia":[{"embeddable":true,"href":"https:\/\/www.europesays.com\/fr\/wp-json\/wp\/v2\/media\/37711"}],"wp:attachment":[{"href":"https:\/\/www.europesays.com\/fr\/wp-json\/wp\/v2\/media?parent=37710"}],"wp:term":[{"taxonomy":"category","embeddable":true,"href":"https:\/\/www.europesays.com\/fr\/wp-json\/wp\/v2\/categories?post=37710"},{"taxonomy":"post_tag","embeddable":true,"href":"https:\/\/www.europesays.com\/fr\/wp-json\/wp\/v2\/tags?post=37710"}],"curies":[{"name":"wp","href":"https:\/\/api.w.org\/{rel}","templated":true}]}}