{"id":377105,"date":"2025-09-09T06:51:11","date_gmt":"2025-09-09T06:51:11","guid":{"rendered":"https:\/\/www.europesays.com\/fr\/377105\/"},"modified":"2025-09-09T06:51:11","modified_gmt":"2025-09-09T06:51:11","slug":"gaspillage-alimentaire-fast-fashion-lunion-europeenne-sattaque-officiellement-a-ses-dechets","status":"publish","type":"post","link":"https:\/\/www.europesays.com\/fr\/377105\/","title":{"rendered":"Gaspillage alimentaire, fast fashion&#8230; L\u2019Union europ\u00e9enne s\u2019attaque officiellement \u00e0 ses d\u00e9chets"},"content":{"rendered":"<p>Apr\u00e8s de longs mois de tractations, la loi contre le gaspillage alimentaire et les d\u00e9chets textiles doit \u00eatre adopt\u00e9e d\u00e9finitivement mardi par le Parlement europ\u00e9en.<\/p>\n<p class=\"fig-paragraph\">Le Parlement europ\u00e9en s&rsquo;appr\u00eate \u00e0 adopter d\u00e9finitivement mardi une loi contre le\u00a0<a href=\"http:\/\/www.lefigaro.fr\/actualite-france\/gaspillage-alimentaire-une-nouvelle-loi-pour-aller-plus-loin-20250131\" data-fig-type=\"Article\" data-gtm-custom-categorie=\"navigation\" data-gtm-custom-action=\"crossclick\" data-gtm-custom-label=\"Contextuel\" data-gtm-event=\"customEventSPE\" data-fig-domain=\"LEFIGARO\" target=\"_blank\" rel=\"noopener\">gaspillage alimentaire<\/a>\u00a0et les d\u00e9chets textiles, notamment ceux li\u00e9s \u00e0 la fast fashion, ces millions de v\u00eatements \u00e0 bas co\u00fbts import\u00e9s de Chine. Chaque Europ\u00e9en g\u00e9n\u00e8re en moyenne par an 130 kilos de d\u00e9chets alimentaires et une quinzaine de kilos de d\u00e9chets textiles, secteur o\u00f9 le recyclage est quasi nul, selon l&rsquo;UE.<\/p>\n<p class=\"fig-paragraph\">La nouvelle loi, qui ne d\u00e9taille pas de mesures concr\u00e8tes, fixe aux \u00c9tats des objectifs contraignants de r\u00e9duction des d\u00e9chets dans l&rsquo;alimentation. En 2030, chaque \u00c9tat membre devra r\u00e9duire de 30% les d\u00e9chets alimentaires de la distribution, de la restauration et des m\u00e9nages, et de 10% ceux g\u00e9n\u00e9r\u00e9s par la transformation et la fabrication des aliments, par rapport aux volumes annuels enregistr\u00e9s entre 2021 et 2023.<\/p>\n<p>                                    <a class=\"fig-a11y-skip a11y-hidden\" href=\"#fig-a11y-skip-main-inarticle\"><br \/>\n        Passer la publicit\u00e9<br \/>\n    <\/a><\/p>\n<p class=\"fig-paragraph\">En premi\u00e8re lecture il y a un an et demi, les eurod\u00e9put\u00e9s avaient vot\u00e9 pour des objectifs plus ambitieux &#8211; 40 et 20% &#8211; mais il a fallu sceller un compromis avec la Commission et les 27 dans la version d\u00e9finitive. Les professionnels de l&rsquo;h\u00f4tellerie et la\u00a0<a href=\"http:\/\/www.lefigaro.fr\/conso\/l-effet-jo-n-a-pas-eu-lieu-thierry-marx-deplore-un-ete-morose-pour-la-restauration-et-l-hotellerie-20250821\" data-fig-type=\"NewsFlash\" data-gtm-custom-categorie=\"navigation\" data-gtm-custom-action=\"crossclick\" data-gtm-custom-label=\"Contextuel\" data-gtm-event=\"customEventSPE\" data-fig-domain=\"LEFIGARO\" target=\"_blank\" rel=\"noopener\">restauration\u00a0<\/a>souhaitaient, eux, \u00e9viter des objectifs contraignants et s&rsquo;en tenir \u00e0 de la p\u00e9dagogie. \u00abLa cl\u00e9 r\u00e9side surtout dans la sensibilisation y compris celle des consommateurs\u00a0: plus de 50% du gaspillage alimentaire en Europe se produit au niveau des m\u00e9nages\u00bb, estime Marine Thizon, \u00e0 l&rsquo;Hotrec, le lobby europ\u00e9en des h\u00f4tels, restaurants et caf\u00e9s.<\/p>\n<p>Aucun objectif pour le secteur agricole<\/p>\n<p class=\"fig-paragraph\">Afin d&rsquo;atteindre leurs objectifs, les \u00c9tats pourront choisir des programmes de pr\u00e9vention adapt\u00e9s \u00e0 l&rsquo;organisation de leur secteur agroalimentaire. \u00abL&rsquo;id\u00e9e est d&rsquo;adopter des solutions cibl\u00e9es (&#8230;) mettre en valeur les fruits et l\u00e9gumes +moches+ (que la grande distribution ne met pas sur ses \u00e9tals), clarifier l&rsquo;\u00e9tiquetage, donner les invendus encore consommables\u00bb aux banques alimentaires et aux associations, explique l&rsquo;eurod\u00e9put\u00e9e polonaise Anna Zalewska (ECR), rapporteure du texte.<\/p>\n<p class=\"fig-paragraph\">Aucun objectif n&rsquo;est en revanche assign\u00e9 au secteur agricole, ce que d\u00e9noncent des ONG comme le\u00a0<a href=\"http:\/\/www.lefigaro.fr\/sciences\/nous-assistons-a-la-destruction-d-un-ecosysteme-de-recherche-deux-scientifiques-alertent-sur-la-methode-trumpienne-20250411\" data-fig-type=\"Article\" data-gtm-custom-categorie=\"navigation\" data-gtm-custom-action=\"crossclick\" data-gtm-custom-label=\"Contextuel\" data-gtm-event=\"customEventSPE\" data-fig-domain=\"LEFIGARO\" target=\"_blank\" rel=\"noopener\">WWF<\/a>. Apr\u00e8s les d\u00e9chets des m\u00e9nages et de l&rsquo;industrie agroalimentaire, \u00ables pertes qui surviennent avant, pendant et apr\u00e8s la r\u00e9colte ou l&rsquo;\u00e9levage repr\u00e9sentent une part consid\u00e9rable du gaspillage alimentaire tout au long de la cha\u00eene de valeur\u00bb, souligne cette organisation environnementale. Cette loi vient r\u00e9viser une directive qui existe depuis 2008 sur les d\u00e9chets dans l&rsquo;UE. Et \u00e0 l&rsquo;initiative des eurod\u00e9put\u00e9s, elle y int\u00e8gre un secteur qui n&rsquo;y figurait pas auparavant: l&rsquo;industrie textile.<\/p>\n<p>Shein, embl\u00e8me des d\u00e9rives<\/p>\n<p class=\"fig-paragraph\">Dans une logique de pollueur-payeur, les producteurs du secteur devront s&rsquo;assurer de la collecte, du tri et du recyclage des v\u00eatements en fin de vie et les prendre en charge financi\u00e8rement. L\u00e0 encore, il reviendra aux \u00c9tats de d\u00e9terminer les \u00e9ventuels frais dont devront s&rsquo;acquitter les producteurs. L&rsquo;Union europ\u00e9enne met notamment en avant l&rsquo;impact de la production textile sur la consommation d&rsquo;eau: la fabrication d&rsquo;un t-shirt en coton n\u00e9cessite 2.700 litres d&rsquo;eau douce (en comptant l&rsquo;irrigation agricole), de quoi couvrir les besoins en eau potable d&rsquo;une personne pendant 2 ans et demi. Le Parlement europ\u00e9en cible en particulier la mode \u00abultra-\u00e9ph\u00e9m\u00e8re\u00bb, la fast fashion, v\u00eatements \u00e0 bas co\u00fbts souvent venus de Chine.<\/p>\n<p class=\"fig-body-link\">\n            \u00c0 lire aussi<br \/>\n        <a class=\"fig-body-link__link\" href=\"http:\/\/www.lefigaro.fr\/economie\/ultra-fast-fashion-les-ventes-de-shein-superieures-a-10-milliards-de-dollars-20250731\" data-fig-type=\"Article\" data-gtm-custom-categorie=\"navigation\" data-gtm-custom-action=\"crossclick\" data-gtm-custom-label=\"Contextuel\" data-gtm-event=\"customEventSPE\" data-fig-domain=\"LEFIGARO\" target=\"_blank\" rel=\"noopener\">Ultra fast fashion: les ventes de Shein sup\u00e9rieures \u00e0 10 milliards de dollars<br \/>\n    <\/a>\n<\/p>\n<p class=\"fig-paragraph\">Bien qu&rsquo;elle s&rsquo;en d\u00e9fende, la plateforme d&rsquo;origine chinoise Shein est r\u00e9guli\u00e8rement pr\u00e9sent\u00e9e comme un embl\u00e8me des d\u00e9rives sociales et environnementales de cette mode. La Commission europ\u00e9enne a ouvert en f\u00e9vrier une enqu\u00eate contre cette entreprise, soup\u00e7onn\u00e9e de lutter insuffisamment contre la vente de produits ill\u00e9gaux, non respectueux des normes europ\u00e9ennes. Bruxelles souhaite \u00e9galement lutter contre\u00a0<a href=\"http:\/\/www.lefigaro.fr\/conjoncture\/il-y-a-un-risque-qu-on-perde-nos-clients-americains-les-entreprises-canadiennes-assommees-par-la-taxation-des-petits-colis-20250831\" data-fig-type=\"Article\" data-gtm-custom-categorie=\"navigation\" data-gtm-custom-action=\"crossclick\" data-gtm-custom-label=\"Contextuel\" data-gtm-event=\"customEventSPE\" data-fig-domain=\"LEFIGARO\" target=\"_blank\" rel=\"noopener\">l&rsquo;afflux massif de petits colis<\/a>\u00a0bon march\u00e9 sur son territoire, avec une proposition encore \u00e0 l&rsquo;\u00e9tude visant \u00e0 imposer une taxe de deux euros par colis. L&rsquo;an dernier, 4,6 milliards de colis de ce type sont entr\u00e9s dans l&rsquo;UE &#8211; soit plus de 145 par seconde &#8211; dont 91% provenant de Chine.<\/p>\n","protected":false},"excerpt":{"rendered":"Apr\u00e8s de longs mois de tractations, la loi contre le gaspillage alimentaire et les d\u00e9chets textiles doit \u00eatre&hellip;\n","protected":false},"author":2,"featured_media":377106,"comment_status":"","ping_status":"","sticky":false,"template":"","format":"standard","meta":{"footnotes":""},"categories":[1586],"tags":[11,3008,1777,674,1779,1011,27,256,12,25,1778,364],"class_list":{"0":"post-377105","1":"post","2":"type-post","3":"status-publish","4":"format-standard","5":"has-post-thumbnail","7":"category-europe","8":"tag-actualites","9":"tag-dechets","10":"tag-eu","11":"tag-europe","12":"tag-european-union","13":"tag-fr","14":"tag-france","15":"tag-gaspillage-alimentaire","16":"tag-news","17":"tag-republique-francaise","18":"tag-ue","19":"tag-union-europeenne"},"share_on_mastodon":{"url":"https:\/\/pubeurope.com\/@fr\/115173017804716014","error":""},"_links":{"self":[{"href":"https:\/\/www.europesays.com\/fr\/wp-json\/wp\/v2\/posts\/377105","targetHints":{"allow":["GET"]}}],"collection":[{"href":"https:\/\/www.europesays.com\/fr\/wp-json\/wp\/v2\/posts"}],"about":[{"href":"https:\/\/www.europesays.com\/fr\/wp-json\/wp\/v2\/types\/post"}],"author":[{"embeddable":true,"href":"https:\/\/www.europesays.com\/fr\/wp-json\/wp\/v2\/users\/2"}],"replies":[{"embeddable":true,"href":"https:\/\/www.europesays.com\/fr\/wp-json\/wp\/v2\/comments?post=377105"}],"version-history":[{"count":0,"href":"https:\/\/www.europesays.com\/fr\/wp-json\/wp\/v2\/posts\/377105\/revisions"}],"wp:featuredmedia":[{"embeddable":true,"href":"https:\/\/www.europesays.com\/fr\/wp-json\/wp\/v2\/media\/377106"}],"wp:attachment":[{"href":"https:\/\/www.europesays.com\/fr\/wp-json\/wp\/v2\/media?parent=377105"}],"wp:term":[{"taxonomy":"category","embeddable":true,"href":"https:\/\/www.europesays.com\/fr\/wp-json\/wp\/v2\/categories?post=377105"},{"taxonomy":"post_tag","embeddable":true,"href":"https:\/\/www.europesays.com\/fr\/wp-json\/wp\/v2\/tags?post=377105"}],"curies":[{"name":"wp","href":"https:\/\/api.w.org\/{rel}","templated":true}]}}