{"id":377112,"date":"2025-09-09T06:55:14","date_gmt":"2025-09-09T06:55:14","guid":{"rendered":"https:\/\/www.europesays.com\/fr\/377112\/"},"modified":"2025-09-09T06:55:14","modified_gmt":"2025-09-09T06:55:14","slug":"adrien-saddier-est-le-nouveau-numero-2-francais-au-classement-mondial","status":"publish","type":"post","link":"https:\/\/www.europesays.com\/fr\/377112\/","title":{"rendered":"Adrien Saddier est le nouveau num\u00e9ro 2 Fran\u00e7ais au classement mondial"},"content":{"rendered":"<p>\t\t\t\t\t\t Partager cet article <\/p>\n<p class=\"screen-reader-text juiz_sps_maybe_hidden_text\">Partager la publication \u00ab\u00a0Adrien Saddier est le nouveau num\u00e9ro 2 Fran\u00e7ais au classement mondial\u00a0\u00bb<\/p>\n<p><strong>Malgr\u00e9 la d\u00e9ception d\u2019avoir d\u00fb se contenter de la cinqui\u00e8me place au K Club dimanche alors qu\u2019il abordait en t\u00eate le dernier tour, Adrien Saddier confirme qu\u2019il est l\u2019homme en forme du moment du clan tricolore. Une mont\u00e9e en puissance qui se traduit au classement mondial de cette semaine.<\/strong><\/p>\n<p>\t\t\t\t\t<a id=\"184458\" href=\"https:\/\/www.lacoste.com\/fr\/lacoste\/decouvrez\/sport-collections\/golf\/\" target=\"_blank\" rel=\"sponsorised nofollow noopener\"><img decoding=\"async\" src=\"data:image\/svg+xml,%3Csvg%20xmlns=\" http:=\"\" class=\"img-responsive\" alt=\"\" data-lazy-src=\"https:\/\/www.europesays.com\/fr\/wp-content\/uploads\/2025\/09\/lacoste-e02-collection-golf-1170x275-1.gif\"\/><\/a><\/p>\n<p>Dans le top 30 mondial mise \u00e0 part le recul d\u2019une place de <strong>Bryson<\/strong> <strong>DeChambeau<\/strong> qui profite \u00e0 <strong>Maverick<\/strong> <strong>McNealy<\/strong>, <a href=\"https:\/\/www.golfplanete.com\/actualites\/keegan-bradley-devoile-ses-six-picks-pour-bethpage-et-il-ne-selectionne-pas\/\" rel=\"nofollow noopener\" target=\"_blank\">l\u2019un des oubli\u00e9s de la s\u00e9lection am\u00e9ricain de Ryder Cup<\/a>, c\u2019est le statu-quo. A noter quand m\u00eame qu\u2019avec sa victoire <strong>Rory<\/strong> <strong>McIlroy<\/strong> a r\u00e9duit d\u2019un point le colossal \u00e9cart qui le s\u00e9pare de <strong>Scottie<\/strong> <strong>Scheffler<\/strong>.<\/p>\n<p>\u00a0<\/p>\n<p>\u00a0<\/p>\n<p>Chez les Fran\u00e7ais l\u2019information principale concerne <strong>Adrien<\/strong> <strong>Saddier<\/strong>. Le Haut-Savoyad atteint son meilleur classement en carri\u00e8re et grimpe \u00e0 la 120e place en progr\u00e8s de 12 places.<\/p>\n<p>Il devance d\u00e9sormais <strong>Matthieu<\/strong> <strong>Pavon<\/strong> et pourrait profiter d\u2019un bon r\u00e9sultat \u00e0 Wentworth cette semaine pour marquer encore de pr\u00e9cieux points et se rapprocher encore de <strong>Victor<\/strong> <strong>Perez,<\/strong> 115e avec simplement 4\/100e d\u2019avance.<\/p>\n<p>En effet, et c\u2019est assez rarer pour le signaler, il y a plus de points mondiaux en jeu au <strong>BMW PGA Championship<\/strong> sur le<strong> DP World Tour<\/strong> qu\u2019au <strong>Procore Championship <\/strong>sur le <strong>PGA Tour<\/strong><\/p>\n<p>\t\t\t\t\t<a id=\"184740\" href=\"https:\/\/leclub-golf.com\/fr\/actualites\/en-septembre-achetez-votre-carte-classic-et-tentez-de-gagner-votre-abonnement-de-golf?utm_source=golf+planete&amp;utm_medium=referral&amp;utm_campaign=gagner+un+abonnement+golf&amp;utm_id=gagner+un+abonnement+golf_golf+planete_referral_banner\" target=\"_blank\" rel=\"sponsorised nofollow noopener\"><img decoding=\"async\" src=\"data:image\/svg+xml,%3Csvg%20xmlns=\" http:=\"\" class=\"img-responsive\" alt=\"\" data-lazy-src=\"https:\/\/www.europesays.com\/fr\/wp-content\/uploads\/2025\/09\/leclubgolf-e11-niveau-superieur-v2-1170x275-1.gif\"\/><\/a>\t\t\t\t<\/p>\n","protected":false},"excerpt":{"rendered":"Partager cet article Partager la publication \u00ab\u00a0Adrien Saddier est le nouveau num\u00e9ro 2 Fran\u00e7ais au classement mondial\u00a0\u00bb Malgr\u00e9&hellip;\n","protected":false},"author":2,"featured_media":377113,"comment_status":"","ping_status":"","sticky":false,"template":"","format":"standard","meta":{"footnotes":""},"categories":[1418],"tags":[1011,27,1472,60],"class_list":{"0":"post-377112","1":"post","2":"type-post","3":"status-publish","4":"format-standard","5":"has-post-thumbnail","7":"category-golf","8":"tag-fr","9":"tag-france","10":"tag-golf","11":"tag-sports"},"share_on_mastodon":{"url":"https:\/\/pubeurope.com\/@fr\/115173033430172016","error":""},"_links":{"self":[{"href":"https:\/\/www.europesays.com\/fr\/wp-json\/wp\/v2\/posts\/377112","targetHints":{"allow":["GET"]}}],"collection":[{"href":"https:\/\/www.europesays.com\/fr\/wp-json\/wp\/v2\/posts"}],"about":[{"href":"https:\/\/www.europesays.com\/fr\/wp-json\/wp\/v2\/types\/post"}],"author":[{"embeddable":true,"href":"https:\/\/www.europesays.com\/fr\/wp-json\/wp\/v2\/users\/2"}],"replies":[{"embeddable":true,"href":"https:\/\/www.europesays.com\/fr\/wp-json\/wp\/v2\/comments?post=377112"}],"version-history":[{"count":0,"href":"https:\/\/www.europesays.com\/fr\/wp-json\/wp\/v2\/posts\/377112\/revisions"}],"wp:featuredmedia":[{"embeddable":true,"href":"https:\/\/www.europesays.com\/fr\/wp-json\/wp\/v2\/media\/377113"}],"wp:attachment":[{"href":"https:\/\/www.europesays.com\/fr\/wp-json\/wp\/v2\/media?parent=377112"}],"wp:term":[{"taxonomy":"category","embeddable":true,"href":"https:\/\/www.europesays.com\/fr\/wp-json\/wp\/v2\/categories?post=377112"},{"taxonomy":"post_tag","embeddable":true,"href":"https:\/\/www.europesays.com\/fr\/wp-json\/wp\/v2\/tags?post=377112"}],"curies":[{"name":"wp","href":"https:\/\/api.w.org\/{rel}","templated":true}]}}