{"id":377118,"date":"2025-09-09T06:59:11","date_gmt":"2025-09-09T06:59:11","guid":{"rendered":"https:\/\/www.europesays.com\/fr\/377118\/"},"modified":"2025-09-09T06:59:11","modified_gmt":"2025-09-09T06:59:11","slug":"basket-alexandre-sarr-forfait-pour-le-reste-de-la-competition","status":"publish","type":"post","link":"https:\/\/www.europesays.com\/fr\/377118\/","title":{"rendered":"Basket : Alexandre Sarr forfait pour le reste de la comp\u00e9tition"},"content":{"rendered":"<p>Nouveau coup dur pour l&rsquo;\u00e9quipe de France : l&rsquo;int\u00e9rieur Alexandre Sarr, touch\u00e9 au mollet, est forfait pour la suite de l&rsquo;Euro de basket, a indiqu\u00e9 la F\u00e9d\u00e9ration fran\u00e7aise (FFBB) ce mardi.<\/p>\n<p>Ce forfait affaibli un peu plus les <b><a href=\"https:\/\/www.flashscore.fr\/equipe\/france\/dS5MsX25\/\" target=\"_blank\" rel=\"noopener\">Bleus<\/a><\/b>, dont le secteur int\u00e9rieur avait d\u00e9j\u00e0 \u00e9t\u00e9 amoindri avant l&rsquo;<b>Euro<\/b> avec les forfaits de <b><a href=\"https:\/\/www.flashscore.fr\/joueur\/wembanyama-victor\/jFmM1MFl\/\" target=\"_blank\" rel=\"noopener\">Victor Wembanyama<\/a><\/b>, <b><a href=\"https:\/\/www.flashscore.fr\/joueur\/gobert-rudy\/boMyt82G\/\" target=\"_blank\" rel=\"noopener\">Rudy Gobert<\/a><\/b>, <b><a href=\"https:\/\/www.flashscore.fr\/joueur\/lessort-mathias\/jBTJIqR2\/\" target=\"_blank\" rel=\"noopener\">Mathias Lessort<\/a><\/b>, et derni\u00e8rement <b><a href=\"https:\/\/www.flashscore.fr\/joueur\/poirier-vincent\/E7gB1tsj\/\" target=\"_blank\" rel=\"noopener\">Vincent Poirier<\/a><\/b>.<\/p>\n<p>Le joueur de 20 ans, qui disputait \u00e0 Katowice sa premi\u00e8re comp\u00e9tition internationale avec l&rsquo;\u00e9quipe senior, a \u00e9t\u00e9 touch\u00e9 au mollet gauche samedi contre la <b><a href=\"https:\/\/www.flashscore.fr\/equipe\/slovenie\/vHfUe4nd\/\" target=\"_blank\" rel=\"noopener\">Slov\u00e9nie<\/a><\/b> et laiss\u00e9 au repos le lendemain pour le match contre <b><a href=\"https:\/\/www.flashscore.fr\/equipe\/israel\/Q7cwvk2U\/\" target=\"_blank\" rel=\"noopener\">Isra\u00ebl<\/a><\/b>. <b>\u00ab\u00a0Le staff m\u00e9dical a pu, depuis, proc\u00e9der \u00e0 divers examens qui ont r\u00e9v\u00e9l\u00e9 une l\u00e9sion dont le d\u00e9lai de cicatrisation est incompatible\u00a0\u00bb<\/b> avec sa participation \u00e0 la suite de l&rsquo;<b>Euro<\/b>, a \u00e9crit la <b>FFBB<\/b> dans un communiqu\u00e9.<\/p>\n<p>Si son s\u00e9lectionneur <b>Fr\u00e9d\u00e9ric Fauthoux<\/b> avait \u00e9voqu\u00e9 lundi des examens m\u00e9dicaux \u00e0 passer et une petite chance de le revoir contre la <b><a href=\"https:\/\/www.flashscore.fr\/equipe\/pologne\/G6eedmug\/\" target=\"_blank\" rel=\"noopener\">Pologne<\/a><\/b> ce mardi, <b><a href=\"https:\/\/www.flashscore.fr\/joueur\/sarr-alexandre\/2VeAQvo4\/\" target=\"_blank\" rel=\"noopener\">Alexandre Sarr<\/a><\/b> ne s&rsquo;\u00e9tait ensuite pas entra\u00een\u00e9 avec ses co\u00e9quipiers.<\/p>\n","protected":false},"excerpt":{"rendered":"Nouveau coup dur pour l&rsquo;\u00e9quipe de France : l&rsquo;int\u00e9rieur Alexandre Sarr, touch\u00e9 au mollet, est forfait pour la&hellip;\n","protected":false},"author":2,"featured_media":377119,"comment_status":"","ping_status":"","sticky":false,"template":"","format":"standard","meta":{"footnotes":""},"categories":[1414],"tags":[1465,1464,1011,27,60],"class_list":{"0":"post-377118","1":"post","2":"type-post","3":"status-publish","4":"format-standard","5":"has-post-thumbnail","7":"category-basket","8":"tag-basket","9":"tag-basketball","10":"tag-fr","11":"tag-france","12":"tag-sports"},"share_on_mastodon":{"url":"https:\/\/pubeurope.com\/@fr\/115173049252544129","error":""},"_links":{"self":[{"href":"https:\/\/www.europesays.com\/fr\/wp-json\/wp\/v2\/posts\/377118","targetHints":{"allow":["GET"]}}],"collection":[{"href":"https:\/\/www.europesays.com\/fr\/wp-json\/wp\/v2\/posts"}],"about":[{"href":"https:\/\/www.europesays.com\/fr\/wp-json\/wp\/v2\/types\/post"}],"author":[{"embeddable":true,"href":"https:\/\/www.europesays.com\/fr\/wp-json\/wp\/v2\/users\/2"}],"replies":[{"embeddable":true,"href":"https:\/\/www.europesays.com\/fr\/wp-json\/wp\/v2\/comments?post=377118"}],"version-history":[{"count":0,"href":"https:\/\/www.europesays.com\/fr\/wp-json\/wp\/v2\/posts\/377118\/revisions"}],"wp:featuredmedia":[{"embeddable":true,"href":"https:\/\/www.europesays.com\/fr\/wp-json\/wp\/v2\/media\/377119"}],"wp:attachment":[{"href":"https:\/\/www.europesays.com\/fr\/wp-json\/wp\/v2\/media?parent=377118"}],"wp:term":[{"taxonomy":"category","embeddable":true,"href":"https:\/\/www.europesays.com\/fr\/wp-json\/wp\/v2\/categories?post=377118"},{"taxonomy":"post_tag","embeddable":true,"href":"https:\/\/www.europesays.com\/fr\/wp-json\/wp\/v2\/tags?post=377118"}],"curies":[{"name":"wp","href":"https:\/\/api.w.org\/{rel}","templated":true}]}}