{"id":377120,"date":"2025-09-09T07:00:12","date_gmt":"2025-09-09T07:00:12","guid":{"rendered":"https:\/\/www.europesays.com\/fr\/377120\/"},"modified":"2025-09-09T07:00:12","modified_gmt":"2025-09-09T07:00:12","slug":"motogp-yamaha-pousse-miguel-oliveira-dehors-mais-pourrait-le-recuperer-en-superbike","status":"publish","type":"post","link":"https:\/\/www.europesays.com\/fr\/377120\/","title":{"rendered":"MotoGP : Yamaha pousse Miguel Oliveira dehors\u2026 mais pourrait le r\u00e9cup\u00e9rer en Superbike"},"content":{"rendered":"<p><strong>Le Grand Prix de Catalogne a eu un go\u00fbt amer pour Miguel<br \/>\nOliveira. Le pilote portugais vient de signer son meilleur r\u00e9sultat<br \/>\nde la saison \u2014 une neuvi\u00e8me place, deuxi\u00e8me Yamaha derri\u00e8re Fabio<br \/>\nQuartararo \u2014 au moment m\u00eame o\u00f9 son avenir en MotoGP<br \/>\ns\u2019effondre.<\/strong><\/p>\n<p>Car la nouvelle est tomb\u00e9e : <strong>Jack Miller<\/strong><br \/>\noccupera le dernier baquet Pramac pour 2026, \u00e0 la place<br \/>\nd\u2019<strong>Oliveira<\/strong>. Le Portugais se retrouve ainsi sans<br \/>\nguidon pour la premi\u00e8re fois depuis ses d\u00e9buts en cat\u00e9gorie reine<br \/>\nil y a sept ans.<\/p>\n<p>Pour comprendre ce choix, il faut regarder le profil des deux<br \/>\npilotes. <strong>Miller<\/strong>, avec ses <strong>11<br \/>\nsaisons<\/strong> d\u2019exp\u00e9rience, a roul\u00e9 pour <strong>Honda,<br \/>\nDucati<\/strong> et <strong>KTM<\/strong>. Une polyvalence pr\u00e9cieuse<br \/>\npour <strong>Yamaha<\/strong> au moment d\u2019introduire son tant<br \/>\nattendu <strong>moteur V4<\/strong>. \u00ab Avec 11 saisons<br \/>\nd\u2019exp\u00e9rience \u00e0 son actif, <strong>Miller apporte beaucoup de<br \/>\nconnaissances \u00e0 Pramac<\/strong>, qui peuvent \u00eatre utilis\u00e9es pour<br \/>\naider \u00e0 d\u00e9velopper le nouveau V4 de Yamaha \u00bb, explique-t-on<br \/>\ndans le paddock.<\/p>\n<p><strong>Oliveira<\/strong>, lui, n\u2019a que <strong>sept<br \/>\nsaisons<\/strong> et quatre campagnes de moins au compteur. Son<br \/>\nbagage technique est jug\u00e9 plus limit\u00e9. R\u00e9sultat : \u00ab Miller a la<br \/>\nchance de prouver qu\u2019il m\u00e9rite de rester sur la grille d\u2019ici<br \/>\nl\u2019arriv\u00e9e de la nouvelle r\u00e9glementation en 2027, tandis qu\u2019Oliveira<br \/>\ndoit maintenant chercher un chemin de retour improbable \u00bb,<br \/>\nr\u00e9sume un observateur.<\/p>\n<p><img loading=\"lazy\" decoding=\"async\" class=\"aligncenter wp-image-1327700\" src=\"https:\/\/www.europesays.com\/fr\/wp-content\/uploads\/2025\/09\/Oliveira-2.jpg\" alt=\"Miguel Oliveira \" width=\"923\" height=\"464\"  \/><\/p>\n<p><strong>Yamaha critiqu\u00e9e pour un \u00ab<br \/>\ncoup bas \u00bb \u00e0 l\u2019encontre de Miguel Oliveira qui pourrait remplacer<br \/>\npourtant Jonathan Rea sur la R1<\/strong><\/p>\n<p>Cette annonce a provoqu\u00e9 une onde de choc chez les fans.<br \/>\nBeaucoup d\u00e9noncent un \u00ab coup bas \u00bb de <strong>Yamaha<\/strong> et<br \/>\npeinent \u00e0 croire qu\u2019<strong>Oliveira<\/strong>, malgr\u00e9 sa<br \/>\ncombativit\u00e9 et son style spectaculaire, soit \u00e9cart\u00e9 aussi<br \/>\nbrutalement. Sur les r\u00e9seaux, nombreux sont ceux qui rappellent<br \/>\nqu\u2019il revenait tout juste d\u2019une blessure d\u00e9vastatrice qui l\u2019avait<br \/>\nforc\u00e9 \u00e0 manquer quatre courses.<\/p>\n<p>Mais l\u2019histoire n\u2019est peut-\u00eatre pas termin\u00e9e. Le commentateur<br \/>\nGavin Emmett a l\u00e2ch\u00e9 une bombe sur TNT Sports en Catalogne : \u00ab<br \/>\n<strong>j\u2019ai \u00e9galement entendu dire que Yamaha essayait<br \/>\ntoujours de le garder, peut-\u00eatre comme pilote de World Superbike<br \/>\npour remplacer Johnny Rea, qui part \u00e0 la retraite<\/strong>.<br \/>\n\u00bb<\/p>\n<p>Un sc\u00e9nario cr\u00e9dible : <a href=\"https:\/\/www.paddock-gp.com\/motogp-catalogne-j1-fabio-quartararo-yamaha-11-nous-testerons-le-v4-des-lundi\/\" target=\"_blank\" rel=\"noopener\"><br \/>\n<strong>Yamaha<\/strong><\/a> pr\u00e9pare un grand virage avec son V4, et<br \/>\nvoir <strong>Oliveira<\/strong> se relancer en WorldSBK pourrait<br \/>\n\u00eatre une mani\u00e8re de conserver son exp\u00e9rience tout en l\u2019\u00e9loignant du<br \/>\nMotoGP.<\/p>\n<p>\u00c0 30 ans, <strong>Oliveira<\/strong> semble condamn\u00e9 \u00e0 quitter la<br \/>\ngrille MotoGP, sauf retournement de situation. Un transfert en<br \/>\nSuperbike lui offrirait une nouvelle opportunit\u00e9, mais refermerait<br \/>\npresque d\u00e9finitivement la porte du MotoGP.<\/p>\n<p>Pour l\u2019instant, son neuvi\u00e8me rang en <a href=\"https:\/\/www.paddock-gp.com\/motogp-catalogne-course-live-4\/\" target=\"_blank\" rel=\"noopener\"><strong><br \/>\nCatalogne<\/strong><\/a> ressemble \u00e0 un baroud d\u2019honneur. Un rappel<br \/>\nqu\u2019il reste un pilote capable de briller\u2026 m\u00eame si son avenir en<br \/>\nbleu se jouera peut-\u00eatre loin des projecteurs du <a href=\"https:\/\/www.motogp.com\/en\" target=\"_blank\" rel=\"noopener\">MotoGP<\/a>.<\/p>\n<p><img loading=\"lazy\" decoding=\"async\" class=\"aligncenter wp-image-1327702\" src=\"https:\/\/www.europesays.com\/fr\/wp-content\/uploads\/2025\/09\/Oliveira-1-1.jpg\" alt=\"Miguel Oliveira \" width=\"934\" height=\"520\"  \/><\/p>\n","protected":false},"excerpt":{"rendered":"Le Grand Prix de Catalogne a eu un go\u00fbt amer pour Miguel Oliveira. Le pilote portugais vient de&hellip;\n","protected":false},"author":2,"featured_media":377121,"comment_status":"","ping_status":"","sticky":false,"template":"","format":"standard","meta":{"footnotes":""},"categories":[1413],"tags":[1011,27,1457,1456,60],"class_list":{"0":"post-377120","1":"post","2":"type-post","3":"status-publish","4":"format-standard","5":"has-post-thumbnail","7":"category-moto","8":"tag-fr","9":"tag-france","10":"tag-moto","11":"tag-motocycle","12":"tag-sports"},"share_on_mastodon":{"url":"https:\/\/pubeurope.com\/@fr\/115173053517837311","error":""},"_links":{"self":[{"href":"https:\/\/www.europesays.com\/fr\/wp-json\/wp\/v2\/posts\/377120","targetHints":{"allow":["GET"]}}],"collection":[{"href":"https:\/\/www.europesays.com\/fr\/wp-json\/wp\/v2\/posts"}],"about":[{"href":"https:\/\/www.europesays.com\/fr\/wp-json\/wp\/v2\/types\/post"}],"author":[{"embeddable":true,"href":"https:\/\/www.europesays.com\/fr\/wp-json\/wp\/v2\/users\/2"}],"replies":[{"embeddable":true,"href":"https:\/\/www.europesays.com\/fr\/wp-json\/wp\/v2\/comments?post=377120"}],"version-history":[{"count":0,"href":"https:\/\/www.europesays.com\/fr\/wp-json\/wp\/v2\/posts\/377120\/revisions"}],"wp:featuredmedia":[{"embeddable":true,"href":"https:\/\/www.europesays.com\/fr\/wp-json\/wp\/v2\/media\/377121"}],"wp:attachment":[{"href":"https:\/\/www.europesays.com\/fr\/wp-json\/wp\/v2\/media?parent=377120"}],"wp:term":[{"taxonomy":"category","embeddable":true,"href":"https:\/\/www.europesays.com\/fr\/wp-json\/wp\/v2\/categories?post=377120"},{"taxonomy":"post_tag","embeddable":true,"href":"https:\/\/www.europesays.com\/fr\/wp-json\/wp\/v2\/tags?post=377120"}],"curies":[{"name":"wp","href":"https:\/\/api.w.org\/{rel}","templated":true}]}}