{"id":377134,"date":"2025-09-09T07:07:10","date_gmt":"2025-09-09T07:07:10","guid":{"rendered":"https:\/\/www.europesays.com\/fr\/377134\/"},"modified":"2025-09-09T07:07:10","modified_gmt":"2025-09-09T07:07:10","slug":"ce-quil-faut-savoir-sur-le-love-is-blind-francais","status":"publish","type":"post","link":"https:\/\/www.europesays.com\/fr\/377134\/","title":{"rendered":"Ce qu\u2019il faut savoir sur le \u00ab\u00a0Love Is Blind\u00a0\u00bb fran\u00e7ais"},"content":{"rendered":"<p>Depuis son lancement, aux Etats-Unis, en\u00a02020, \u00ab\u00a0Love Is Blind\u00a0\u00bb a connu huit saisons et s\u2019est d\u00e9clin\u00e9e dans une dizaine de pays, de l\u2019Argentine aux Emirats arabes unis en passant par le Japon, l\u2019Allemagne et le Royaume-Uni. C\u2019est d\u00e9sormais au tour de la France d\u2019adapter le concept matrimonial le plus populaire de <a href=\"https:\/\/www.20minutes.fr\/dossier\/netflix\" class=\"c-link c-link--is-underlined\" target=\"_blank\" rel=\"noopener\">Netflix<\/a>.<\/p>\n<p>Les quatre premiers \u00e9pisodes de la version tricolore, <a href=\"https:\/\/www.20minutes.fr\/arts-stars\/television\/4122687-20241121-love-is-blind-teddy-riner-compagne-animeront-version-francaise-emission\" class=\"c-link c-link--is-underlined\" target=\"_blank\" rel=\"noopener\">pr\u00e9sent\u00e9e par Teddy Riner et Luthna Plocus, en couple \u00e0 la ville<\/a>, sont disponibles depuis ce mercredi 10\u00a0septembre et une nouvelle salve sera mise en ligne tous les mercredis jusqu\u2019\u00e0 l\u2019\u00e9pilogue annonc\u00e9 pour le 1er\u00a0octobre sur la plateforme.<\/p>\n<p>Pourquoi l\u2019\u00e9mission ne s\u2019appelle-t-elle pas \u00ab\u00a0Love Is Blind France\u00a0\u00bb\u00a0?<\/p>\n<p>La France se distingue des autres pays en intitulant son adaptation \u00ab\u00a0Pour le meilleur et \u00e0 l\u2019aveugle\u00a0\u00bb, sans doute parce que la marque \u00ab\u00a0L\u2019amour est aveugle\u00a0\u00bb &#8211; la traduction francophone de \u00ab\u00a0Love Is Blind\u00a0\u00bb appartient \u00e0 Endemol qui a produit trois saisons d\u2019une t\u00e9l\u00e9r\u00e9alit\u00e9 sous ce nom pour TF1 entre\u00a02010 et\u00a02014. Mais au-del\u00e0 de \u00e7a, l\u2019avatar fran\u00e7ais est en tout point semblable \u00e0 celui du concept original.<\/p>\n<p>Quelle est la m\u00e9canique\u00a0?<\/p>\n<p>Quinze hommes et quinze femmes c\u00e9libataires, \u00e2g\u00e9s de 30 \u00e0 39 ans, sont invit\u00e9s \u00e0 faire connaissance sans se voir. Chaque candidat s\u2019installe dans un \u00ab\u00a0pod\u00a0\u00bb, un confortable petit salon, o\u00f9 il peut discuter avec la candidate du \u00ab\u00a0pod\u00a0\u00bb d\u2019en face, sans qu\u2019aucun des deux ne sache \u00e0 quoi ressemble l\u2019autre. Au bout de plusieurs jours, un c\u00e9libataire peut demander en fian\u00e7ailles son coup de c\u0153ur et la d\u00e9couvrir en chair et en os. Les couples form\u00e9s s\u2019envolent ensuite pour un s\u00e9jour au Maroc, puis cohabitent plusieurs semaines \u00e0 Paris. Si l\u2019alchimie est intacte, l\u2019ultime \u00e9tape est celle du mariage, devant les cam\u00e9ras.<\/p>\n<p>En quoi \u00ab\u00a0Pour le meilleur et \u00e0 l\u2019aveugle\u00a0\u00bb se distingue-t-elle\u00a0?<\/p>\n<p>Rapidement r\u00e9sum\u00e9 ainsi, le concept en \u00e9voque d\u2019autres tels que \u00ab\u00a0L\u2019amour est aveugle\u00a0\u00bb ou \u00ab\u00a0<a href=\"https:\/\/www.20minutes.fr\/arts-stars\/television\/maries-premier-regard\/\" class=\"c-link c-link--is-underlined\" target=\"_blank\" rel=\"noopener\">Mari\u00e9s au premier regard<\/a>\u00a0\u00bb. L\u00e0 o\u00f9 \u00ab\u00a0Pour le meilleur et \u00e0 l\u2019aveugle\u00a0\u00bb se d\u00e9marque, c\u2019est dans le profil des trente c\u00e9libataires. Ici, ils sont trentenaires, exercent des m\u00e9tiers tels que manager informatique, entrepreneur dans le digital, architecte d\u2019int\u00e9rieur, entrepreneuse artisan glacier, coordinatrice artistique, juriste ou g\u00e9rant de fonds d\u2019investissement. Le casting refl\u00e8te bien davantage la diversit\u00e9 de la population fran\u00e7aise que les autres \u00e9missions \u00e9voqu\u00e9es, avec un grand nombre de personnes racis\u00e9es. Certains sont des parents c\u00e9libataires et la majorit\u00e9 semblent \u00eatre r\u00e9ellement motiv\u00e9s par la qu\u00eate de l\u2019\u00e2me s\u0153ur plut\u00f4t que par le fait de passer \u00e0 la t\u00e9l\u00e9 (ou sur Netflix).<\/p>\n<\/p>\n<p>Ils semblent, du moins lors des premiers \u00e9pisodes que 20 Minutes a pu visionner, faire preuve d\u2019une maturit\u00e9 relationnelle les aidant \u00e0 savoir avec quel genre de personnes ils souhaitent passer leur vie. Le montage donne \u00e0 voir de brefs extraits de discussions sur la religion ou des questions pratiques telles que l\u2019ouverture d\u2019un compte commun mais \u00e9lude la dimension politique &#8211; \u00e0 peine entend-on un \u00ab\u00a0Donc, tu es de gauche\u00a0?\u00a0\u00bb. L\u2019accent est mis sur les ressentis, les feelings fusionnels, les traumas pass\u00e9s et les promesses de soutien sans faille\u2026<\/p>\n<p>Et la t\u00e9l\u00e9r\u00e9alit\u00e9 dans tout \u00e7a\u00a0?<\/p>\n<p>Une fois sortis de leurs cocons, les couples sont donc convi\u00e9s \u00e0 se frotter \u00e0 l\u2019\u00e9preuve du quotidien. Les codes de la <a href=\"https:\/\/www.20minutes.fr\/dossier\/telerealite\" class=\"c-link c-link--is-underlined\" target=\"_blank\" rel=\"noopener\">t\u00e9l\u00e9r\u00e9alit\u00e9<\/a> reprennent alors leur place. Des tensions, voire des disputes ne tardent pas \u00e0 appara\u00eetre. Certains \u00ab\u00a0red flags\u00a0\u00bb, ces signaux laissant redouter des comportements toxiques au sein d\u2019un couple, ne peuvent pas non plus rester cach\u00e9s plus longtemps. Le public qui a suivi les autres versions de \u00ab\u00a0Love Is Blind\u00a0\u00bb devrait trouver son compte dans cette adaptation fran\u00e7aise. Et pour les autres, qui d\u00e9couvriront le concept \u00e0 cette occasion, le suspense de la fin de l\u2019\u00e9pisode 4 pourrait s\u2019av\u00e9rer s\u00e9duisant &#8211; \u00e0 moins qu\u2019ils ne se lassent avant.<\/p>\n<p><a href=\"https:\/\/www.20minutes.fr\/arts-stars\/television\/\" class=\"c-link c-btn c-btn--primary\" target=\"_blank\" rel=\"noopener\">Nos articles sur la t\u00e9l\u00e9vision<\/a>Quid du couple \u00e0 l\u2019animation\u00a0?<\/p>\n<p>Difficile en revanche de porter un jugement sur le couple <a href=\"https:\/\/www.20minutes.fr\/sport\/teddy_riner\/\" class=\"c-link c-link--is-underlined\" target=\"_blank\" rel=\"noopener\">Teddy Riner<\/a> et Luthna Plocus \u00e0 l\u2019animation tant ils apparaissent peu \u00e0 l\u2019\u00e9cran lors des premiers \u00e9pisodes que nous avons pu voir. Il \u00e9mane d\u2019eux de bonnes ondes et une \u00e9nergie douce et sympathique capable de mettre \u00e0 l\u2019aise les candidats et candidates, mais il faudra attendre de voir les \u00e9pisodes suivants pour se faire un avis d\u00e9finitif.<\/p>\n","protected":false},"excerpt":{"rendered":"Depuis son lancement, aux Etats-Unis, en\u00a02020, \u00ab\u00a0Love Is Blind\u00a0\u00bb a connu huit saisons et s\u2019est d\u00e9clin\u00e9e dans une&hellip;\n","protected":false},"author":2,"featured_media":377135,"comment_status":"","ping_status":"","sticky":false,"template":"","format":"standard","meta":{"footnotes":""},"categories":[1356],"tags":[1376,1193,58,59,1011,27,127,23046,252,1364],"class_list":{"0":"post-377134","1":"post","2":"type-post","3":"status-publish","4":"format-standard","5":"has-post-thumbnail","7":"category-television","8":"tag-amour","9":"tag-couple","10":"tag-divertissement","11":"tag-entertainment","12":"tag-fr","13":"tag-france","14":"tag-netflix","15":"tag-teddy-riner","16":"tag-television","17":"tag-tv"},"share_on_mastodon":{"url":"https:\/\/pubeurope.com\/@fr\/115173080675342430","error":""},"_links":{"self":[{"href":"https:\/\/www.europesays.com\/fr\/wp-json\/wp\/v2\/posts\/377134","targetHints":{"allow":["GET"]}}],"collection":[{"href":"https:\/\/www.europesays.com\/fr\/wp-json\/wp\/v2\/posts"}],"about":[{"href":"https:\/\/www.europesays.com\/fr\/wp-json\/wp\/v2\/types\/post"}],"author":[{"embeddable":true,"href":"https:\/\/www.europesays.com\/fr\/wp-json\/wp\/v2\/users\/2"}],"replies":[{"embeddable":true,"href":"https:\/\/www.europesays.com\/fr\/wp-json\/wp\/v2\/comments?post=377134"}],"version-history":[{"count":0,"href":"https:\/\/www.europesays.com\/fr\/wp-json\/wp\/v2\/posts\/377134\/revisions"}],"wp:featuredmedia":[{"embeddable":true,"href":"https:\/\/www.europesays.com\/fr\/wp-json\/wp\/v2\/media\/377135"}],"wp:attachment":[{"href":"https:\/\/www.europesays.com\/fr\/wp-json\/wp\/v2\/media?parent=377134"}],"wp:term":[{"taxonomy":"category","embeddable":true,"href":"https:\/\/www.europesays.com\/fr\/wp-json\/wp\/v2\/categories?post=377134"},{"taxonomy":"post_tag","embeddable":true,"href":"https:\/\/www.europesays.com\/fr\/wp-json\/wp\/v2\/tags?post=377134"}],"curies":[{"name":"wp","href":"https:\/\/api.w.org\/{rel}","templated":true}]}}