{"id":377137,"date":"2025-09-09T07:09:09","date_gmt":"2025-09-09T07:09:09","guid":{"rendered":"https:\/\/www.europesays.com\/fr\/377137\/"},"modified":"2025-09-09T07:09:09","modified_gmt":"2025-09-09T07:09:09","slug":"notre-critique-de-mcwalter-mister-v-au-degre-1000-de-la-betise-pour-son-premier-film","status":"publish","type":"post","link":"https:\/\/www.europesays.com\/fr\/377137\/","title":{"rendered":"Notre critique de McWalter\u00a0:\u00a0Mister V au degr\u00e9 1000 de la b\u00eatise pour son premier film"},"content":{"rendered":"<p>Le youtubeur aux 6,4 millions d\u2019abonn\u00e9s tient pour la premi\u00e8re fois un r\u00f4le principal dans un long-m\u00e9trage. Il fait revivre l\u2019un de ses personnages \u00e0 travers une com\u00e9die d\u2019action un peu trop d\u00e9jant\u00e9e.<\/p>\n<p class=\"fig-paragraph\">\u00ab\u00a0Je suis McWalter, tout le monde me conna\u00eet\u00a0\u00bb. Assurance, pr\u00e9tention, mais une d\u00e9bilit\u00e9 totale. Voil\u00e0 comment d\u00e9crire \u00ab\u00a0l\u2019agent secret le moins secret du monde\u00a0\u00bb. Pour son premier grand r\u00f4le dans un long-m\u00e9trage, Yvick Letexier, dit\u00a0<a href=\"https:\/\/www.lefigaro.fr\/medias\/de-grenoble-a-hollywood-mister-v-l-influenceur-cameleon-20230803\" data-fig-type=\"Article\" data-gtm-custom-categorie=\"navigation\" data-gtm-custom-action=\"crossclick\" data-gtm-custom-label=\"Contextuel\" data-gtm-event=\"customEventSPE\" data-fig-domain=\"LEFIGARO\" rel=\"nofollow noopener\" target=\"_blank\">Mister V<\/a>\u00a0sur les r\u00e9seaux sociaux depuis environ quatorze ans, s\u2019est mis\u00a0<a href=\"http:\/\/www.lefigaro.fr\/cinema\/le-youtubeur-mister-v-devoile-la-bande-annonce-dejantee-de-son-film-mcwalter-20250826\" data-fig-type=\"NewsFlash\" data-gtm-custom-categorie=\"navigation\" data-gtm-custom-action=\"crossclick\" data-gtm-custom-label=\"Contextuel\" data-gtm-event=\"customEventSPE\" data-fig-domain=\"LEFIGARO\" rel=\"nofollow noopener\" target=\"_blank\">dans la peau d\u2019un des personnages les plus c\u00e9l\u00e8bres de ses sketchs<\/a>\u00a0:\u00a0McWalter. Le vid\u00e9aste, \u00e9galement rappeur \u00e0 ses heures perdues,\u00a0&#8211;\u00a0il a sorti deux albums en 2017 et 2020 aux c\u00f4t\u00e9s de Jul, Gazo et PLK\u00a0-, y donne la r\u00e9plique \u00e0\u00a0<a href=\"http:\/\/www.lefigaro.fr\/decideurs\/portraits\/j-ai-rarement-ete-le-premier-choix-des-realisateurs-geraldine-nakache-du-rire-malgre-les-larmes-20241022\" target=\"_blank\" data-fig-type=\"Article\" rel=\"noopener nofollow\" data-gtm-custom-categorie=\"navigation\" data-gtm-custom-action=\"crossclick\" data-gtm-custom-label=\"Contextuel\" data-gtm-event=\"customEventSPE\" data-fig-domain=\"LEFIGARO\">G\u00e9raldine Nakache<\/a>,\u00a0<a href=\"http:\/\/www.lefigaro.fr\/musique\/vincent-dedienne-se-lance-dans-la-musique-et-annonce-la-sortie-de-son-premier-disque-20250524\" target=\"_blank\" data-fig-type=\"NewsFlash\" rel=\"noopener nofollow\" data-gtm-custom-categorie=\"navigation\" data-gtm-custom-action=\"crossclick\" data-gtm-custom-label=\"Contextuel\" data-gtm-event=\"customEventSPE\" data-fig-domain=\"LEFIGARO\">Vincent Dedienne<\/a>,\u00a0<a href=\"http:\/\/www.lefigaro.fr\/arts-expositions\/francois-berleand-parrain-du-festival-du-dessin-d-arles-j-ai-toujours-eu-un-rapport-fort-a-la-peinture-20250410\" target=\"_blank\" data-fig-type=\"Article\" rel=\"noopener nofollow\" data-gtm-custom-categorie=\"navigation\" data-gtm-custom-action=\"crossclick\" data-gtm-custom-label=\"Contextuel\" data-gtm-event=\"customEventSPE\" data-fig-domain=\"LEFIGARO\">Fran\u00e7ois Berl\u00e9and<\/a>\u00a0et\u00a0<a href=\"https:\/\/www.lefigaro.fr\/theatre\/william-lebghil-l-art-du-contre-pied-20190911\" target=\"_blank\" data-fig-type=\"Article\" rel=\"noopener nofollow\" data-gtm-custom-categorie=\"navigation\" data-gtm-custom-action=\"crossclick\" data-gtm-custom-label=\"Contextuel\" data-gtm-event=\"customEventSPE\" data-fig-domain=\"LEFIGARO\">William Lebghil.\u00a0<\/a>Le casting est brillant. La r\u00e9alisation, sous la direction de Simon Astier (Visitors, Mercato), fr\u00e8re d\u2019<a href=\"http:\/\/www.lefigaro.fr\/cinema\/kaamelott-2-alexandre-astier-nous-dit-tout-sur-les-deux-prochains-volets-20250808\" data-fig-type=\"NewsFlash\" data-gtm-custom-categorie=\"navigation\" data-gtm-custom-action=\"crossclick\" data-gtm-custom-label=\"Contextuel\" data-gtm-event=\"customEventSPE\" data-fig-domain=\"LEFIGARO\" rel=\"nofollow noopener\" target=\"_blank\">Alexandre Astier<\/a>\u00a0(Kaamelott), l\u2019est aussi. C\u2019est peut-\u00eatre pour \u00e7a que les studios Amazon MGM, nouveaux d\u00e9tenteurs du contr\u00f4le cr\u00e9atif\u00a0<a href=\"http:\/\/www.lefigaro.fr\/culture\/les-studios-amazon-mgm-peuvent-ils-tuer-james-bond-20250315\" data-fig-type=\"Article\" data-gtm-custom-categorie=\"navigation\" data-gtm-custom-action=\"crossclick\" data-gtm-custom-label=\"Contextuel\" data-gtm-event=\"customEventSPE\" data-fig-domain=\"LEFIGARO\" rel=\"nofollow noopener\" target=\"_blank\">de la franchise James Bond<\/a>, ont mis\u00e9 une pi\u00e8ce sur ce film.<\/p>\n<p class=\"fig-paragraph\">L\u2019agent 007, justement, aurait de quoi envier le c\u00e9l\u00e8bre \u00ab\u00a0Mc Walter\u00a0\u00bb, figure embl\u00e9matique de \u00ab\u00a0la NUS\u00a0\u00bb, une unit\u00e9 de forces sp\u00e9ciales am\u00e9ricaines dont le nom rappelle tout autre chose&#8230; Un probl\u00e8me\u00a0?\u00a0\u00ab\u00a0Appelez McWalter\u00a0\u00bb, dirait le chef de la brigade (Fran\u00e7ois Berl\u00e9and). Une mission qui tourne mal\u00a0?\u00a0\u00ab\u00a0Appelez McWalter\u00a0\u00bb, r\u00e9p\u00e9terait-il. Il est l\u2019agent le plus connu des \u00c9tats-Unis. Alors qu\u2019une prise d\u2019otages a lieu dans une usine de pains \u00e0 burgers de Baconfield, commune de la Nouvelle nouvelle Orl\u00e9ans, le h\u00e9ros \u00e0 la teinture blonde et au style plus que d\u00e9contract\u00e9 d\u00e9barque en berline, r\u00e9alisant des donuts autour d\u2019un donut. Habile, il mitraille une quinzaine de terroristes tout en dansant la Macarena. Chaque mission est une formalit\u00e9 pour un soldat de son calibre.<\/p>\n<p>    L\u2019agent McWlater (Mister V) avec la brigade de la NUS.<br \/>\n                La Petite Bo\u00eete<\/p>\n<p>                                    <a class=\"fig-a11y-skip a11y-hidden\" href=\"#fig-a11y-skip-main-inarticle\"><br \/>\n        Passer la publicit\u00e9<br \/>\n    <\/a><\/p>\n<p class=\"fig-paragraph\">Sa vie bascule au moment o\u00f9 il se retrouve face \u00e0 Drogan (Vincent Dedienne), son pire ennemi. Ce dernier tue la femme de McWalter, l\u2019exilant pendant plus de dix mois \u00e0 des centaines de kilom\u00e8tres de la plus proche brigade polici\u00e8re. Seulement, l\u2019ancien h\u00e9ros, dont les poils sont d\u00e9sormais plus visibles que la peau de son visage, est accus\u00e9 de plusieurs infractions terroristes \u00e0 P\u00e9kin et au Venezuela. Il est arr\u00eat\u00e9, puis interrog\u00e9 par la tr\u00e8s professionnelle G\u00e9raldine Nakache, campant une polici\u00e8re jalouse de la r\u00e9ussite de ses coll\u00e8gues.<\/p>\n<p class=\"fig-paragraph\">\u00c0 la suite \u00e0 une explosion dans le commissariat, le d\u00e9tenu parvient \u00e0 s\u2019enfuir. Il est rattrap\u00e9 par un certain Pollux (William Lebghil), un de ses grands fans (tr\u00e8s amoureux), mais aussi brigadier de la Nus. \u00ab\u00a0Quelqu\u2019un commet tous ses crimes en se faisant passer pour vous\u00a0\u00bb, pr\u00e9vient-il. Pour sauver sa peau, McWalter doit changer d\u2019identit\u00e9 et devenir Wesley Davidson, originaire du Michigan et p\u00e8re de deux enfants, dont l\u2019un est bipolaire. Sa mission\u00a0? Prendre la direction du Paystan, le plus petit pays du monde o\u00f9 sont fabriqu\u00e9es les \u00ab\u00a0bombes de smegma\u00a0\u00bb, armes \u00e0 l\u2019origine des bombardements dont il est jug\u00e9 responsable&#8230;<\/p>\n<p>    G\u00e9raldine Nakache et Fran\u00e7ois Berl\u00e9and dans McWalter, disponible sur Amazon Prime Video le 12 septembre.<br \/>\n                La Petite Bo\u00eete<\/p>\n<p>La blague de trop<\/p>\n<p class=\"fig-paragraph\">Tout au long de son p\u00e9riple, d\u2019un peu moins de deux heures, l\u2019agent secret encha\u00eene les blagues. Les situations sont continuellement burlesques. Il s\u2019envole, par exemple, accroch\u00e9 aux pieds d\u2019un aigle doubl\u00e9 par Richard Darbois, l\u00e9gendaire voix fran\u00e7aise d\u2019<a href=\"http:\/\/www.lefigaro.fr\/cinema\/harrison-ford-rembobine-sa-carriere-on-m-a-dit-que-je-n-avais-aucun-avenir-dans-le-milieu-20250802\" data-fig-type=\"Article\" data-gtm-custom-categorie=\"navigation\" data-gtm-custom-action=\"crossclick\" data-gtm-custom-label=\"Contextuel\" data-gtm-event=\"customEventSPE\" data-fig-domain=\"LEFIGARO\" rel=\"nofollow noopener\" target=\"_blank\">Harrison Ford<\/a>. Le sc\u00e9nario fait aussi la part belle au comique de r\u00e9p\u00e9tition. McWalter ne cesse de dire \u00ab\u00a0ah l\u2019batard\u00a0\u00bb tout au long du film, un gimmick repris aux sketchs parus il y a un peu moins d\u2019une dizaine d\u2019ann\u00e9es sur YouTube. Il se bat aussi avec un d\u00e9nomm\u00e9 Yuri dans une voiture, donnant une sc\u00e8ne compl\u00e8tement tir\u00e9e par les cheveux. L\u2019action ne s\u2019arr\u00eate jamais. Et \u00e7a devient g\u00eanant. L\u2019expression \u00ab\u00a0ne pas faire la blague de trop\u00a0\u00bb prend tout son sens. Malgr\u00e9 une large gamme de plans et d\u2019excellents panoramas, Simon Astier se perd au niveau du montage final, o\u00f9 les sc\u00e8nes s\u2019encha\u00eenent beaucoup trop vite. Il y a pl\u00e9thore d\u2019effets sp\u00e9ciaux, la plupart \u00e9tant de mauvaise facture.<\/p>\n<p class=\"fig-body-link\">\n            \u00c0 lire aussi<br \/>\n        <a class=\"fig-body-link__link fig-premium-mark\" href=\"http:\/\/www.lefigaro.fr\/medias\/plus-de-films-moins-d-entrees-un-ete-meurtrier-pour-le-cinema-en-france-20250902\" target=\"_blank\" data-fig-type=\"Article\" rel=\"noopener nofollow\" data-gtm-custom-categorie=\"navigation\" data-gtm-custom-action=\"crossclick\" data-gtm-custom-label=\"Contextuel\" data-gtm-event=\"customEventSPE\" data-fig-domain=\"LEFIGARO\">Plus de films, moins d\u2019entr\u00e9es\u00a0: un \u00e9t\u00e9 meurtrier pour le cin\u00e9ma en France<br \/>\n    <\/a>\n<\/p>\n<p class=\"fig-paragraph\">C\u2019est en partie voulu. On ressent une certaine volont\u00e9 d\u2019inscrire le film dans le m\u00eame esprit que les vid\u00e9os originelles. C\u2019est bien \u00e7a le probl\u00e8me. McWalter donne l\u2019impression qu\u2019il aurait d\u00fb sortir sur YouTube, \u00e0 une autre \u00e9poque, pour un public qui n\u2019est pas celui du septi\u00e8me art. Le sc\u00e9nario est pr\u00e9visible, voire enfantin. Cela n\u2019enl\u00e8ve rien aux performances des acteurs. G\u00e9raldine Nakache assure dans son r\u00f4le de polici\u00e8re, affichant un s\u00e9rieux presque risible. Vincent Dedienne joue la partition du grand m\u00e9chant revanchard. Quant \u00e0 Mister V, il est toujours aussi dr\u00f4le, notamment au niveau de ses expressions faciales et de sa gestuelle tr\u00e8s atypique. Mais n\u2019aurait-il pas gagn\u00e9 davantage \u00e0 camper un personnage plus s\u00e9rieux pour son premier grand r\u00f4le dans le milieu du cin\u00e9ma\u00a0?\u00a0En incarnant McWalter, Mister V garde malheureusement l\u2019image de \u00ab\u00a0l\u2019influenceur aux ambitions de cin\u00e9ma\u00a0\u00bb. Il est aussi difficile de l\u2019imaginer ailleurs que dans une com\u00e9die, tant la quasi-totalit\u00e9 de ses r\u00f4les le tournent constamment en ridicule.<\/p>\n<p class=\"fig-paragraph\"><strong>La note du <\/strong><strong>Figaro\u00a0<\/strong> <strong>:\u00a02\/4<\/strong><\/p>\n<p>                                    <a class=\"fig-a11y-skip a11y-hidden\" href=\"#fig-a11y-skip-main-inarticle_mtf\"><br \/>\n        Passer la publicit\u00e9<br \/>\n    <\/a><\/p>\n<p class=\"fig-paragraph\"><strong>Bande-annonce de <\/strong><strong>McWalter<\/strong> <strong>\u00a0(2025)<\/strong><\/p>\n","protected":false},"excerpt":{"rendered":"Le youtubeur aux 6,4 millions d\u2019abonn\u00e9s tient pour la premi\u00e8re fois un r\u00f4le principal dans un long-m\u00e9trage. Il&hellip;\n","protected":false},"author":2,"featured_media":377138,"comment_status":"","ping_status":"","sticky":false,"template":"","format":"standard","meta":{"footnotes":""},"categories":[1354],"tags":[11776,58,59,1346,1011,27,1360,2784],"class_list":{"0":"post-377137","1":"post","2":"type-post","3":"status-publish","4":"format-standard","5":"has-post-thumbnail","7":"category-films","8":"tag-amazon-prime","9":"tag-divertissement","10":"tag-entertainment","11":"tag-films","12":"tag-fr","13":"tag-france","14":"tag-movies","15":"tag-youtube"},"share_on_mastodon":{"url":"https:\/\/pubeurope.com\/@fr\/115173088490644242","error":""},"_links":{"self":[{"href":"https:\/\/www.europesays.com\/fr\/wp-json\/wp\/v2\/posts\/377137","targetHints":{"allow":["GET"]}}],"collection":[{"href":"https:\/\/www.europesays.com\/fr\/wp-json\/wp\/v2\/posts"}],"about":[{"href":"https:\/\/www.europesays.com\/fr\/wp-json\/wp\/v2\/types\/post"}],"author":[{"embeddable":true,"href":"https:\/\/www.europesays.com\/fr\/wp-json\/wp\/v2\/users\/2"}],"replies":[{"embeddable":true,"href":"https:\/\/www.europesays.com\/fr\/wp-json\/wp\/v2\/comments?post=377137"}],"version-history":[{"count":0,"href":"https:\/\/www.europesays.com\/fr\/wp-json\/wp\/v2\/posts\/377137\/revisions"}],"wp:featuredmedia":[{"embeddable":true,"href":"https:\/\/www.europesays.com\/fr\/wp-json\/wp\/v2\/media\/377138"}],"wp:attachment":[{"href":"https:\/\/www.europesays.com\/fr\/wp-json\/wp\/v2\/media?parent=377137"}],"wp:term":[{"taxonomy":"category","embeddable":true,"href":"https:\/\/www.europesays.com\/fr\/wp-json\/wp\/v2\/categories?post=377137"},{"taxonomy":"post_tag","embeddable":true,"href":"https:\/\/www.europesays.com\/fr\/wp-json\/wp\/v2\/tags?post=377137"}],"curies":[{"name":"wp","href":"https:\/\/api.w.org\/{rel}","templated":true}]}}