{"id":377149,"date":"2025-09-09T07:15:13","date_gmt":"2025-09-09T07:15:13","guid":{"rendered":"https:\/\/www.europesays.com\/fr\/377149\/"},"modified":"2025-09-09T07:15:13","modified_gmt":"2025-09-09T07:15:13","slug":"nicolas-maduro-decide-a-nouveau-davancer-noel-au-1er-octobre","status":"publish","type":"post","link":"https:\/\/www.europesays.com\/fr\/377149\/","title":{"rendered":"Nicolas Maduro d\u00e9cide \u00e0 nouveau d\u2019avancer No\u00ebl au 1er octobre"},"content":{"rendered":"<p>Le pr\u00e9sident v\u00e9n\u00e9zu\u00e9lien invoque la culture, la joie et le commerce pour justifier ce lancement anticip\u00e9 des festivit\u00e9s, malgr\u00e9 un climat politique et g\u00e9opolitique tendu.<\/p>\n<p class=\"fig-paragraph\">Le pr\u00e9sident du Venezuela\u00a0<a href=\"http:\/\/www.lefigaro.fr\/international\/le-venezuela-enrole-dans-la-milice-voulue-par-maduro-pour-faire-face-aux-menaces-americaines-20250824\" data-fig-type=\"NewsFlash\" data-gtm-custom-categorie=\"navigation\" data-gtm-custom-action=\"crossclick\" data-gtm-custom-label=\"Contextuel\" data-gtm-event=\"customEventSPE\" data-fig-domain=\"LEFIGARO\" target=\"_blank\" rel=\"noopener\">Nicolas Maduro<\/a>\u00a0a annonc\u00e9 lundi qu&rsquo;il allait avancer par d\u00e9cret au 1er octobre le d\u00e9but des f\u00eates de No\u00ebl, une pratique habituelle chez lui. \u00abNous allons appliquer la formule des autres ann\u00e9es qui a fait beaucoup de bien \u00e0 l&rsquo;\u00e9conomie, \u00e0 la culture, \u00e0 la joie, au bonheur (&#8230;). No\u00ebl au Venezuela d\u00e9marre le 1er octobre\u00bb, a d\u00e9clar\u00e9 Nicolas Maduro lors de son programme t\u00e9l\u00e9vis\u00e9 hebdomadaire.<\/p>\n<p class=\"fig-paragraph\">Le chef de l&rsquo;Etat socialiste est coutumier du fait. L&rsquo;ann\u00e9e derni\u00e8re, il avait d\u00e9j\u00e0 avanc\u00e9 le d\u00e9but des festivit\u00e9s de No\u00ebl au 1er octobre, en pleine crise politique li\u00e9e \u00e0 sa r\u00e9\u00e9lection contest\u00e9e. Il avait aussi \u00ablanc\u00e9\u00bb No\u00ebl en octobre ou en novembre en 2019, 2020 et 2023.<\/p>\n<p>                                    <a class=\"fig-a11y-skip a11y-hidden\" href=\"#fig-a11y-skip-main-inarticle\"><br \/>\n        Passer la publicit\u00e9<br \/>\n    <\/a><\/p>\n<p class=\"fig-paragraph\">Cette ann\u00e9e, Nicolas Maduro a dit d\u00e9fendre \u00able droit au bonheur\u00bb des V\u00e9n\u00e9zu\u00e9liens au moment o\u00f9\u00a0<a href=\"http:\/\/www.lefigaro.fr\/international\/etats-unis-donald-trump-condamne-a-verser-83-millions-de-dollars-pour-diffamation-20250908\" data-fig-type=\"NewsFlash\" data-gtm-custom-categorie=\"navigation\" data-gtm-custom-action=\"crossclick\" data-gtm-custom-label=\"Contextuel\" data-gtm-event=\"customEventSPE\" data-fig-domain=\"LEFIGARO\" target=\"_blank\" rel=\"noopener\">les\u00a0\u00c9tats-Unis<\/a>\u00a0ont d\u00e9ploy\u00e9 des bateaux de guerre pr\u00e8s des eaux du pays dans ce qu&rsquo;ils pr\u00e9sentent comme une op\u00e9ration antidrogue. Caracas y voit pour sa part une tentative de renverser son r\u00e9gime. \u00abEncore une fois cette ann\u00e9e No\u00ebl commence le 1er octobre avec de la joie, du commerce, de l&rsquo;activit\u00e9, de la culture, des chants de No\u00ebl\u00bb, des danses et des plats traditionnels, a affirm\u00e9 le pr\u00e9sident.<\/p>\n","protected":false},"excerpt":{"rendered":"Le pr\u00e9sident v\u00e9n\u00e9zu\u00e9lien invoque la culture, la joie et le commerce pour justifier ce lancement anticip\u00e9 des festivit\u00e9s,&hellip;\n","protected":false},"author":2,"featured_media":377150,"comment_status":"","ping_status":"","sticky":false,"template":"","format":"standard","meta":{"footnotes":""},"categories":[5],"tags":[11,1011,27,14,12,338,15830,337,28],"class_list":{"0":"post-377149","1":"post","2":"type-post","3":"status-publish","4":"format-standard","5":"has-post-thumbnail","7":"category-international","8":"tag-actualites","9":"tag-fr","10":"tag-france","11":"tag-international","12":"tag-news","13":"tag-nicolas-maduro","14":"tag-noel","15":"tag-venezuela","16":"tag-world"},"share_on_mastodon":{"url":"https:\/\/pubeurope.com\/@fr\/115173112150787437","error":""},"_links":{"self":[{"href":"https:\/\/www.europesays.com\/fr\/wp-json\/wp\/v2\/posts\/377149","targetHints":{"allow":["GET"]}}],"collection":[{"href":"https:\/\/www.europesays.com\/fr\/wp-json\/wp\/v2\/posts"}],"about":[{"href":"https:\/\/www.europesays.com\/fr\/wp-json\/wp\/v2\/types\/post"}],"author":[{"embeddable":true,"href":"https:\/\/www.europesays.com\/fr\/wp-json\/wp\/v2\/users\/2"}],"replies":[{"embeddable":true,"href":"https:\/\/www.europesays.com\/fr\/wp-json\/wp\/v2\/comments?post=377149"}],"version-history":[{"count":0,"href":"https:\/\/www.europesays.com\/fr\/wp-json\/wp\/v2\/posts\/377149\/revisions"}],"wp:featuredmedia":[{"embeddable":true,"href":"https:\/\/www.europesays.com\/fr\/wp-json\/wp\/v2\/media\/377150"}],"wp:attachment":[{"href":"https:\/\/www.europesays.com\/fr\/wp-json\/wp\/v2\/media?parent=377149"}],"wp:term":[{"taxonomy":"category","embeddable":true,"href":"https:\/\/www.europesays.com\/fr\/wp-json\/wp\/v2\/categories?post=377149"},{"taxonomy":"post_tag","embeddable":true,"href":"https:\/\/www.europesays.com\/fr\/wp-json\/wp\/v2\/tags?post=377149"}],"curies":[{"name":"wp","href":"https:\/\/api.w.org\/{rel}","templated":true}]}}