{"id":377153,"date":"2025-09-09T07:17:13","date_gmt":"2025-09-09T07:17:13","guid":{"rendered":"https:\/\/www.europesays.com\/fr\/377153\/"},"modified":"2025-09-09T07:17:13","modified_gmt":"2025-09-09T07:17:13","slug":"bleus-dembele-benzema-la-troublante-similitude","status":"publish","type":"post","link":"https:\/\/www.europesays.com\/fr\/377153\/","title":{"rendered":"Bleus : Demb\u00e9l\u00e9-Benzema, la troublante similitude"},"content":{"rendered":"<p>Comme Karim Benzema, pr\u00e8s de trois ans en<br \/>\narri\u00e8re, Ousmane Demb\u00e9l\u00e9 a quitt\u00e9 un rassemblement tricolore dans<br \/>\nd&rsquo;obscures conditions.<\/p>\n<p>Sorti sur blessure en fin de match, lors de la victoire de<br \/>\nl\u2019\u00e9quipe de France contre l\u2019Ukraine en Pologne (2-0), Ousmane<br \/>\nDemb\u00e9l\u00e9 souffre d\u2019une d\u00e9chirure aux ischio-jambiers de la cuisse<br \/>\ndroite. Dans la foul\u00e9e, l\u2019attaquant de 28 ans a quitt\u00e9 le<br \/>\nrassemblement des Bleus.<\/p>\n<p>\u00ab\u00a0\u00c7a rappelle un peu l\u2019histoire avec<br \/>\nBenzema\u00a0\u00bb, a estim\u00e9 Daniel Riolo sur les ondes de RMC.<br \/>\nVictime d\u2019une d\u00e9chirure musculaire au quadriceps gauche, le 19<br \/>\nnovembre 2022 lors d\u2019un entra\u00eenement avec la s\u00e9lection nationale,<br \/>\ncelui qui \u00e9voluait alors au Real Madrid avait \u00e9t\u00e9 <a href=\"https:\/\/www.football365.fr\/mondial-2022-benzema-devoile-enfin-raisons-10073193.html\" rel=\"nofollow noopener\" target=\"_blank\"><br \/>\n<strong>contraint de renconcer \u00e0 participer \u00e0 la Coupe du monde au<br \/>\nQatar<\/strong><\/a>.<\/p>\n<blockquote class=\"twitter-tweet\"><p><a class=\"twitter-link\" rel=\"noindex, nofollow noopener\" href=\"https:\/\/twitter.com\/AfterRMC\/status\/1610758879641735168\" target=\"_blank\"><\/p><\/blockquote>\n<p>\u00ab\u00a0Celle de Benzema est peut-\u00eatre encore un peu plus<br \/>\nfloue qu\u2019un probl\u00e8me m\u00e9dical, poursuit le journaliste sportif.<br \/>\nJ\u2019avais eu quand m\u00eame des m\u00e9decins \u00e0 l\u2019\u00e9poque qui m\u2019avaient dit<br \/>\nqu\u2019il aurait pu jouer \u00e0 partir des huiti\u00e8mes de<br \/>\nfinale.\u00a0\u00bb<\/p>\n<p>Demb\u00e9l\u00e9 pr\u00eat \u00e0 succ\u00e9der \u00e0 Benzema au palmar\u00e8s des Fran\u00e7ais<br \/>\nBallon d\u2019Or<\/p>\n<p>Le 22 septembre prochain, Karim Benzema et Ousmane Demb\u00e9l\u00e9<br \/>\npourraient avoir un nouveau point en commun. Beaucoup plus<br \/>\nr\u00e9jouissant celui-ci. Grand favori \u00e0 l\u2019obtention du Ballon d\u2019Or<br \/>\n2025, le natif de Vernon pourrait \u00eatre le sixi\u00e8me fran\u00e7ais \u00e0<br \/>\ndevenir le laur\u00e9at de la prestigieuse r\u00e9compense individuelle.<\/p>\n<p>Dans un communiqu\u00e9, le Paris Saint-Germain a pr\u00e9cis\u00e9 que son<br \/>\nnum\u00e9ro 10 souffrait d\u2019une \u00ab\u00a0l\u00e9sion s\u00e9v\u00e8re\u00a0\u00bb. Son<br \/>\nindisponibilit\u00e9 est estim\u00e9e \u00ab\u00a0\u00e0 environ six<br \/>\nsemaines\u00a0\u00bb. Il est donc d\u2019ores et d\u00e9j\u00e0 forfait pour<br \/>\n<a href=\"https:\/\/www.football365.fr\/om-psg-un-club-sera-desavantage-pour-le-classique-10252116.html\" rel=\"nofollow noopener\" target=\"_blank\"><br \/>\n<strong>le \u00ab\u00a0Classique\u00a0\u00bb du 21 septembre<br \/>\nprochain<\/strong><\/a>, \u00e0 l\u2019Orange V\u00e9lodrome, face \u00e0 l\u2019Olympique de<br \/>\nMarseille, dans le cadre de la cinqui\u00e8me journ\u00e9e de Ligue 1.<\/p>\n<p><script async src=\"https:\/\/platform.twitter.com\/widgets.js\" charset=\"utf-8\"><\/script><\/p>\n","protected":false},"excerpt":{"rendered":"Comme Karim Benzema, pr\u00e8s de trois ans en arri\u00e8re, Ousmane Demb\u00e9l\u00e9 a quitt\u00e9 un rassemblement tricolore dans d&rsquo;obscures&hellip;\n","protected":false},"author":2,"featured_media":377154,"comment_status":"","ping_status":"","sticky":false,"template":"","format":"standard","meta":{"footnotes":""},"categories":[2],"tags":[11,1011,27,12],"class_list":{"0":"post-377153","1":"post","2":"type-post","3":"status-publish","4":"format-standard","5":"has-post-thumbnail","7":"category-actualites","8":"tag-actualites","9":"tag-fr","10":"tag-france","11":"tag-news"},"share_on_mastodon":{"url":"https:\/\/pubeurope.com\/@fr\/115173120060509433","error":""},"_links":{"self":[{"href":"https:\/\/www.europesays.com\/fr\/wp-json\/wp\/v2\/posts\/377153","targetHints":{"allow":["GET"]}}],"collection":[{"href":"https:\/\/www.europesays.com\/fr\/wp-json\/wp\/v2\/posts"}],"about":[{"href":"https:\/\/www.europesays.com\/fr\/wp-json\/wp\/v2\/types\/post"}],"author":[{"embeddable":true,"href":"https:\/\/www.europesays.com\/fr\/wp-json\/wp\/v2\/users\/2"}],"replies":[{"embeddable":true,"href":"https:\/\/www.europesays.com\/fr\/wp-json\/wp\/v2\/comments?post=377153"}],"version-history":[{"count":0,"href":"https:\/\/www.europesays.com\/fr\/wp-json\/wp\/v2\/posts\/377153\/revisions"}],"wp:featuredmedia":[{"embeddable":true,"href":"https:\/\/www.europesays.com\/fr\/wp-json\/wp\/v2\/media\/377154"}],"wp:attachment":[{"href":"https:\/\/www.europesays.com\/fr\/wp-json\/wp\/v2\/media?parent=377153"}],"wp:term":[{"taxonomy":"category","embeddable":true,"href":"https:\/\/www.europesays.com\/fr\/wp-json\/wp\/v2\/categories?post=377153"},{"taxonomy":"post_tag","embeddable":true,"href":"https:\/\/www.europesays.com\/fr\/wp-json\/wp\/v2\/tags?post=377153"}],"curies":[{"name":"wp","href":"https:\/\/api.w.org\/{rel}","templated":true}]}}