{"id":377155,"date":"2025-09-09T07:18:14","date_gmt":"2025-09-09T07:18:14","guid":{"rendered":"https:\/\/www.europesays.com\/fr\/377155\/"},"modified":"2025-09-09T07:18:14","modified_gmt":"2025-09-09T07:18:14","slug":"cancer-venez-decouvrir-lespace-patients-et-proches-de-la-ligue","status":"publish","type":"post","link":"https:\/\/www.europesays.com\/fr\/377155\/","title":{"rendered":"Cancer : venez d\u00e9couvrir l&rsquo;espace patients et proches de la Ligue"},"content":{"rendered":"<p>Le Comit\u00e9 de la Loire de la Ligue contre le cancer ouvre les portes de son Espace Ligue, un lieu d\u2019accueil, d\u2019\u00e9coute et de soutien destin\u00e9 aux personnes malades et \u00e0 leurs proches, le jeudi 11 septembre \u00e0 Saint-Etienne. <\/p>\n<p>Ouvert toute l\u2019ann\u00e9e, l\u2019Espace Ligue est un lieu convivial et bienveillant o\u00f9 chacun peut trouver une oreille attentive, un soutien psychologique, social ou pratique, mais aussi participer \u00e0 des activit\u00e9s adapt\u00e9es : di\u00e9t\u00e9tique, activit\u00e9 physique adapt\u00e9e, yoga, soins esth\u00e9tiques, \u2026 Tous ces services sont propos\u00e9s gratuitement aux personnes malades et \u00e0 leurs proches afin de les accompagner dans leur parcours de vie pendant ou apr\u00e8s un cancer.<\/p>\n<p><strong>Une journ\u00e9e pour d\u00e9couvrir et \u00e9changer<\/strong><\/p>\n<p>L\u2019objectif de cette journ\u00e9e portes ouvertes du 11 septembre \u00ab\u00a0est de permettre au grand public, aux patients et \u00e0 leurs proches de d\u00e9couvrir l\u2019\u00e9ventail des activit\u00e9s propos\u00e9es, de tester certains ateliers en conditions r\u00e9elles et d\u2019\u00e9changer directement avec les salari\u00e9s et les b\u00e9n\u00e9voles de la Ligue\u00a0\u00bb. C\u2019est \u00e9galement une occasion privil\u00e9gi\u00e9e de mieux comprendre le r\u00f4le de l\u2019association dans l\u2019accompagnement quotidien des personnes touch\u00e9es par le cancer.<\/p>\n<p>Gratuit, sur inscription : 04 77 32 32 85 ou <a href=\"https:\/\/www.helloasso.com\/associations\/la-ligue-contre-le-cancer-comite-de-la-loire\/evenements\/journee-portes-ouvertes-11-09\" target=\"_blank\" rel=\"noopener nofollow\">ICI<\/a><\/p>\n<p>ZF<\/p>\n","protected":false},"excerpt":{"rendered":"Le Comit\u00e9 de la Loire de la Ligue contre le cancer ouvre les portes de son Espace Ligue,&hellip;\n","protected":false},"author":2,"featured_media":377156,"comment_status":"","ping_status":"","sticky":false,"template":"","format":"standard","meta":{"footnotes":""},"categories":[9653],"tags":[1111,11,2430,1777,674,1011,27,12,25,4001],"class_list":{"0":"post-377155","1":"post","2":"type-post","3":"status-publish","4":"format-standard","5":"has-post-thumbnail","7":"category-saint-etienne","8":"tag-actu","9":"tag-actualites","10":"tag-auvergne-rhone-alpes","11":"tag-eu","12":"tag-europe","13":"tag-fr","14":"tag-france","15":"tag-news","16":"tag-republique-francaise","17":"tag-saint-etienne"},"share_on_mastodon":{"url":"https:\/\/pubeurope.com\/@fr\/115173123914418807","error":""},"_links":{"self":[{"href":"https:\/\/www.europesays.com\/fr\/wp-json\/wp\/v2\/posts\/377155","targetHints":{"allow":["GET"]}}],"collection":[{"href":"https:\/\/www.europesays.com\/fr\/wp-json\/wp\/v2\/posts"}],"about":[{"href":"https:\/\/www.europesays.com\/fr\/wp-json\/wp\/v2\/types\/post"}],"author":[{"embeddable":true,"href":"https:\/\/www.europesays.com\/fr\/wp-json\/wp\/v2\/users\/2"}],"replies":[{"embeddable":true,"href":"https:\/\/www.europesays.com\/fr\/wp-json\/wp\/v2\/comments?post=377155"}],"version-history":[{"count":0,"href":"https:\/\/www.europesays.com\/fr\/wp-json\/wp\/v2\/posts\/377155\/revisions"}],"wp:featuredmedia":[{"embeddable":true,"href":"https:\/\/www.europesays.com\/fr\/wp-json\/wp\/v2\/media\/377156"}],"wp:attachment":[{"href":"https:\/\/www.europesays.com\/fr\/wp-json\/wp\/v2\/media?parent=377155"}],"wp:term":[{"taxonomy":"category","embeddable":true,"href":"https:\/\/www.europesays.com\/fr\/wp-json\/wp\/v2\/categories?post=377155"},{"taxonomy":"post_tag","embeddable":true,"href":"https:\/\/www.europesays.com\/fr\/wp-json\/wp\/v2\/tags?post=377155"}],"curies":[{"name":"wp","href":"https:\/\/api.w.org\/{rel}","templated":true}]}}