{"id":377157,"date":"2025-09-09T07:19:13","date_gmt":"2025-09-09T07:19:13","guid":{"rendered":"https:\/\/www.europesays.com\/fr\/377157\/"},"modified":"2025-09-09T07:19:13","modified_gmt":"2025-09-09T07:19:13","slug":"sortie-de-la-gouyonniere-sur-la72-moins-de-stress-et-plus-de-securite-pour-les-automobilistes","status":"publish","type":"post","link":"https:\/\/www.europesays.com\/fr\/377157\/","title":{"rendered":"Sortie de la Gouyonni\u00e8re sur l&rsquo;A72 : moins de stress et plus de s\u00e9curit\u00e9 pour les automobilistes"},"content":{"rendered":"<p>   <img decoding=\"async\" src=\"https:\/\/www.europesays.com\/fr\/wp-content\/uploads\/2025\/09\/1757402353_632_1200x680\" alt=\"illustration agrandir l'image\" style=\"--_image-preview:url('data:image\/jpeg;base64,\/9j\/2wBDACgcHiMeGSgjISMtKygwPGRBPDc3PHtYXUlkkYCZlo+AjIqgtObDoKrarYqMyP\/L2u71\/\/\/\/m8H\/\/\/\/6\/+b9\/\/j\/2wBDASstLTw1PHZBQXb4pYyl+Pj4+Pj4+Pj4+Pj4+Pj4+Pj4+Pj4+Pj4+Pj4+Pj4+Pj4+Pj4+Pj4+Pj4+Pj4+Pj4+Pj\/wAARCAAqACoDASIAAhEBAxEB\/8QAGQAAAwEBAQAAAAAAAAAAAAAAAAECAwQF\/8QAGBABAQEBAQAAAAAAAAAAAAAAABIRAQL\/xAAWAQEBAQAAAAAAAAAAAAAAAAAAAQL\/xAAUEQEAAAAAAAAAAAAAAAAAAAAA\/9oADAMBAAIRAxEAPwD0dGo0qaYXo1nR0C9Go09BlQpnRUDShTLvpNoN6OnPZ2CdHfSS6KffSO+h1HQVQtmAf\/\/Z');\" loading=\"eager\" fetchpriority=\"high\" aria-hidden=\"true\" class=\"svelte-1pnmlwx rounded\" onload=\"this.__e=event\" onerror=\"this.__e=event\"\/> La sortie 9 de l&rsquo;A72 en venant de Saint-\u00c9tienne \u00e9largie avec les travaux de l&rsquo;\u00e9t\u00e9 dernier. \u00a9 Radio France &#8211; ER    <\/p>\n<p class=\"g-ici-body-regular-3 info svelte-1a514ib\">Diffus\u00e9 le mardi 9 septembre 2025 \u00e0 6:31 <\/p>\n<p class=\"g-ici-body-regular-3 info svelte-1a514ib\">Publi\u00e9 le mardi 9 septembre 2025 \u00e0 6:31 <\/p>\n<p class=\"g-ici-body-bold-1 standFirst svelte-g22axr\">Depuis la rentr\u00e9e, la sortie 9 de l&rsquo;A72 en venant de Saint-\u00c9tienne est devenue moins dangereuse, apr\u00e8s 2 mois de travaux visant \u00e0 \u00e9largir la bretelle.<\/p>\n<p>Depuis la rentr\u00e9e, la sortie 9 de l&rsquo;A72 en venant de Saint-\u00c9tienne est devenue moins dangereuse,\u00a0<a class=\"IciLink ici-link IciArticleLink g-ici-body-regular-1 underline brand svelte-lu7k6w\" href=\"https:\/\/www.francebleu.fr\/infos\/transports\/la-gouyonniere-un-nouveau-chantier-cet-ete-pour-limiter-les-embouteillages-a-la-sortie-de-l-a72-9657067\" rel=\"nofollow noopener\" target=\"_blank\">apr\u00e8s 2 mois de travaux visant \u00e0 \u00e9largir la bretelle<\/a>. Les automobilistes sentent la diff\u00e9rence aux heures de pointe.<\/p>\n<p>Les\u00a0<a class=\"IciLink ici-link IciArticleLink g-ici-body-regular-1 underline brand svelte-lu7k6w\" href=\"https:\/\/www.francebleu.fr\/infos\/transports\/a72-bientot-des-feux-tricolores-pour-reguler-le-trafic-entre-andrezieux-et-la-fouillouse-1668705938\" rel=\"nofollow noopener\" target=\"_blank\">feux tricolores, test\u00e9s depuis novembre 2022<\/a>, seront \u00e0 nouveau install\u00e9s dans le courant du mois d&rsquo;octobre pour donner la priorit\u00e9 aux v\u00e9hicules sortant de l&rsquo;autoroute sur ceux revenant notamment de Saint-Galmier.<\/p>\n<ul class=\"SocialNetworks svelte-bt5901\">\n<li class=\"svelte-bt5901\"><\/li>\n<li class=\"svelte-bt5901\"><\/li>\n<li class=\"svelte-bt5901\"><\/li>\n<li class=\"svelte-bt5901\"><\/li>\n<li class=\"svelte-bt5901\"><\/li>\n<\/ul>\n<p role=\"heading\" aria-level=\"2\" class=\"sr-only\">Grande consultation \u00ab\u00a0Ma commune, mon maire et moi\u00a0\u00bb<\/p>\n<p class=\"description g-ici-body-regular-2 svelte-ascr5k\">En vue des \u00e9lections municipales de mars 2026, ICI lance un grand cycle de<br \/>\n      consultations et propose tous les mois un questionnaire th\u00e9matique afin de<br \/>\n      comprendre les attentes et les rapports des citoyens avec leurs maires,<br \/>\n      leurs communes.<\/p>\n<p>Les \u00e9pisodes de l\u2019\u00e9mission\u00a0: L&rsquo;info d&rsquo;ici, ici Saint-\u00c9tienne Loire<\/p>\n<p class=\"IciLink ici-link disabled title no-color g-ici-title-5 svelte-lu7k6w\">\u00ab\u00a0Stop au gouvernement Bayrou\u00a0\u00bb et peur de \u00ab\u00a0l&rsquo;instabilit\u00e9\u00a0\u00bb : les Lig\u00e9riens partag\u00e9s sur la probable chute du gouvernement<\/p>\n<p class=\"location g-ici-body-bold-3 svelte-a5dikd\">Loire<\/p>\n<p class=\"IciLink ici-link disabled title no-color g-ici-title-5 svelte-lu7k6w\">L&rsquo;incontournable de la rentr\u00e9e : le forum des associations !<\/p>\n<p>Sur le m\u00eame th\u00e8me<\/p>\n<ul class=\"content svelte-bu824\">\n<li class=\"IciCard  standard svelte-19qbux1\">\n<p class=\"standfirst g-ici-body-regular-2 svelte-19qbux1\">Le D\u00e9partement de la Loire poursuit ses travaux de s\u00e9curisation de la sortie n\u00b09 de l&rsquo;A72 en direction de Roanne, entam\u00e9s au d\u00e9but de l&rsquo;\u00e9t\u00e9. La bretelle de sortie de La Gouyonni\u00e8re, \u00e0 cheval entre les communes de La Fouillouse et d&rsquo;Andr\u00e9zieux-Bouth\u00e9on, devrait \u00eatre termin\u00e9e le 1er septembre 2025. <\/p>\n<\/li>\n<li class=\"IciCard  standard svelte-19qbux1\">\n<p class=\"standfirst g-ici-body-regular-2 svelte-19qbux1\">Afin de s\u00e9curiser la circulation dans le secteur de la Gouyonni\u00e8re, la sortie 9 de l&rsquo;autoroute A72 va \u00eatre doubl\u00e9e dans le sens Saint-\u00c9tienne \/ plaine du Forez. Le chantier sera r\u00e9alis\u00e9 cet \u00e9t\u00e9.<\/p>\n<\/li>\n<li class=\"IciCard  standard svelte-19qbux1\">\n<p class=\"standfirst g-ici-body-regular-2 svelte-19qbux1\">C&rsquo;est une cons\u00e9quence de l&rsquo;affaissement d&rsquo;un puits de mine sous la RN 88 dans le secteur de Monthieu. Depuis cet \u00e9t\u00e9, la voie de droite de l&rsquo;autoroute est neutralis\u00e9e, avant Steel, en provenance de Saint-Chamond. Mais avec la rentr\u00e9e scolaire, de gros bouchons sont attendus. <\/p>\n<\/li>\n<li class=\"IciCard  standard svelte-19qbux1\">\n<p class=\"standfirst g-ici-body-regular-2 svelte-19qbux1\">Depuis quelques ann\u00e9es, le service propret\u00e9 de la ville de Saint-\u00c9tienne s&rsquo;est habitu\u00e9 \u00e0 ramasser les feuilles mortes d\u00e8s le mois d&rsquo;ao\u00fbt. Sous l&rsquo;effet du r\u00e9chauffement climatique, les feuilles tombent de plus en plus t\u00f4t des arbres.<\/p>\n<\/li>\n<\/ul>\n<p class=\"g-ici-body-regular-3 description svelte-1vha4t1\">Tous les vendredis, recevez le meilleur de la semaine d\u2019ici Saint-\u00c9tienne Loire\u00a0: certifi\u00e9 100% local\u00a0!<\/p>\n<p>En cliquant sur \u00ab\u00a0S\u2019abonner\u00a0\u00bb, j&rsquo;accepte que les donn\u00e9es recueillies par<br \/>\n        Radio France soient destin\u00e9es \u00e0 l&rsquo;envoi par courrier \u00e9lectronique de<br \/>\n        contenus et d&rsquo;informations relatifs aux programmes. Plus d&rsquo;informations.<\/p>\n","protected":false},"excerpt":{"rendered":"La sortie 9 de l&rsquo;A72 en venant de Saint-\u00c9tienne \u00e9largie avec les travaux de l&rsquo;\u00e9t\u00e9 dernier. \u00a9 Radio&hellip;\n","protected":false},"author":2,"featured_media":377158,"comment_status":"","ping_status":"","sticky":false,"template":"","format":"standard","meta":{"footnotes":""},"categories":[9653],"tags":[1111,11,2430,1777,674,1011,27,12,25,4001],"class_list":{"0":"post-377157","1":"post","2":"type-post","3":"status-publish","4":"format-standard","5":"has-post-thumbnail","7":"category-saint-etienne","8":"tag-actu","9":"tag-actualites","10":"tag-auvergne-rhone-alpes","11":"tag-eu","12":"tag-europe","13":"tag-fr","14":"tag-france","15":"tag-news","16":"tag-republique-francaise","17":"tag-saint-etienne"},"share_on_mastodon":{"url":"https:\/\/pubeurope.com\/@fr\/115173128086001635","error":""},"_links":{"self":[{"href":"https:\/\/www.europesays.com\/fr\/wp-json\/wp\/v2\/posts\/377157","targetHints":{"allow":["GET"]}}],"collection":[{"href":"https:\/\/www.europesays.com\/fr\/wp-json\/wp\/v2\/posts"}],"about":[{"href":"https:\/\/www.europesays.com\/fr\/wp-json\/wp\/v2\/types\/post"}],"author":[{"embeddable":true,"href":"https:\/\/www.europesays.com\/fr\/wp-json\/wp\/v2\/users\/2"}],"replies":[{"embeddable":true,"href":"https:\/\/www.europesays.com\/fr\/wp-json\/wp\/v2\/comments?post=377157"}],"version-history":[{"count":0,"href":"https:\/\/www.europesays.com\/fr\/wp-json\/wp\/v2\/posts\/377157\/revisions"}],"wp:featuredmedia":[{"embeddable":true,"href":"https:\/\/www.europesays.com\/fr\/wp-json\/wp\/v2\/media\/377158"}],"wp:attachment":[{"href":"https:\/\/www.europesays.com\/fr\/wp-json\/wp\/v2\/media?parent=377157"}],"wp:term":[{"taxonomy":"category","embeddable":true,"href":"https:\/\/www.europesays.com\/fr\/wp-json\/wp\/v2\/categories?post=377157"},{"taxonomy":"post_tag","embeddable":true,"href":"https:\/\/www.europesays.com\/fr\/wp-json\/wp\/v2\/tags?post=377157"}],"curies":[{"name":"wp","href":"https:\/\/api.w.org\/{rel}","templated":true}]}}