{"id":377165,"date":"2025-09-09T07:23:13","date_gmt":"2025-09-09T07:23:13","guid":{"rendered":"https:\/\/www.europesays.com\/fr\/377165\/"},"modified":"2025-09-09T07:23:13","modified_gmt":"2025-09-09T07:23:13","slug":"bloquons-tout-le-10-septembre-ce-qui-est-prevu-dans-le-var","status":"publish","type":"post","link":"https:\/\/www.europesays.com\/fr\/377165\/","title":{"rendered":"\u00ab\u00a0Bloquons tout\u00a0\u00bb le 10 septembre\u00a0: ce qui est pr\u00e9vu dans le Var"},"content":{"rendered":"<p><img loading=\"lazy\" decoding=\"async\" alt=\"\u00a9 Google Street View - Le mouvement &quot;Bloquons tout&quot; appelle \u00e0 un rassemblement le 10 septembre devant le lyc\u00e9e Dumont d'Urville \u00e0 Toulon.\" data-zoom-src=\"https:\/\/www.europesays.com\/fr\/wp-content\/uploads\/2025\/09\/initial-bloquons-tout-toulon-10-septembre.jpg\" data-zoomable=\"\" height=\"702\" src=\"https:\/\/www.europesays.com\/fr\/wp-content\/uploads\/2025\/09\/initial-bloquons-tout-toulon-10-septembre.jpg\" width=\"1248\"\/>  <\/p>\n<p class=\"article-desc\">\u00a9 Google Street View &#8211; Le mouvement \u00ab\u00a0Bloquons tout\u00a0\u00bb appelle \u00e0 un rassemblement le 10 septembre devant le lyc\u00e9e Dumont d&rsquo;Urville \u00e0 Toulon. <\/p>\n<p>Un nouveau mouvement citoyen d\u2019ampleur \u00e0 l\u2019image de celui de 2018 est-il en train d\u2019\u00e9merger\u00a0? <strong>Syndicats <\/strong>comme <strong>anciens Gilets Jaunes<\/strong> appellent \u00e0 la mobilisation dans le Var ce 10 septembre dans le cadre du <strong>mouvement \u00ab\u00a0Bloquons tout\u00a0\u00bb<\/strong>, lui aussi n\u00e9 sur les r\u00e9seaux sociaux. <\/p>\n<p> Hyper U aux Arcs, Leroy Merlin \u00e0 La Valette\u00a0: les lieux de rendez-vous <\/p>\n<p>Plusieurs rassemblements sont pr\u00e9vus <strong>\u00e0 partir de 5 h du matin sur le parking de l\u2019Hyper U aux Arcs-sur-Argens<\/strong>. Une ambiance conviviale est annonc\u00e9e avec \u00ab\u00a0pique-nique partag\u00e9\u00a0\u00bb et \u00ab\u00a0une assembl\u00e9e populaire et citoyenne\u00a0\u00bb au parc du R\u00e9al \u00e0 Puget-sur-Argens. <\/p>\n<p><strong>A La Valette, c\u2019est le parking du Leroy Merlin<\/strong>, au niveau de l\u2019Avenue 83, qui sera notamment occup\u00e9 par la CGT du Var qui appelle \u00e0 \u00ab\u00a0bloquer l\u2019\u00e9conomie\u00a0\u00bb et, par cons\u00e9quent \u00e0 \u00ab\u00a0faire gr\u00e8ve\u00a0\u00bb. <\/p>\n<p>Si pour l\u2019instant, l\u2019op\u00e9ration comprend surtout de l\u2019information aux citoyens, le syndicat n\u2019exclut pas un effet de blocage. La manifestation est pr\u00e9vue \u00e0 9 h.<\/p>\n<p> \u00ab\u00a0Bloquons tout\u00a0\u00bb : quelle mobilisation \u00e0 Toulon le 10 septembre ? <\/p>\n<p>Le <strong>lyc\u00e9e Dumont d\u2019Urville <\/strong>sera le si\u00e8ge de la mobilisation \u00e0 Toulon. D\u00e9but de la manifestation pr\u00e9vu \u00e0 <strong>7 h 15<\/strong>. <\/p>\n<p>10 septembre dans le Var\u00a0: et les autoroutes\u00a0? <\/p>\n<p>Au Muy comme \u00e0 Bandol, des rassemblements sont annonc\u00e9s au niveau des sorties d\u2019autoroute. <strong>Au Muy<\/strong>, le rendez-vous est donn\u00e9 au rond-point de la sortie de l\u2019A8 \u00e0 <strong>9 h<\/strong>. <strong>Pour Bandol, 10 h<\/strong> au niveau du rond-point du p\u00e9age. <\/p>\n<p>Des perturbations sont \u00e0 pr\u00e9voir au niveau des trains, notamment sur l\u2019axe Toulon-Marseille. <\/p>\n<p>Des \u00e9v\u00e9nements sont \u00e9galement annonc\u00e9s sur <strong>les berges du Caramy, \u00e0 Brignoles<\/strong>, \u00e0 partir de 11 h, ou encore \u00e0 <strong>Cuers<\/strong> et <strong>Montauroux<\/strong>.<\/p>\n","protected":false},"excerpt":{"rendered":"\u00a9 Google Street View &#8211; Le mouvement \u00ab\u00a0Bloquons tout\u00a0\u00bb appelle \u00e0 un rassemblement le 10 septembre devant le&hellip;\n","protected":false},"author":2,"featured_media":377166,"comment_status":"","ping_status":"","sticky":false,"template":"","format":"standard","meta":{"footnotes":""},"categories":[9619],"tags":[48300,1111,11,47212,1777,674,1011,27,11611,12,882,25,2310],"class_list":{"0":"post-377165","1":"post","2":"type-post","3":"status-publish","4":"format-standard","5":"has-post-thumbnail","7":"category-toulon","8":"tag-10-septembre","9":"tag-actu","10":"tag-actualites","11":"tag-bloquons-tout","12":"tag-eu","13":"tag-europe","14":"tag-fr","15":"tag-france","16":"tag-gru00e8ves","17":"tag-news","18":"tag-provence-alpes-cote-dazur","19":"tag-republique-francaise","20":"tag-toulon"},"share_on_mastodon":{"url":"https:\/\/pubeurope.com\/@fr\/115173143638453515","error":""},"_links":{"self":[{"href":"https:\/\/www.europesays.com\/fr\/wp-json\/wp\/v2\/posts\/377165","targetHints":{"allow":["GET"]}}],"collection":[{"href":"https:\/\/www.europesays.com\/fr\/wp-json\/wp\/v2\/posts"}],"about":[{"href":"https:\/\/www.europesays.com\/fr\/wp-json\/wp\/v2\/types\/post"}],"author":[{"embeddable":true,"href":"https:\/\/www.europesays.com\/fr\/wp-json\/wp\/v2\/users\/2"}],"replies":[{"embeddable":true,"href":"https:\/\/www.europesays.com\/fr\/wp-json\/wp\/v2\/comments?post=377165"}],"version-history":[{"count":0,"href":"https:\/\/www.europesays.com\/fr\/wp-json\/wp\/v2\/posts\/377165\/revisions"}],"wp:featuredmedia":[{"embeddable":true,"href":"https:\/\/www.europesays.com\/fr\/wp-json\/wp\/v2\/media\/377166"}],"wp:attachment":[{"href":"https:\/\/www.europesays.com\/fr\/wp-json\/wp\/v2\/media?parent=377165"}],"wp:term":[{"taxonomy":"category","embeddable":true,"href":"https:\/\/www.europesays.com\/fr\/wp-json\/wp\/v2\/categories?post=377165"},{"taxonomy":"post_tag","embeddable":true,"href":"https:\/\/www.europesays.com\/fr\/wp-json\/wp\/v2\/tags?post=377165"}],"curies":[{"name":"wp","href":"https:\/\/api.w.org\/{rel}","templated":true}]}}