{"id":377167,"date":"2025-09-09T07:24:12","date_gmt":"2025-09-09T07:24:12","guid":{"rendered":"https:\/\/www.europesays.com\/fr\/377167\/"},"modified":"2025-09-09T07:24:12","modified_gmt":"2025-09-09T07:24:12","slug":"primark-arrive-a-montpellier-que-cachent-les-5-000-m2-du-nouveau-magasin-inaugures-ce-mercredi","status":"publish","type":"post","link":"https:\/\/www.europesays.com\/fr\/377167\/","title":{"rendered":"Primark arrive \u00e0 Montpellier\u00a0: que cachent les 5\u00a0000\u00a0m2 du nouveau magasin, inaugur\u00e9s ce mercredi\u00a0?"},"content":{"rendered":"<p>\n                                                                Le nouveau directeur de l\u2019enseigne, qui ouvre ce mercredi au sein du centre commercial Odysseum, promet \u00ab\u00a0un moment festif\u00a0\u00bb et peut-\u00eatre quelques files d\u2019attente.\n                            <\/p>\n<p>\u00c0 quoi faut-il s\u2019attendre ce mercredi 10\u00a0octobre, \u00e0 l\u2019occasion de<a href=\"https:\/\/www.midilibre.fr\/2025\/09\/07\/le-geant-primark-ouvre-a-montpellier-je-ne-reconnais-pas-mon-entreprise-dans-le-terme-de-fast-fashion-12910573.php\" target=\"_self\" rel=\"nofollow noopener\"> l\u2019ouverture de l\u2019enseigne irlandaise Primark au sein du centre commercial Odysseum<\/a>\u00a0? \u00ab\u00a0A une grande file d\u2019attente et un bon moment festif, on l\u2019esp\u00e8re\u00a0!\u00a0\u00bb, r\u00e9pond le nouveau directeur du magasin montpelli\u00e9rain, Jean-Christophe Ratsimihah. Arriv\u00e9 de Cagnes-sur-Mer pour r\u00e9cup\u00e9rer les cl\u00e9s de l\u2019immense surface dont les travaux se sont termin\u00e9s il y a une dizaine de jours, le nouveau patron\u00a0conna\u00eet bien le secteur. Apr\u00e8s une enfance pass\u00e9e entre B\u00e9ziers et Montpellier, il a un temps occup\u00e9 le poste de chef de rayon\u2026 chez le voisin D\u00e9cathlon.<\/p>\n<p>Un DJ pour faire patienter les clients<\/p>\n<p>\u00ab\u00a0<a href=\"https:\/\/www.midilibre.fr\/2025\/08\/31\/primark-debarque-a-montpellier-je-sais-deja-ce-que-je-vais-acheter-lenseigne-de-shopping-a-petits-prix-suscite-lengouement-a-odysseum-12892666.php\" target=\"_self\" rel=\"nofollow noopener\">On sait qu\u2019une ouverture de Primark a tendance \u00e0 attirer\u00a0beaucoup de monde<\/a>, le premier jour et globalement sur les trois premi\u00e8res semaines. On a travaill\u00e9 avec les \u00e9quipes du centre commercial Odysseum pour fluidifier au maximum de trafic et contenter les visiteurs.\u00a0\u00bb\u00a0Avec, notamment, une animation DJ pour faire patienter les clients en musique. L\u2019ouverture est annonc\u00e9e pour 10\u00a0h pr\u00e9cise, quelques minutes apr\u00e8s le traditionnel coup\u00e9 de ruban. <a href=\"https:\/\/www.midilibre.fr\/2025\/08\/31\/je-ne-vais-pas-faire-la-lecon-aux-gens-le-maire-de-montpellier-satisfait-de-louverture-prochaine-de-lenseigne-de-fast-fashion-primark-12901639.php\" target=\"_self\" rel=\"nofollow noopener\">Le maire de Montpellier, Micha\u00ebl Delafosse<\/a>, mais aussi l\u2019ambassadeur d\u2019Irlande en France, devraient \u00eatre pr\u00e9sents.<\/p>\n<p>Sur l\u2019emplacement de l\u2019ancien bowling-karting<\/p>\n<p>\u00c0 Montpellier, Primark promet l\u2019un des plus grands magasins de la marque en France, ouvert du lundi au samedi de 10\u00a0h \u00e0 20\u00a0h. 5 300\u00a0m2 de surface commerciale r\u00e9partis sur trois niveaux, sur un emplacement occup\u00e9 jusqu\u2019en 2014 par un vaste complexe de loisirs proposant bowling et karting. L\u2019acc\u00e8s se fera soit par le niveau 0, soit par le niveau principal o\u00f9 une plateforme a sp\u00e9cialement \u00e9t\u00e9 am\u00e9nag\u00e9e \u00e0 c\u00f4t\u00e9 du magasin Zara.<\/p>\n<p>\u00ab\u00a0Ce sera notre acc\u00e8s principal, qui desservira l\u2019\u00e9tage de la mode f\u00e9minine. En dessous, on retrouvera les accessoires, la lingerie et la mode masculine. Et enfin, au niveau de l\u2019entresol, l\u2019univers enfant et maison. C\u2019est un b\u00e2timent atypique, avec d\u2019immenses volumes, notamment parce qu\u2019on a r\u00e9ussi \u00e0 garder la hauteur et la profondeur\u00a0de l\u2019ancienne\u00a0piste de karting.\u00a0\u00bb<\/p>\n<p>Concurrence accrue dans le secteur du pr\u00eat-\u00e0-porter<\/p>\n<p>Avec l\u2019arriv\u00e9e de Primark, c\u2019est un mastodonte du pr\u00eat-\u00e0-porter qui rejoint le centre commercial Odysseum, et\u00a0qui vient s\u2019immiscer entre d\u2019autres grands noms du secteur\u00a0: Zara, H\u00a0&amp; M, Celio, Bershka ou encore\u00a0Stradivarius<strong>.\u00a0<\/strong>Pas de quoi inqui\u00e9ter\u00a0Jean-Christophe Ratsimihah. \u00ab\u00a0Nous sommes habitu\u00e9s \u00e0 \u00eatre en concurrence avec d\u2019autres magasins, et notamment ceux du groupe Inditex (l\u2019un des plus gros vendeurs de pr\u00eat-\u00e0-porter au monde, propri\u00e9taire notamment de Bershka et Zara, NDLR), dans une configuration de centre commercial. Lors de nos \u00e9tudes de march\u00e9, nous avons constat\u00e9 que les Montpelli\u00e9rains, les N\u00eemois et les Biterrois se rendaient sur nos magasins de Toulouse et surtout Marseille. Il y avait vraiment la place pour ouvrir un magasin \u00e0 Montpellier.\u00a0\u00bb<\/p>\n","protected":false},"excerpt":{"rendered":"Le nouveau directeur de l\u2019enseigne, qui ouvre ce mercredi au sein du centre commercial Odysseum, promet \u00ab\u00a0un moment&hellip;\n","protected":false},"author":2,"featured_media":377168,"comment_status":"","ping_status":"","sticky":false,"template":"","format":"standard","meta":{"footnotes":""},"categories":[9599],"tags":[1111,11,1777,674,1011,27,2208,12,2680,25],"class_list":{"0":"post-377167","1":"post","2":"type-post","3":"status-publish","4":"format-standard","5":"has-post-thumbnail","7":"category-montpellier","8":"tag-actu","9":"tag-actualites","10":"tag-eu","11":"tag-europe","12":"tag-fr","13":"tag-france","14":"tag-montpellier","15":"tag-news","16":"tag-occitanie","17":"tag-republique-francaise"},"share_on_mastodon":{"url":"https:\/\/pubeurope.com\/@fr\/115173147491144086","error":""},"_links":{"self":[{"href":"https:\/\/www.europesays.com\/fr\/wp-json\/wp\/v2\/posts\/377167","targetHints":{"allow":["GET"]}}],"collection":[{"href":"https:\/\/www.europesays.com\/fr\/wp-json\/wp\/v2\/posts"}],"about":[{"href":"https:\/\/www.europesays.com\/fr\/wp-json\/wp\/v2\/types\/post"}],"author":[{"embeddable":true,"href":"https:\/\/www.europesays.com\/fr\/wp-json\/wp\/v2\/users\/2"}],"replies":[{"embeddable":true,"href":"https:\/\/www.europesays.com\/fr\/wp-json\/wp\/v2\/comments?post=377167"}],"version-history":[{"count":0,"href":"https:\/\/www.europesays.com\/fr\/wp-json\/wp\/v2\/posts\/377167\/revisions"}],"wp:featuredmedia":[{"embeddable":true,"href":"https:\/\/www.europesays.com\/fr\/wp-json\/wp\/v2\/media\/377168"}],"wp:attachment":[{"href":"https:\/\/www.europesays.com\/fr\/wp-json\/wp\/v2\/media?parent=377167"}],"wp:term":[{"taxonomy":"category","embeddable":true,"href":"https:\/\/www.europesays.com\/fr\/wp-json\/wp\/v2\/categories?post=377167"},{"taxonomy":"post_tag","embeddable":true,"href":"https:\/\/www.europesays.com\/fr\/wp-json\/wp\/v2\/tags?post=377167"}],"curies":[{"name":"wp","href":"https:\/\/api.w.org\/{rel}","templated":true}]}}