{"id":377169,"date":"2025-09-09T07:25:11","date_gmt":"2025-09-09T07:25:11","guid":{"rendered":"https:\/\/www.europesays.com\/fr\/377169\/"},"modified":"2025-09-09T07:25:11","modified_gmt":"2025-09-09T07:25:11","slug":"10-septembre-dans-lherault-le-prefet-fait-deployer-des-drones-a-sete-et-montpellier","status":"publish","type":"post","link":"https:\/\/www.europesays.com\/fr\/377169\/","title":{"rendered":"10 septembre dans l&rsquo;H\u00e9rault : le pr\u00e9fet fait d\u00e9ployer des drones \u00e0 S\u00e8te et Montpellier"},"content":{"rendered":"<p>\t\t\t\t<a href=\"https:\/\/www.europesays.com\/fr\/wp-content\/uploads\/2025\/09\/Lauch.jpg\" data-lightbox=\"lb\" data-title=\"Le pr\u00e9fet de l'H\u00e9rault, Fran\u00e7ois-Xavier Lauch, lors d'une c\u00e9r\u00e9monie officielle au parc du Peyrou \u00e0 Montpellier. (Mathieu Le Coz\/ Hans Lucas)\"><br \/>\n\t\t\t\t\t<img decoding=\"async\" class=\"wp-image-7214 size-full\" src=\"https:\/\/www.europesays.com\/fr\/wp-content\/uploads\/2025\/09\/Lauch.jpg\"\/><br \/>\n\t\t\t\t<\/a><\/p>\n<p>Le pr\u00e9fet de l&rsquo;H\u00e9rault, Fran\u00e7ois-Xavier Lauch, lors d&rsquo;une c\u00e9r\u00e9monie officielle au parc du Peyrou \u00e0 Montpellier. (Mathieu Le Coz\/ Hans Lucas)<\/p>\n<p><strong>Dans un arr\u00eat\u00e9 pr\u00e9fectoral du 8 septembre, Fran\u00e7ois-Xavier Lauch, pr\u00e9fet de l\u2019H\u00e9rault, autorise des captations d\u2019images par drones le 10 septembre en centre-ville de Montpellier, dans le quartier des facs et \u00e0 S\u00e8te et Frontignan<\/strong><\/p>\n<p>L\u2019\u00c9tat aurait-il peur du mouvement du 10 septembre ? Bruno Retailleau, ministre de l\u2019Int\u00e9rieur, l\u2019a annonc\u00e9 : il ne laisserait aucun blocage s\u2019installer. Dans l\u2019H\u00e9rault, le pr\u00e9fet, Fran\u00e7ois-Xavier Lauch, a autoris\u00e9 par arr\u00eat\u00e9 la captation d\u2019images par drones dans le centre-ville de Montpellier, dans le quartier h\u00f4pitaux-facult\u00e9s ainsi qu\u2019\u00e0 S\u00e8te, visant \u00e0\u201canticiper toute menace, en particulier la formation de manifestation \u00e0 l\u2019encontre de l\u2019\u00e9v\u00e8nement\u201d. L\u2019arr\u00eat\u00e9 pr\u00e9cise \u00e9galement que ces manifestations ne font pas l\u2019objet de d\u00e9claration en pr\u00e9fecture et qu\u2019un \u201cimportant dispositif de s\u00e9curit\u00e9 sera d\u00e9ploy\u00e9\u201d. Les manifestants savent donc \u00e0 quoi s\u2019attendre\u2026<\/p>\n<p>Outre le \u201crisque de trouble \u00e0 l\u2019ordre public\u201d que peut g\u00e9n\u00e9rer le mouvement, le pr\u00e9fet justifie sa mesure par le \u201crisque tr\u00e8s \u00e9lev\u00e9 de menace terroriste qui continue de peser sur notre pays\u201c, notamment \u201c\u00e0 la suite de l\u2019attentat de Moscou du 22 mars 2024 revendiqu\u00e9 par l\u2019\u00c9tat d\u2019Islamiste\u201d. <\/p>\n<p>A Montpellier, la manifestation partira de la place de la Com\u00e9die \u00e0 11 heures. <\/p>\n<p>Nos articles sont gratuits car nous pensons que la presse ind\u00e9pendante doit \u00eatre accessible \u00e0 toutes et tous. Pourtant, produire une information engag\u00e9e et de qualit\u00e9 n\u00e9cessite du temps et de l\u2019argent, surtout quand on refuse d\u2019\u00eatre aux ordres de Bollor\u00e9 et de ses amis\u2026 Pourvu que \u00e7a dure\u00a0! \u00c7a tombe bien, \u00e7a ne tient qu\u2019\u00e0 vous :<\/p>\n","protected":false},"excerpt":{"rendered":"Le pr\u00e9fet de l&rsquo;H\u00e9rault, Fran\u00e7ois-Xavier Lauch, lors d&rsquo;une c\u00e9r\u00e9monie officielle au parc du Peyrou \u00e0 Montpellier. (Mathieu Le&hellip;\n","protected":false},"author":2,"featured_media":377170,"comment_status":"","ping_status":"","sticky":false,"template":"","format":"standard","meta":{"footnotes":""},"categories":[9599],"tags":[1111,11,1777,674,1011,27,2208,12,2680,25],"class_list":{"0":"post-377169","1":"post","2":"type-post","3":"status-publish","4":"format-standard","5":"has-post-thumbnail","7":"category-montpellier","8":"tag-actu","9":"tag-actualites","10":"tag-eu","11":"tag-europe","12":"tag-fr","13":"tag-france","14":"tag-montpellier","15":"tag-news","16":"tag-occitanie","17":"tag-republique-francaise"},"share_on_mastodon":{"url":"https:\/\/pubeurope.com\/@fr\/115173151590877346","error":""},"_links":{"self":[{"href":"https:\/\/www.europesays.com\/fr\/wp-json\/wp\/v2\/posts\/377169","targetHints":{"allow":["GET"]}}],"collection":[{"href":"https:\/\/www.europesays.com\/fr\/wp-json\/wp\/v2\/posts"}],"about":[{"href":"https:\/\/www.europesays.com\/fr\/wp-json\/wp\/v2\/types\/post"}],"author":[{"embeddable":true,"href":"https:\/\/www.europesays.com\/fr\/wp-json\/wp\/v2\/users\/2"}],"replies":[{"embeddable":true,"href":"https:\/\/www.europesays.com\/fr\/wp-json\/wp\/v2\/comments?post=377169"}],"version-history":[{"count":0,"href":"https:\/\/www.europesays.com\/fr\/wp-json\/wp\/v2\/posts\/377169\/revisions"}],"wp:featuredmedia":[{"embeddable":true,"href":"https:\/\/www.europesays.com\/fr\/wp-json\/wp\/v2\/media\/377170"}],"wp:attachment":[{"href":"https:\/\/www.europesays.com\/fr\/wp-json\/wp\/v2\/media?parent=377169"}],"wp:term":[{"taxonomy":"category","embeddable":true,"href":"https:\/\/www.europesays.com\/fr\/wp-json\/wp\/v2\/categories?post=377169"},{"taxonomy":"post_tag","embeddable":true,"href":"https:\/\/www.europesays.com\/fr\/wp-json\/wp\/v2\/tags?post=377169"}],"curies":[{"name":"wp","href":"https:\/\/api.w.org\/{rel}","templated":true}]}}