{"id":377171,"date":"2025-09-09T07:26:09","date_gmt":"2025-09-09T07:26:09","guid":{"rendered":"https:\/\/www.europesays.com\/fr\/377171\/"},"modified":"2025-09-09T07:26:09","modified_gmt":"2025-09-09T07:26:09","slug":"maromme-fait-peau-neuve-et-voici-quand","status":"publish","type":"post","link":"https:\/\/www.europesays.com\/fr\/377171\/","title":{"rendered":"Maromme fait peau neuve et voici quand"},"content":{"rendered":"<p>            Par<br \/>\n        <strong><br \/>\n            <a href=\"https:\/\/actu.fr\/auteur\/jessie-leclerc\" title=\"Consulter tous les articles de Jessie Leclerc\" target=\"_blank\" rel=\"noopener\">Jessie Leclerc<\/a><br \/>\n        <\/strong><\/p>\n<p>        Publi\u00e9 le<\/p>\n<p>            9 sept. 2025 \u00e0 8h02        <\/p>\n<p><strong>La ville de Maromme<\/strong>, <a href=\"https:\/\/actu.fr\/normandie\/rouen_76540\" target=\"_blank\" rel=\"noopener\">pr\u00e8s de Rouen (Seine-Maritime)<\/a>, entre dans une nouvelle phase de transformation. Le maire, David Lamiray confirme deux grands projets\u2009:<strong> une nouvelle mairie<\/strong> et un<strong> parc<\/strong>\u00a0<strong>enti\u00e8rement v\u00e9g\u00e9talis\u00e9<\/strong>. Et on sait enfin quand tout devrait \u00eatre livr\u00e9.<\/p>\n<p>Un changement n\u00e9cessaire<\/p>\n<p class=\" wall-content\">On y voit d\u00e9sormais plus clair dans les travaux qui concernent le d\u00e9m\u00e9nagement de l\u2019h\u00f4tel de ville de Maromme. Ce mercredi 3 septembre 2025, David Lamiray d\u00e9taille<strong> l\u2019avancement du projet<\/strong>, de sa gen\u00e8se \u00e0 sa future concr\u00e9tisation.<\/p>\n<p class=\" wall-content\">L\u2019id\u00e9e d\u2019une nouvelle mairie est dans les esprits de l\u2019\u00e9quipe municipale depuis de nombreuses ann\u00e9es. \u00ab\u2009Au-del\u00e0 de l\u2019aspect \u00e9cologique, l\u2019actuel b\u00e2timent n\u2019est pas accessible pour les <a href=\"https:\/\/actu.fr\/normandie\/rouen_76540\/ils-visitent-l-armada-de-rouen-en-fauteuil-roulant-c-est-tres-complexe_59721026.html\" target=\"_blank\" rel=\"noopener\">personnes \u00e0 mobilit\u00e9 r\u00e9duite<\/a>, d\u00e9nonce David Lamiray. C\u2019est un peu honteux la fa\u00e7on dont on fonctionne ici.\u2009\u00bb<\/p>\n<p>Du neuf dans du vieux\u2009: la mairie retourne \u00e0 ses racines<\/p>\n<p class=\" wall-content\">Les services de la mairie sont d\u00e9plac\u00e9s dans l\u2019ancienne marie, juste \u00e0 c\u00f4t\u00e9. Construite en 1832, elle avait \u00e9t\u00e9 d\u00e9sert\u00e9e au milieu des ann\u00e9es 1960. Fragilis\u00e9 par le temps et des <a href=\"https:\/\/actu.fr\/normandie\/maromme_76410\/a-maromme-pourquoi-cette-maison-instable-est-toujours-a-l-abandon_62660635.html\" target=\"_blank\" rel=\"noopener\">probl\u00e8mes sur sa structure<\/a>, <strong>le b\u00e2timent a bien failli dispara\u00eetre<\/strong>. \u00ab\u2009Encore cinq ans et patata et il n\u2019aurait pas tenu debout\u2009\u00bb, confie le maire.<\/p>\n<p class=\" wall-content\">\u00ab\u2009On a consult\u00e9 les habitants sur ce que l\u2019on allait faire du b\u00e2timent\u2009: le vendre \u00e0 un promoteur, le raser\u2026 explique David Lamiray. Et \u00e0 98\u2009%, tous ont souhait\u00e9 que l\u2019on y r\u00e9installe la mairie.\u2009\u00bb<\/p>\n<blockquote class=\"ac-article-quote wall-content\">\n<p>La r\u00e9habilitation de la mairie est la derni\u00e8re touche du r\u00e9am\u00e9nagement global de la ville.<\/p>\n<p>    <strong>David Lamiray<\/strong><br \/>\n        Maire de Maromme    <\/p><\/blockquote>\n<p class=\" wall-content\">Sur les photos, difficile de s\u2019imaginer un h\u00f4tel de ville.<\/p>\n<p>Votre r\u00e9gion, votre actu !<\/p>\n<p>Recevez chaque jour les infos qui comptent pour vous.<\/p>\n<p>\t<a href=\"https:\/\/actu.fr\/newsletter\" class=\"ac-btn ac-btn--corner ac-btn--medium ac-btn--blue800\" target=\"_blank\" rel=\"noopener\">S&rsquo;incrire<\/a><\/p>\n<p class=\" wall-content\">Pourtant, c\u2019est bien \u00e0 sa place d\u2019origine qu\u2019il retournera. <strong>Mais quand\u2009?<\/strong><\/p>\n<p>Des travaux complexes marqu\u00e9s par des impr\u00e9vus<\/p>\n<p class=\" wall-content\">La fin des travaux \u00e9tait initialement pr\u00e9vue \u00e0 l\u2019\u00e9t\u00e9 <strong>2026<\/strong>, mais ces derniers s\u2019\u00e9tendent \u00e0 <strong>octobre de la m\u00eame ann\u00e9e<\/strong>. Un retard de trois mois caus\u00e9 par de \u00ab\u2009mauvaises surprises\u2009\u00bb.<\/p>\n<p class=\" wall-content\">En septembre\u00a02024, le bilan tombe\u2009: un diagnostic pour pr\u00e9sence de m\u00e9rule, un champignon d\u00e9vastateur, et d\u2019amiante est pos\u00e9. Il retarde l\u2019ensemble des travaux du site. Et alors que tout semblait avoir \u00e9t\u00e9 retir\u00e9, des traces de ces deux b\u00eates noires sont retrouv\u00e9es de nouveau.<\/p>\n<p class=\" wall-content\">Petit \u00e0 petit, d\u2019autres probl\u00e8mes sont relev\u00e9s. \u00ab\u2009On a d\u00e9couvert une faiblesse de la structure, des poutres ma\u00eetresses \u00e9taient pourries. Le b\u00e2timent a \u00e9t\u00e9 rafistol\u00e9 au fil des ann\u00e9es, des pansements sur une jambe de bois\u2009\u00bb, d\u00e9clare-t-il.<\/p>\n<p class=\" wall-content\">C\u2019est donc \u00ab\u2009un accouchement difficile, mais qui en vaut la peine, affirme David Lamiray. Il faut dire que peu de communes r\u00e9alisent un h\u00f4tel de ville au XXIe\u00a0si\u00e8cle.\u2009\u00bb<\/p>\n<p>Un lieu de vie<\/p>\n<p class=\" wall-content\">Cette mairie, mitoyenne \u00e0 <strong>la future m\u00e9diath\u00e8que<\/strong> sera, selon le maire, \u00ab\u2009un centre hyperconnect\u00e9, convivial et <a href=\"https:\/\/actu.fr\/normandie\/montivilliers_76447\/un-nouveau-quartier-ecoresponsable-et-tourne-vers-l-avenir-sort-bientot-de-terre-a-montivilliers_62601718.html\" target=\"_blank\" rel=\"noopener\">aux normes environnementales<\/a>\u2009\u00bb.<\/p>\n<p class=\" wall-content\">La r\u00e9novation annonc\u00e9e \u00e0 <strong>10,5\u00a0millions d\u2019euros<\/strong>, avec un budget en r\u00e9alit\u00e9 \u00ab\u2009revu \u00e0 la baisse\u2009\u00bb, est soutenue en partie par la M\u00e9tropole, l\u2019\u00c9tat et le Fond Vert.<\/p>\n<p class=\" wall-content\"><strong>L\u2019espace accueillera\u2009:<\/strong><\/p>\n<ul class=\" wall-content\">\n<li>Les services de la commune<\/li>\n<li>Un amphith\u00e9\u00e2tre de 70 places<\/li>\n<li>Un coin coworking pour les micro-entrepreneurs<\/li>\n<li>Une salle des mariages<\/li>\n<li>Des archives dans le sous-sol<\/li>\n<li>Et la m\u00e9diath\u00e8que<\/li>\n<\/ul>\n<p class=\" wall-content\">Le b\u00e2timent poss\u00e9dera aussi <a href=\"https:\/\/actu.fr\/normandie\/franqueville-saint-pierre_76475\/des-panneaux-photovoltaiques-bientot-installes-dans-un-stade-et-un-cimetiere-pres-de-rouen_62025934.html\" target=\"_blank\" rel=\"noopener\">des panneaux photovolta\u00efques<\/a> et des cuves de r\u00e9cup\u00e9ration des eaux.<\/p>\n<p class=\" wall-content\">Quant aux locaux actuels de l\u2019h\u00f4tel de ville, ils seront vendus au bailleur social Log\u00e9al et transform\u00e9s <strong>en 18 appartements<\/strong>. Le hall accueillera une \u00ab\u2009petite cellule commerciale\u2009\u00bb.<\/p>\n<p>Un poumon vert en centre-ville<\/p>\n<p class=\" wall-content\">En parall\u00e8le, Maromme s\u2019appr\u00eate \u00e0 inaugurer <strong>un parc de 200\u2009000\u00a0m2<\/strong>. Ce projet amorc\u00e9 en 2008 avec l\u2019acquisition progressive d\u2019une quinzaine d\u2019habitations transforme le centre-ville en un grand espace de v\u00e9g\u00e9tation.<\/p>\n<blockquote class=\"ac-article-quote wall-content\">\n<p>C\u2019est une coul\u00e9e verte d\u2019est en ouest.<\/p>\n<p>    <strong>David Lamiray<\/strong><br \/>\n        Maire de Maromme    <\/p><\/blockquote>\n<p class=\" wall-content\">Une centaine d\u2019arbres, 40\u2009000 <a href=\"https:\/\/actu.fr\/normandie\/rouen_76540\/comment-le-jardin-des-plantes-de-rouen-s-adapte-au-changement-climatique_62903319.html\" target=\"_blank\" rel=\"noopener\">essences de plantes<\/a>, des points d\u2019eau, des jeux et des espaces de repos garnissent d\u00e9j\u00e0 les lieux.<\/p>\n<p class=\" wall-content\">Le parc ouvre ses portes au public le 10\u00a0septembre 2025. Il sera inaugur\u00e9 officiellement le <strong>26\u00a0septembre \u00e0 17h<\/strong>.<\/p>\n<p>Suivez l\u2019actualit\u00e9 de Rouen <a href=\"https:\/\/www.whatsapp.com\/channel\/0029VaKfnf99hXF2ddApFB1D\" target=\"_blank\" rel=\"noopener\">sur notre cha\u00eene WhatsApp<\/a> et <a href=\"https:\/\/www.tiktok.com\/@76actu.fr?lang=fr\" target=\"_blank\" rel=\"noopener\">sur notre compte TikTok<\/a><\/p>\n<p class=\" wall-content\">Personnalisez votre actualit\u00e9 en ajoutant vos villes et m\u00e9dias en favori avec <a href=\"https:\/\/moncompte.actu.fr\" title=\"D\u00e9couvez Mon Actu\" rel=\"nofollow noopener\" data-trk=\"{&quot;cta&quot;:{&quot;action&quot;:&quot;https:\\\/\\\/moncompte.actu.fr&quot;,&quot;category&quot;:&quot;mon compte&quot;,&quot;from&quot;:&quot;article footer&quot;,&quot;name&quot;:&quot;Mon actu&quot;,&quot;type&quot;:&quot;cta&quot;}}\" target=\"_blank\">Mon Actu<\/a>.<\/p>\n<p>                    <script async src=\"\/\/www.tiktok.com\/embed.js\"><\/script><\/p>\n","protected":false},"excerpt":{"rendered":"Par Jessie Leclerc Publi\u00e9 le 9 sept. 2025 \u00e0 8h02 La ville de Maromme, pr\u00e8s de Rouen (Seine-Maritime),&hellip;\n","protected":false},"author":2,"featured_media":377172,"comment_status":"","ping_status":"","sticky":false,"template":"","format":"standard","meta":{"footnotes":""},"categories":[9587],"tags":[1111,11,436,1777,674,1011,27,6459,12,5161,5765,25,9590,104],"class_list":{"0":"post-377171","1":"post","2":"type-post","3":"status-publish","4":"format-standard","5":"has-post-thumbnail","7":"category-rouen","8":"tag-actu","9":"tag-actualites","10":"tag-environnement","11":"tag-eu","12":"tag-europe","13":"tag-fr","14":"tag-france","15":"tag-logements-sociaux","16":"tag-news","17":"tag-normandie","18":"tag-renovation-urbaine","19":"tag-republique-francaise","20":"tag-rouen","21":"tag-societe"},"share_on_mastodon":{"url":"https:\/\/pubeurope.com\/@fr\/115173155354095465","error":""},"_links":{"self":[{"href":"https:\/\/www.europesays.com\/fr\/wp-json\/wp\/v2\/posts\/377171","targetHints":{"allow":["GET"]}}],"collection":[{"href":"https:\/\/www.europesays.com\/fr\/wp-json\/wp\/v2\/posts"}],"about":[{"href":"https:\/\/www.europesays.com\/fr\/wp-json\/wp\/v2\/types\/post"}],"author":[{"embeddable":true,"href":"https:\/\/www.europesays.com\/fr\/wp-json\/wp\/v2\/users\/2"}],"replies":[{"embeddable":true,"href":"https:\/\/www.europesays.com\/fr\/wp-json\/wp\/v2\/comments?post=377171"}],"version-history":[{"count":0,"href":"https:\/\/www.europesays.com\/fr\/wp-json\/wp\/v2\/posts\/377171\/revisions"}],"wp:featuredmedia":[{"embeddable":true,"href":"https:\/\/www.europesays.com\/fr\/wp-json\/wp\/v2\/media\/377172"}],"wp:attachment":[{"href":"https:\/\/www.europesays.com\/fr\/wp-json\/wp\/v2\/media?parent=377171"}],"wp:term":[{"taxonomy":"category","embeddable":true,"href":"https:\/\/www.europesays.com\/fr\/wp-json\/wp\/v2\/categories?post=377171"},{"taxonomy":"post_tag","embeddable":true,"href":"https:\/\/www.europesays.com\/fr\/wp-json\/wp\/v2\/tags?post=377171"}],"curies":[{"name":"wp","href":"https:\/\/api.w.org\/{rel}","templated":true}]}}