{"id":377182,"date":"2025-09-09T07:33:22","date_gmt":"2025-09-09T07:33:22","guid":{"rendered":"https:\/\/www.europesays.com\/fr\/377182\/"},"modified":"2025-09-09T07:33:22","modified_gmt":"2025-09-09T07:33:22","slug":"strasbourg-une-autoroute-ciblee-par-bloquons-tout","status":"publish","type":"post","link":"https:\/\/www.europesays.com\/fr\/377182\/","title":{"rendered":"Strasbourg. Une autoroute cibl\u00e9e par \u00ab\u00a0Bloquons tout\u00a0\u00bb"},"content":{"rendered":"<p class=\"wp-block-post-excerpt__excerpt\">Des petits papiers ont circul\u00e9 lors de la f\u00eate de d\u00e9part du Premier ministre Fran\u00e7ois Bayrou \u00e0 Strasbourg. Le mouvement \u00ab\u00a0Bloquons tout\u00a0\u00bb a d\u00e9fini son mode d\u2019action pour le mercredi 10 septembre, et appelle \u00e0 se rendre \u00e0 7h \u00e0 l\u2019arr\u00eat de tram Montagne Verte. <\/p>\n<p class=\"font-sans\">\n\t\t\tCet article est en acc\u00e8s libre. Pour soutenir Rue89 Strasbourg,<br \/>\n\t\t\t<a class=\"underline\" href=\"https:\/\/www.rue89strasbourg.com\/abonnement\" rel=\"nofollow noopener\" target=\"_blank\">abonnez-vous<\/a>.\n\t\t<\/p>\n<p>Guillaume Krempp<\/p>\n<p>Publi\u00e9 le 9 septembre 2025\u00a0\u00a0\u00b7\u00a0\u00a0<\/p>\n<p>Imprim\u00e9 le 9 septembre 2025 \u00e0 09h24\u00a0\u00a0\u00b7\u00a0\u00a0<\/p>\n<p>Modifi\u00e9 le 9 septembre 2025\u00a0\u00a0\u00b7\u00a0\u00a0<\/p>\n<p>\t\t\t\t\t3\u00a0minutes\n<\/p>\n<p class=\"has-drop-cap\">Merci Fran\u00e7ois Bayrou\u00a0! Les militants et militantes du mouvement \u00ab\u00a0Bloquons tout\u00a0\u00bb peuvent \u00eatre reconnaissants. \u00c0 deux jours de leur mobilisation pr\u00e9vue mercredi 10 septembre, la chute annonc\u00e9e du Premier ministre a offert l\u2019occasion r\u00eav\u00e9e d\u2019une derni\u00e8re r\u00e9union festive. Plus de 300 personnes \u00e9taient r\u00e9unies place Kl\u00e9ber \u00e0 Strasbourg lundi 8 septembre \u00e0 partir de 20h. Au pied de la statue du g\u00e9n\u00e9ral Kl\u00e9ber, un v\u00e9lo-cargo \u00e9quip\u00e9 d\u2019enceintes diffuse une musique techno qui ravit les \u00e9tudiants et \u00e9tudiantes. S\u2019ensuivent de nombreux slogans chant\u00e9s dans un m\u00e9gaphone. Un air de mobilisation des Gilets jaunes flotte dans l\u2019air\u00a0: \u00ab\u00a0Macron nous fait la guerre et sa police aussi ! Mais on reste d\u00e9ter\u2019 pour bloquer le pays !\u00a0\u00bb Mais la manifestation ce soir-l\u00e0 conna\u00eet une diff\u00e9rence notable\u00a0: un petit papier a circul\u00e9 de mains en mains.<\/p>\n<p><a href=\"https:\/\/www.rue89strasbourg.com\/abonnement\" rel=\"nofollow noopener\" target=\"_blank\"><img loading=\"lazy\" decoding=\"async\" width=\"970\" height=\"250\" src=\"https:\/\/www.europesays.com\/fr\/wp-content\/uploads\/2025\/05\/bannie\u0300re-autopromo-2025-desktop-1.gif\" alt=\"\" class=\"wp-image-343590\" style=\"width:792px\"\/><\/a><\/p>\n<p><a href=\"https:\/\/www.rue89strasbourg.com\/abonnement\" rel=\"nofollow noopener\" target=\"_blank\"><img loading=\"lazy\" decoding=\"async\" width=\"300\" height=\"300\" src=\"https:\/\/www.europesays.com\/fr\/wp-content\/uploads\/2025\/05\/bannieres@2x.png\" alt=\"\" class=\"wp-image-341656\"  \/><\/a><\/p>\n<p>Objectif : bloquer l\u2019autoroute<\/p>\n<p>Sur une place Kl\u00e9ber quadrill\u00e9e par des dizaines de gendarmes mobiles, les manifestants se savent observ\u00e9s. Puisque personne ne veut prendre le risque d\u2019\u00eatre d\u00e9sign\u00e9 comme organisateur des blocages du 10 septembre, l\u2019information circule sur des carr\u00e9s blancs ou jaunes. \u00ab\u00a0Bloquons tout 10 septembre\u00a0\u00bb est titr\u00e9 le papier qui ressemble presque \u00e0 un ticket de caisse. Pour Strasbourg, le rendez-vous est donn\u00e9 \u00e0 l\u2019arr\u00eat de tram Montagne Verte \u00e0 7h du matin. \u00ab\u00a0Venez nombreux et munies d\u2019habits et protections ad\u00e9quats\u00a0\u00bb, indique aussi la petite note qui pr\u00e9cise : \u00ab\u00a0pantalon sombre, veste sombre, masque FFP2\/P3, foulard, \u00e9charpe, gants, s\u00e9rum physiologique et videz votre t\u00e9l\u00e9phone ou partez sans\u00a0!\u00a0\u00bb<\/p>\n<p><img loading=\"lazy\" decoding=\"async\" width=\"792\" height=\"528\" src=\"https:\/\/www.europesays.com\/fr\/wp-content\/uploads\/2025\/09\/54774531896-b240832e81-k-792x528.jpg\" alt=\"\" class=\"wp-image-358629\"  \/> Beaucoup de jeunes \u00e9taient pr\u00e9sents parmi les participants au pot de d\u00e9part. <\/p>\n<p>Le mouvement Bloquons tout ambitionne d\u2019emp\u00eacher la circulation automobile sur les axes autoroutiers \u00e0 proximit\u00e9. L\u2019espoir des militants et militantes est d\u2019\u00eatre suffisamment nombreux en annon\u00e7ant publiquement l\u2019heure et le lieu du rassemblement pr\u00e9vu.<\/p>\n<p>\t\t\u00ab\u00a0Il faut arr\u00eater avec les manifestations\u00a0\u00bb<\/p>\n<p>Ainsi s\u2019est concr\u00e9tis\u00e9 un sentiment exprim\u00e9 \u00e0 maintes reprises dans la foule. Comme le r\u00e9sume Hugues Werl\u00e9, commercial au ch\u00f4mage, ancien Gilet jaune de Molsheim : <\/p>\n<blockquote class=\"wp-block-quote is-layout-flow wp-block-quote-is-layout-flow\">\n<p>\u00ab\u00a0Il faut arr\u00eater avec les manifestations. \u00c7a ne sert \u00e0 rien\u00a0! Ce qu\u2019il faut, ce sont des blocages des flux \u00e9conomiques et financiers.\u00a0\u00bb<\/p>\n<\/blockquote>\n<p>Mercredi 10 septembre, Hugues Werl\u00e9 ne montera pas sur une barricade. Apr\u00e8s avoir \u00e9t\u00e9 plac\u00e9 en garde \u00e0 vue suite \u00e0 l\u2019occupation d\u2019un rond-point, l\u2019homme de 60 ans participera autrement au mouvement : <\/p>\n<blockquote class=\"wp-block-quote is-layout-flow wp-block-quote-is-layout-flow\">\n<p>\u00ab\u00a0J\u2019ai retir\u00e9 600 euros en liquide pour mes d\u00e9penses courantes du mois. Je consommerai le moins possible, j\u2019ach\u00e8terai moins d\u2019essence pour ma voiture et j\u2019irai moins au supermarch\u00e9.\u00a0\u00bb<\/p>\n<\/blockquote>\n<p><img loading=\"lazy\" decoding=\"async\" width=\"792\" height=\"446\" src=\"https:\/\/www.europesays.com\/fr\/wp-content\/uploads\/2025\/09\/pxl-20250908-180458317-792x446.jpg\" alt=\"\" class=\"wp-image-358622\"  \/> Pour Hugues Werl\u00e9, les manifestations sont inutiles. \u00ab\u00a0Il faut bloquer les flux \u00e9conomiques et financiers\u00a0\u00bb, dit-il.Photo\u00a0: Guillaume Krempp \/ Rue89 Strasbourg<\/p>\n<p>\u00c0 quelques pas, une manifestante compte bien s\u2019impliquer dans une action de blocage. De son engagement contre la r\u00e9forme des retraites, l\u2019\u00e9tudiante a tir\u00e9 le sentiment que les manifestations \u00ab\u00a0dans les clous\u00a0\u00bb n\u2019aboutissent \u00e0 aucune victoire. Optimiste, elle est s\u00fbre que le \u00ab\u00a0ras-le-bol g\u00e9n\u00e9ral\u00a0\u00bb autour d\u2019elle se traduira en actions de blocages, notamment sur le campus universitaire.<\/p>\n<p>Il y a enfin ces militants de La France insoumise satisfaits de leurs actions de tractage dans le quartier Esplanade. \u00ab\u00a0Tr\u00e8s souvent, les gens nous demandent ce qu\u2019ils peuvent faire pour participer au mouvement, rapporte l\u2019un d\u2019entre eux. Soit on les renvoie vers la manif, ou alors on leur dit d\u2019aller en assembl\u00e9e g\u00e9n\u00e9rale. Le fait qu\u2019ils puissent participer de diff\u00e9rentes mani\u00e8res est int\u00e9ressant.\u00a0\u00bb <\/p>\n<p>Y <strong>aller<\/strong><\/p>\n<p><strong>Manifestation en soutien au mouvement Bloquons tout,<\/strong> mercredi 10 septembre \u00e0 14h, d\u00e9part place Kl\u00e9ber \u00e0 Strasbourg \u2013 centre.<\/p>\n","protected":false},"excerpt":{"rendered":"Des petits papiers ont circul\u00e9 lors de la f\u00eate de d\u00e9part du Premier ministre Fran\u00e7ois Bayrou \u00e0 Strasbourg.&hellip;\n","protected":false},"author":2,"featured_media":377183,"comment_status":"","ping_status":"","sticky":false,"template":"","format":"standard","meta":{"footnotes":""},"categories":[2820],"tags":[1111,11,47212,1777,674,1011,27,775,2088,12,25,104,640],"class_list":{"0":"post-377182","1":"post","2":"type-post","3":"status-publish","4":"format-standard","5":"has-post-thumbnail","7":"category-strasbourg","8":"tag-actu","9":"tag-actualites","10":"tag-bloquons-tout","11":"tag-eu","12":"tag-europe","13":"tag-fr","14":"tag-france","15":"tag-grand-est","16":"tag-manifestation","17":"tag-news","18":"tag-republique-francaise","19":"tag-societe","20":"tag-strasbourg"},"share_on_mastodon":{"url":"https:\/\/pubeurope.com\/@fr\/115173183396670457","error":""},"_links":{"self":[{"href":"https:\/\/www.europesays.com\/fr\/wp-json\/wp\/v2\/posts\/377182","targetHints":{"allow":["GET"]}}],"collection":[{"href":"https:\/\/www.europesays.com\/fr\/wp-json\/wp\/v2\/posts"}],"about":[{"href":"https:\/\/www.europesays.com\/fr\/wp-json\/wp\/v2\/types\/post"}],"author":[{"embeddable":true,"href":"https:\/\/www.europesays.com\/fr\/wp-json\/wp\/v2\/users\/2"}],"replies":[{"embeddable":true,"href":"https:\/\/www.europesays.com\/fr\/wp-json\/wp\/v2\/comments?post=377182"}],"version-history":[{"count":0,"href":"https:\/\/www.europesays.com\/fr\/wp-json\/wp\/v2\/posts\/377182\/revisions"}],"wp:featuredmedia":[{"embeddable":true,"href":"https:\/\/www.europesays.com\/fr\/wp-json\/wp\/v2\/media\/377183"}],"wp:attachment":[{"href":"https:\/\/www.europesays.com\/fr\/wp-json\/wp\/v2\/media?parent=377182"}],"wp:term":[{"taxonomy":"category","embeddable":true,"href":"https:\/\/www.europesays.com\/fr\/wp-json\/wp\/v2\/categories?post=377182"},{"taxonomy":"post_tag","embeddable":true,"href":"https:\/\/www.europesays.com\/fr\/wp-json\/wp\/v2\/tags?post=377182"}],"curies":[{"name":"wp","href":"https:\/\/api.w.org\/{rel}","templated":true}]}}