{"id":377184,"date":"2025-09-09T07:34:09","date_gmt":"2025-09-09T07:34:09","guid":{"rendered":"https:\/\/www.europesays.com\/fr\/377184\/"},"modified":"2025-09-09T07:34:09","modified_gmt":"2025-09-09T07:34:09","slug":"10-septembre-a-nice-le-trafic-des-avions-lourdement-impacte-a-laeroport-de-nice","status":"publish","type":"post","link":"https:\/\/www.europesays.com\/fr\/377184\/","title":{"rendered":"10 septembre \u00e0 Nice. Le trafic des avions lourdement impact\u00e9 \u00e0 l&rsquo;a\u00e9roport de Nice"},"content":{"rendered":"<p>            Par<br \/>\n        <strong><br \/>\n            <a href=\"https:\/\/actu.fr\/auteur\/ugo-maillard\" title=\"Consulter tous les articles de Ugo Maillard\" target=\"_blank\" rel=\"noopener\">Ugo Maillard<\/a><br \/>\n        <\/strong><\/p>\n<p>        Publi\u00e9 le<\/p>\n<p>            9 sept. 2025 \u00e0 9h10        <\/p>\n<p>L\u2019ampleur du mouvement se dessine. Le <strong>mouvement du 10\u00a0septembre<\/strong>, na\u00eet sur les r\u00e9seaux sociaux et qui appellent \u00e0 tout bloquer, aura des impacts sur diverses activit\u00e9s en France.<\/p>\n<p class=\" wall-content\">Si plusieurs manifestations sont annonc\u00e9es dans les <a href=\"https:\/\/actu.fr\/provence-alpes-cote-d-azur\/alpes-maritimes_06\" target=\"_blank\" rel=\"noopener\">Alpes-Maritimes<\/a>, des gr\u00e8ves et blocages vont perturber le bon fonctionnement de certains sites.<\/p>\n<p class=\" wall-content\">Ce sera notamment le cas de l\u2019a\u00e9roport de <a href=\"https:\/\/actu.fr\/nice\/\" target=\"_blank\" rel=\"noopener\">Nice<\/a> C\u00f4te d\u2019Azur. On fait le point.<\/p>\n<p>Des perturbations en soir\u00e9e<\/p>\n<p class=\" wall-content\">Ce mercredi 10\u00a0septembre 2025, la direction g\u00e9n\u00e9rale de l\u2019Aviation civile (DGAC) pr\u00e9voit des perturbations et des retards \u00ab\u2009sur l\u2019ensemble des a\u00e9roports fran\u00e7ais\u2009\u00bb.<\/p>\n<p class=\" wall-content\">Pour ce qui est de l\u2019a\u00e9roport de Nice C\u00f4te d\u2019Azur, la DGAC a demand\u00e9 aux compagnies a\u00e9riennes de <strong>r\u00e9duire de 50\u2009% leur programme de vol<\/strong> entre 18\u2009h\u200900 et minuit. Une demande qui s\u2019applique \u00e9galement aux a\u00e9roports corses.<\/p>\n<p class=\" wall-content\">\u00c0 noter que des cons\u00e9quences plus \u00e9parses sont envisag\u00e9es tout au long de la journ\u00e9e avec des retards, voir des annulations.<\/p>\n<p class=\" wall-content\">Personnalisez votre actualit\u00e9 en ajoutant vos villes et m\u00e9dias en favori avec <a href=\"https:\/\/moncompte.actu.fr\" title=\"D\u00e9couvez Mon Actu\" rel=\"nofollow noopener\" data-trk=\"{&quot;cta&quot;:{&quot;action&quot;:&quot;https:\\\/\\\/moncompte.actu.fr&quot;,&quot;category&quot;:&quot;mon compte&quot;,&quot;from&quot;:&quot;article footer&quot;,&quot;name&quot;:&quot;Mon actu&quot;,&quot;type&quot;:&quot;cta&quot;}}\" target=\"_blank\">Mon Actu<\/a>.<\/p>\n","protected":false},"excerpt":{"rendered":"Par Ugo Maillard Publi\u00e9 le 9 sept. 2025 \u00e0 9h10 L\u2019ampleur du mouvement se dessine. Le mouvement du&hellip;\n","protected":false},"author":2,"featured_media":26666,"comment_status":"","ping_status":"","sticky":false,"template":"","format":"standard","meta":{"footnotes":""},"categories":[2819],"tags":[1111,11,1777,674,1011,27,12,2401,2897,882,25,104],"class_list":{"0":"post-377184","1":"post","2":"type-post","3":"status-publish","4":"format-standard","5":"has-post-thumbnail","7":"category-nice","8":"tag-actu","9":"tag-actualites","10":"tag-eu","11":"tag-europe","12":"tag-fr","13":"tag-france","14":"tag-news","15":"tag-nice","16":"tag-nice-cote-dazur","17":"tag-provence-alpes-cote-dazur","18":"tag-republique-francaise","19":"tag-societe"},"share_on_mastodon":{"url":"https:\/\/pubeurope.com\/@fr\/115173186934581456","error":""},"_links":{"self":[{"href":"https:\/\/www.europesays.com\/fr\/wp-json\/wp\/v2\/posts\/377184","targetHints":{"allow":["GET"]}}],"collection":[{"href":"https:\/\/www.europesays.com\/fr\/wp-json\/wp\/v2\/posts"}],"about":[{"href":"https:\/\/www.europesays.com\/fr\/wp-json\/wp\/v2\/types\/post"}],"author":[{"embeddable":true,"href":"https:\/\/www.europesays.com\/fr\/wp-json\/wp\/v2\/users\/2"}],"replies":[{"embeddable":true,"href":"https:\/\/www.europesays.com\/fr\/wp-json\/wp\/v2\/comments?post=377184"}],"version-history":[{"count":0,"href":"https:\/\/www.europesays.com\/fr\/wp-json\/wp\/v2\/posts\/377184\/revisions"}],"wp:featuredmedia":[{"embeddable":true,"href":"https:\/\/www.europesays.com\/fr\/wp-json\/wp\/v2\/media\/26666"}],"wp:attachment":[{"href":"https:\/\/www.europesays.com\/fr\/wp-json\/wp\/v2\/media?parent=377184"}],"wp:term":[{"taxonomy":"category","embeddable":true,"href":"https:\/\/www.europesays.com\/fr\/wp-json\/wp\/v2\/categories?post=377184"},{"taxonomy":"post_tag","embeddable":true,"href":"https:\/\/www.europesays.com\/fr\/wp-json\/wp\/v2\/tags?post=377184"}],"curies":[{"name":"wp","href":"https:\/\/api.w.org\/{rel}","templated":true}]}}