{"id":377185,"date":"2025-09-09T07:35:12","date_gmt":"2025-09-09T07:35:12","guid":{"rendered":"https:\/\/www.europesays.com\/fr\/377185\/"},"modified":"2025-09-09T07:35:12","modified_gmt":"2025-09-09T07:35:12","slug":"le-nouveau-visage-penaliste-du-barreau-de-nice","status":"publish","type":"post","link":"https:\/\/www.europesays.com\/fr\/377185\/","title":{"rendered":"le nouveau visage p\u00e9naliste du Barreau de Nice"},"content":{"rendered":"<p>Me Kada Sadouni est avocat en droit p\u00e9nal \u00e0 Nice. Intervenant aupr\u00e8s des juridictions de Lyon, Marseille, Bordeaux, Paris ou encore Perpignan, il symbolise une nouvelle g\u00e9n\u00e9ration d\u2019avocats p\u00e9nalistes pratiquant une d\u00e9fense moderne des justiciables.<\/p>\n<p>Quelle vision portez-vous sur le m\u00e9tier d\u2019avocat p\u00e9naliste\u00a0?<\/p>\n<p class=\"fig-paragraph\"><strong>Me Kada Sadouni\u00a0:<\/strong> En tant qu\u2019<a href=\"https:\/\/www.avocat-kada-sadouni.fr\/le-cabinet\" target=\"_blank\" rel=\"sponsored noopener\" data-gtm-custom-categorie=\"navigation\" data-gtm-custom-action=\"crossclick\" data-gtm-custom-label=\"Contextuel\" data-gtm-event=\"customEventSPE\">avocat p\u00e9naliste \u00e0 Nice<\/a>, je pense que le m\u00e9tier a beaucoup \u00e9volu\u00e9 depuis les ann\u00e9es 1970-1980. Pendant longtemps, l\u2019avocat p\u00e9naliste \u00e9tait vu comme une personne qui se d\u00e9place avec de gros dossiers papiers, reste bas\u00e9 sur un Barreau pr\u00e9cis et demeure difficilement joignable &#8211; car travaillant avec un secr\u00e9tariat et plusieurs personnes, envoyant ses collaborateurs \u00e0 sa place au Tribunal, et faisant de trop rares visites en prison.<\/p>\n<p>En quoi la nouvelle g\u00e9n\u00e9ration d\u2019avocats en droit p\u00e9nal est-elle plus moderne\u00a0?<\/p>\n<p class=\"fig-paragraph\"><strong>Me Kada Sadouni\u00a0:<\/strong> Si je prends mon exemple, j\u2019interviens dans toute la France, aupr\u00e8s des juridictions de Paris, Lyon, N\u00eemes, Aix-en-Provence, Perpignan, Bordeaux, Nice. Je fonctionne sans secr\u00e9tariat et suis directement joignable\u00a0: je d\u00e9gage des cr\u00e9neaux dans la semaine pour que les justiciables puissent me contacter. Cela est important pour des clients en prison qui ont besoin d\u2019\u00eatre rassur\u00e9s, de partager leur mal-\u00eatre. Cette disponibilit\u00e9 est \u00e0 mon sens primordiale et au c\u0153ur de mon approche.<\/p>\n<p>Voyez-vous d\u2019autres am\u00e9liorations notables dans l\u2019exercice du m\u00e9tier d\u2019avocat p\u00e9naliste\u00a0?<\/p>\n<p class=\"fig-paragraph\"><strong>Me Kada Sadouni\u00a0:<\/strong> Nous utilisons des fonctionnements et des outils modernes. Les dossiers sont d\u00e9mat\u00e9rialis\u00e9s. Ensuite, il m\u2019est possible de gagner du temps dans la recherche de certaines jurisprudences gr\u00e2ce \u00e0 l\u2019intelligence artificielle qui m\u2019aide parfois \u00e0 identifier les arr\u00eats auxquels je cherche \u00e0 me r\u00e9f\u00e9rer. Une fois l\u2019arr\u00eat identifi\u00e9, je n\u2019ai plus qu\u2019\u00e0 mener moi-m\u00eame le travail d\u2019analyse avec mes comp\u00e9tences en mati\u00e8re p\u00e9nale.<\/p>\n<p>En quoi consiste votre accompagnement en droit p\u00e9nal en cas de contentieux avec la justice\u00a0?<\/p>\n<p class=\"fig-paragraph\"><strong>Me Kada Sadouni\u00a0:<\/strong> J\u2019interviens souvent en urgence p\u00e9nale en garde \u00e0 vue. La loi autorise un entretien de 30 minutes avant l\u2019audition, cela constitue en quelque sorte la partie conseil juridique personnalis\u00e9 o\u00f9 je sugg\u00e8re par exemple quels \u00e9l\u00e9ments de langage et quel comportement adopter devant les enqu\u00eateurs.<\/p>\n<p class=\"fig-paragraph\">Ensuite, vient soit la comparution imm\u00e9diate devant le tribunal correctionnel &#8211; pour laquelle il est possible de demander un renvoi si le peu de temps accord\u00e9 par cette proc\u00e9dure ne permet pas de bien pr\u00e9parer le dossier &#8211; soit l\u2019instruction, dans le cas d\u2019un dossier correctionnel complexe ou criminel.<\/p>\n<p>    Ma\u00eetre Kada SADOUNI, en pr\u00e9paration d\u2019un dossier p\u00e9nal<br \/>\n                Anthony_FONTAN<\/p>\n<p><strong>Comment accompagnez-vous les justiciables durant l\u2019instruction\u00a0?\u00a0<\/strong><\/p>\n<p class=\"fig-paragraph\"><strong>Me Kada Sadouni\u00a0:<\/strong> Une instruction dure 2 ans en moyenne. Pendant que le juge cherche des \u00e9l\u00e9ments \u00e0 charge et \u00e0 d\u00e9charge, je visite le client en d\u00e9tention provisoire, le conseille, et l\u2019informe des mises \u00e0 jour du dossier. J\u2019essaye surtout de lui obtenir une libert\u00e9 provisoire. Enfin, je pr\u00e9pare une d\u00e9fense rigoureuse avant le passage en Cour d\u2019Assises ou devant le Tribunal correctionnel.<\/p>\n<p>En tant qu\u2019avocat en droit p\u00e9nal au Barreau de Nice, d\u00e9fendez-vous les justiciables dans des types d\u2019affaires pr\u00e9cis\u00a0?<\/p>\n<p class=\"fig-paragraph\"><strong>Me Kada Sadouni\u00a0:<\/strong> En effet, je traite de nombreuses\u00a0<a href=\"https:\/\/france3-regions.franceinfo.fr\/provence-alpes-cote-d-azur\/alpes-maritimes\/grasse\/c-est-du-professionnalisme-sept-personnes-jugees-pour-leur-participation-a-un-reseau-uber-shit-de-livraison-de-drogue-a-domicile-3155075.html\" target=\"_blank\" rel=\"sponsored noopener\" data-gtm-custom-categorie=\"navigation\" data-gtm-custom-action=\"crossclick\" data-gtm-custom-label=\"Contextuel\" data-gtm-event=\"customEventSPE\">affaires de trafic de stup\u00e9fiants<\/a>\u00a0au niveau international, comme au niveau local, dans la r\u00e9gion PACA, \u00e0 Nice et Cannes, comme \u00e0 Grasse, Marseille, Toulon et Aix-en-Provence. En outre, il m\u2019arrive de d\u00e9fendre les int\u00e9r\u00eats de clients dans le cas de r\u00e8glements de compte et de\u00a0<a href=\"https:\/\/www.nicematin.com\/faits-divers\/vainqueur-du-paris-nice-tadej-pogacar-se-fait-voler-une-montre-de-luxe-a-valbonne-835829\" target=\"_blank\" rel=\"sponsored noopener\" data-gtm-custom-categorie=\"navigation\" data-gtm-custom-action=\"crossclick\" data-gtm-custom-label=\"Contextuel\" data-gtm-event=\"customEventSPE\">braquages<\/a>. Le droit p\u00e9nal est un domaine tr\u00e8s intense qui demande une ma\u00eetrise d\u2019un grand nombre de connaissances, beaucoup de sang froid et je souhaite me concentrer exclusivement sur ce domaine juridique.<\/p>\n<p>Comment votre vocation d\u2019avocat p\u00e9naliste est-elle n\u00e9e\u00a0?<\/p>\n<p class=\"fig-paragraph\"><strong>Me Kada Sadouni\u00a0:<\/strong> Devenir avocat \u00e9tait un r\u00eave d\u2019enfance. En grandissant, j\u2019ai v\u00e9cu des situations d\u2019injustice, et j\u2019en ai aussi observ\u00e9 dans mon entourage. Le souhait d\u2019agir face \u00e0 elles a renforc\u00e9 ma motivation, car je pense que la loi est le plus juste moyen de se d\u00e9fendre. J\u2019ai ainsi obtenu mon Master 2 en droit priv\u00e9 et sciences criminelles \u00e0 la Facult\u00e9 de Nice, avant de pr\u00eater serment en 2022 et de devenir avocat au Barreau de Nice. En acc\u00e9dant \u00e0 cette profession prestigieuse, je voulais envoyer un signal fort aux jeunes issus de milieux modestes. Rien n\u2019est impossible.<\/p>\n<p>Quel est votre regard d\u2019avocat p\u00e9naliste sur le fonctionnement actuel de la justice p\u00e9nale fran\u00e7aise\u00a0?<\/p>\n<p class=\"fig-paragraph\"><strong>Me Kada Sadouni\u00a0:<\/strong> L\u2019avocat p\u00e9naliste est souvent tr\u00e8s m\u00e9diatis\u00e9, tr\u00e8s d\u00e9cri\u00e9 \u00e9galement dans son travail et sa moralit\u00e9. Beaucoup ont du mal \u00e0 comprendre que tout le monde a droit \u00e0 une d\u00e9fense, et que ce n\u2019est pas parce qu\u2019un avocat d\u00e9fend un criminel qu\u2019il cautionne ses actes. Il les condamne bien \u00e9videmment, et son r\u00f4le est de participer \u00e0 garantir la justesse du jugement prononc\u00e9. D\u00e9fendre, c\u2019est faire vivre l\u2019Etat de Droit.<\/p>\n<p class=\"fig-paragraph\">D\u2019un autre c\u00f4t\u00e9, le p\u00e9nal nous positionne au centre de la soci\u00e9t\u00e9. Nous avons un visuel sur un triptyque constitu\u00e9 des forces de l\u2019ordre, d\u00e9positaires de l\u2019ordre public, des justiciables qui enfreignent les lois, et de la justice, donc des magistrats. Nous avons ainsi un regard global sur l\u2019\u00e9volution de la justice. Je pense qu\u2019une r\u00e9flexion profonde sur son fonctionnement est n\u00e9cessaire, d\u00e9j\u00e0 pour une raison simple\u00a0: la France dispose de 62 000 places de prison, mais la population carc\u00e9rale repr\u00e9sente 83 000 personnes environ.<\/p>\n<p>    Ma\u00eetre Kada SADOUNI, au sein de son cabinet ni\u00e7ois<br \/>\n                Anthony_FONTAN<\/p>\n<p><strong>Dans quelle mesure les prisons remplissent-elles leur r\u00f4le avec cette surpopulation carc\u00e9rale\u00a0?<\/strong><\/p>\n<p class=\"fig-paragraph\"><strong>Me Kada Sadouni\u00a0:<\/strong> Les conditions d\u2019incarc\u00e9ration sont loin d\u2019\u00eatre optimales pour que la d\u00e9tention puisse aujourd\u2019hui remplir pleinement son r\u00f4le\u00a0: favoriser la r\u00e9insertion, permettre l\u2019introspection d\u2019un condamn\u00e9 pour qu\u2019il comprenne en quoi ses actes ont r\u00e9pandu le \u201cmal\u201d, pour la soci\u00e9t\u00e9, pour lui, et les gens autour de lui, de sorte \u00e0 ce qu\u2019il choisisse dor\u00e9navant consciemment de faire le \u201cbien\u201d. Est-ce \u00e0 dire que la d\u00e9tention est aujourd\u2019hui facteur de r\u00e9cidive\u00a0? Je le pense. Je constate en prison une haine grandissante au lieu d\u2019une remise en question profonde. Cela est statistiquement confirm\u00e9 avec les justiciables que j\u2019accompagne. Quand 30% stoppent leurs comportements hors-la-loi, 70% r\u00e9cidivent.<\/p>\n<p>Selon votre regard d\u2019avocat p\u00e9naliste au Barreau de Nice, comment am\u00e9liorer la justice fran\u00e7aise dans ces conditions, ainsi que sa justesse\u00a0?<\/p>\n<p class=\"fig-paragraph\"><strong>Me Kada Sadouni\u00a0:<\/strong> \u00c0 nous avocats de poursuivre la modernisation du m\u00e9tier, en l\u2019humanisant, en continuant \u00e0 d\u00e9fendre les int\u00e9r\u00eats des justiciables avec force, disponibilit\u00e9, mais aussi proximit\u00e9. En somme, \u00e0 nous de faire de notre mieux en \u00e9tant align\u00e9s avec les qualit\u00e9s du serment d\u2019avocat \u2013 dignit\u00e9, conscience, ind\u00e9pendance, probit\u00e9, humanit\u00e9.<\/p>\n<p class=\"fig-paragraph\">Et puis, je pense qu\u2019en droit p\u00e9nal, nous sommes un peu psychologues dans notre approche. C\u2019est fondamental pour comprendre le n\u00e9gatif, identifier les facteurs sociaux ou familiaux qui peuvent \u00eatre li\u00e9s \u00e0 un acte hors-la-loi &#8211; ce qui ne veut pas dire que nous cautionnons l\u2019acte bien entendu &#8211; mais aussi sugg\u00e9rer des soins de sant\u00e9 mentale ou contre les addictions si n\u00e9cessaire.<\/p>\n<p>Pour finir, quels sont les projets de votre cabinet ind\u00e9pendant d\u2019avocat p\u00e9naliste \u00e0 court et moyen terme\u00a0?<\/p>\n<p class=\"fig-paragraph\"><strong>Me Kada Sadouni\u00a0:<\/strong> J\u2019ai un fr\u00e8re qui est \u00e9galement avocat, au Barreau de Marseille\u00a0: Me Yassin Sadouni. Nous avons le projet mutuel d\u2019ouvrir une permanence, pour lui \u00e0 Nice, et moi \u00e0 Marseille, afin de nous aligner encore davantage dans une d\u00e9marche de proximit\u00e9 avec les justiciables \u00e0 Nice, Marseille et en r\u00e9gion Provence-Alpes-C\u00f4te d\u2019Azur, fournissant ainsi une d\u00e9fense adapt\u00e9e, moderne et optimale.<\/p>\n","protected":false},"excerpt":{"rendered":"Me Kada Sadouni est avocat en droit p\u00e9nal \u00e0 Nice. Intervenant aupr\u00e8s des juridictions de Lyon, Marseille, Bordeaux,&hellip;\n","protected":false},"author":2,"featured_media":377186,"comment_status":"","ping_status":"","sticky":false,"template":"","format":"standard","meta":{"footnotes":""},"categories":[2819],"tags":[631,1111,630,11,4416,4417,1117,340,398,343,130,634,405,636,33,341,313,1777,674,632,638,1011,27,1116,342,637,399,12,2401,882,25],"class_list":{"0":"post-377185","1":"post","2":"type-post","3":"status-publish","4":"format-standard","5":"has-post-thumbnail","7":"category-nice","8":"tag-action","9":"tag-actu","10":"tag-actualite-bourse","11":"tag-actualites","12":"tag-analyse-graphique","13":"tag-analyse-technique","14":"tag-assurance","15":"tag-bourse","16":"tag-bourse-de-paris","17":"tag-cac-40","18":"tag-consommation","19":"tag-cotation","20":"tag-cotations","21":"tag-devises","22":"tag-economie","23":"tag-emploi","24":"tag-entreprises","25":"tag-eu","26":"tag-europe","27":"tag-fcp","28":"tag-figaro","29":"tag-fr","30":"tag-france","31":"tag-immobilier","32":"tag-impots","33":"tag-indices","34":"tag-investissement","35":"tag-news","36":"tag-nice","37":"tag-provence-alpes-cote-dazur","38":"tag-republique-francaise"},"share_on_mastodon":{"url":"https:\/\/pubeurope.com\/@fr\/115173190772751862","error":""},"_links":{"self":[{"href":"https:\/\/www.europesays.com\/fr\/wp-json\/wp\/v2\/posts\/377185","targetHints":{"allow":["GET"]}}],"collection":[{"href":"https:\/\/www.europesays.com\/fr\/wp-json\/wp\/v2\/posts"}],"about":[{"href":"https:\/\/www.europesays.com\/fr\/wp-json\/wp\/v2\/types\/post"}],"author":[{"embeddable":true,"href":"https:\/\/www.europesays.com\/fr\/wp-json\/wp\/v2\/users\/2"}],"replies":[{"embeddable":true,"href":"https:\/\/www.europesays.com\/fr\/wp-json\/wp\/v2\/comments?post=377185"}],"version-history":[{"count":0,"href":"https:\/\/www.europesays.com\/fr\/wp-json\/wp\/v2\/posts\/377185\/revisions"}],"wp:featuredmedia":[{"embeddable":true,"href":"https:\/\/www.europesays.com\/fr\/wp-json\/wp\/v2\/media\/377186"}],"wp:attachment":[{"href":"https:\/\/www.europesays.com\/fr\/wp-json\/wp\/v2\/media?parent=377185"}],"wp:term":[{"taxonomy":"category","embeddable":true,"href":"https:\/\/www.europesays.com\/fr\/wp-json\/wp\/v2\/categories?post=377185"},{"taxonomy":"post_tag","embeddable":true,"href":"https:\/\/www.europesays.com\/fr\/wp-json\/wp\/v2\/tags?post=377185"}],"curies":[{"name":"wp","href":"https:\/\/api.w.org\/{rel}","templated":true}]}}