{"id":377187,"date":"2025-09-09T07:36:10","date_gmt":"2025-09-09T07:36:10","guid":{"rendered":"https:\/\/www.europesays.com\/fr\/377187\/"},"modified":"2025-09-09T07:36:10","modified_gmt":"2025-09-09T07:36:10","slug":"on-sest-connu-ici-il-y-a-trois-ans","status":"publish","type":"post","link":"https:\/\/www.europesays.com\/fr\/377187\/","title":{"rendered":"\u00ab on s\u2019est connu ici il y a trois ans \u00bb"},"content":{"rendered":"<p>            Par<br \/>\n        <strong><br \/>\n            <a href=\"https:\/\/actu.fr\/auteur\/journaliste-sm\" title=\"Consulter tous les articles de R\u00e9daction Clisson\" target=\"_blank\" rel=\"noopener\">R\u00e9daction Clisson<\/a><br \/>\n        <\/strong><\/p>\n<p>        Publi\u00e9 le<\/p>\n<p>            9 sept. 2025 \u00e0 8h58        <\/p>\n<p>Elle est Vend\u00e9enne et lui Girondin. Nadine L\u00e9v\u00eaque et G\u00e9rard Feig sont deux habitu\u00e9s du festival de <a href=\"https:\/\/actu.fr\/pays-de-la-loire\/basse-goulaine_44009\" target=\"_blank\" rel=\"noopener\"><b>Basse-Goulaine, <\/b><\/a><a href=\"https:\/\/goulainecountryshow.fr\/\" target=\"_blank\" rel=\"noopener\">Goulaine country show<\/a>. C\u2019est ici, dans les prairies o\u00f9 se tient l\u2019\u00e9v\u00e9nement country, qu\u2019ils se sont rencontr\u00e9s, il y a trois ans.<\/p>\n<blockquote class=\"ac-article-quote wall-content\">\n<p>Nous sommes toujours ensemble.<\/p>\n<p>G\u00e9rard<\/p><\/blockquote>\n<p class=\" wall-content\">Mais ce dernier pr\u00e9vient\u2009:<\/p>\n<blockquote class=\"ac-article-quote wall-content\">\n<p>Nous avons gard\u00e9 chacun notre chez-soi avec des rencontres r\u00e9guli\u00e8res chez l\u2019un ou l\u2019autre.<\/p>\n<\/blockquote>\n<blockquote class=\"ac-article-quote wall-content\">\n<p>La country, c\u2019est un milieu g\u00e9nial o\u00f9 les rencontres se font au gr\u00e9 des \u00e9v\u00e9nements. L\u2019atmosph\u00e8re y est magique. Ils permettent de se vider compl\u00e8tement la t\u00eate lors des danses. Il faut \u00eatre tr\u00e8s concentr\u00e9 pour ex\u00e9cuter au mieux les chor\u00e9graphies.<\/p>\n<p>Nadine<\/p><\/blockquote>\n<blockquote class=\"ac-article-quote wall-content\">\n<p>Contrairement \u00e0 ce que certains, hors du milieu, peuvent penser, ce n\u2019est pas du tout ringard. Il y a sans arr\u00eat des nouveaut\u00e9s, \u00e7a bouge beaucoup. Le tout dans une bonne humeur. Le plaisir est complet.<\/p>\n<p>Le couple<\/p><\/blockquote>\n<p>Votre r\u00e9gion, votre actu !<\/p>\n<p>Recevez chaque jour les infos qui comptent pour vous.<\/p>\n<p>\t<a href=\"https:\/\/actu.fr\/newsletter\" class=\"ac-btn ac-btn--corner ac-btn--medium ac-btn--blue800\" target=\"_blank\" rel=\"noopener\">S&rsquo;incrire<\/a><\/p>\n<p class=\" wall-content\">D\u2019ailleurs, ils <b>participent ensemble aux divers festivals de l\u2019\u00e9t\u00e9<\/b>.\u00a0Exclusivement au <b>sud de la Loire<\/b> et tous les<b> week-ends.<\/b>\u00a0Pour le reste de l\u2019ann\u00e9e, ils recherchent des bals dans des locaux abrit\u00e9s.<\/p>\n<p class=\" wall-content\">Personnalisez votre actualit\u00e9 en ajoutant vos villes et m\u00e9dias en favori avec <a href=\"https:\/\/moncompte.actu.fr\" title=\"D\u00e9couvez Mon Actu\" rel=\"nofollow noopener\" data-trk=\"{&quot;cta&quot;:{&quot;action&quot;:&quot;https:\\\/\\\/moncompte.actu.fr&quot;,&quot;category&quot;:&quot;mon compte&quot;,&quot;from&quot;:&quot;article footer&quot;,&quot;name&quot;:&quot;Mon actu&quot;,&quot;type&quot;:&quot;cta&quot;}}\" target=\"_blank\">Mon Actu<\/a>.<\/p>\n","protected":false},"excerpt":{"rendered":"Par R\u00e9daction Clisson Publi\u00e9 le 9 sept. 2025 \u00e0 8h58 Elle est Vend\u00e9enne et lui Girondin. Nadine L\u00e9v\u00eaque&hellip;\n","protected":false},"author":2,"featured_media":377188,"comment_status":"","ping_status":"","sticky":false,"template":"","format":"standard","meta":{"footnotes":""},"categories":[2818],"tags":[1111,11,5972,1777,674,1011,27,9307,766,12,2636,25,104,2900],"class_list":{"0":"post-377187","1":"post","2":"type-post","3":"status-publish","4":"format-standard","5":"has-post-thumbnail","7":"category-nantes","8":"tag-actu","9":"tag-actualites","10":"tag-danse","11":"tag-eu","12":"tag-europe","13":"tag-fr","14":"tag-france","15":"tag-lamour-est-dans-le-pre","16":"tag-nantes","17":"tag-news","18":"tag-pays-de-la-loire","19":"tag-republique-francaise","20":"tag-societe","21":"tag-vignoble-nantais"},"share_on_mastodon":{"url":"https:\/\/pubeurope.com\/@fr\/115173194735389976","error":""},"_links":{"self":[{"href":"https:\/\/www.europesays.com\/fr\/wp-json\/wp\/v2\/posts\/377187","targetHints":{"allow":["GET"]}}],"collection":[{"href":"https:\/\/www.europesays.com\/fr\/wp-json\/wp\/v2\/posts"}],"about":[{"href":"https:\/\/www.europesays.com\/fr\/wp-json\/wp\/v2\/types\/post"}],"author":[{"embeddable":true,"href":"https:\/\/www.europesays.com\/fr\/wp-json\/wp\/v2\/users\/2"}],"replies":[{"embeddable":true,"href":"https:\/\/www.europesays.com\/fr\/wp-json\/wp\/v2\/comments?post=377187"}],"version-history":[{"count":0,"href":"https:\/\/www.europesays.com\/fr\/wp-json\/wp\/v2\/posts\/377187\/revisions"}],"wp:featuredmedia":[{"embeddable":true,"href":"https:\/\/www.europesays.com\/fr\/wp-json\/wp\/v2\/media\/377188"}],"wp:attachment":[{"href":"https:\/\/www.europesays.com\/fr\/wp-json\/wp\/v2\/media?parent=377187"}],"wp:term":[{"taxonomy":"category","embeddable":true,"href":"https:\/\/www.europesays.com\/fr\/wp-json\/wp\/v2\/categories?post=377187"},{"taxonomy":"post_tag","embeddable":true,"href":"https:\/\/www.europesays.com\/fr\/wp-json\/wp\/v2\/tags?post=377187"}],"curies":[{"name":"wp","href":"https:\/\/api.w.org\/{rel}","templated":true}]}}