{"id":377189,"date":"2025-09-09T07:37:17","date_gmt":"2025-09-09T07:37:17","guid":{"rendered":"https:\/\/www.europesays.com\/fr\/377189\/"},"modified":"2025-09-09T07:37:17","modified_gmt":"2025-09-09T07:37:17","slug":"zeus-le-cheval-des-jo-de-retour-a-la-maison","status":"publish","type":"post","link":"https:\/\/www.europesays.com\/fr\/377189\/","title":{"rendered":"Zeus, le cheval des JO, de retour \u00e0 la maison"},"content":{"rendered":"<p><img decoding=\"async\" class=\"\" style=\"width:100%;max-width:100%\" src=\"https:\/\/www.europesays.com\/fr\/wp-content\/uploads\/2025\/09\/cheval_zeus1740392577661-format16by9.png\" alt=\"Zeus cheval JO Paris 2024\"\/><\/p>\n<p>Cr\u00e9dit : capture d&rsquo;\u00e9cran | YouTube | Sanofi<\/p>\n<p style=\"text-align: justify;\"><strong>Zeus est de retour ! L\u2019imposant cheval m\u00e9canique, star de <a href=\"https:\/\/www.alouette.fr\/jeux-olympiques-une-ceremonie-d-ouverture-sous-la-pluie-mais-des-etoiles-pleins-les-yeux\" rel=\"noopener\" target=\"_blank\">la c\u00e9r\u00e9monie d\u2019ouverture des JO de Paris<\/a>, a quitt\u00e9 le Mont Saint-Michel ce lundi 8 septembre, o\u00f9 il \u00e9tait install\u00e9 depuis d\u00e9but juillet dans le cadre d&rsquo;<a href=\"https:\/\/www.alouette.fr\/zeus-le-cheval-des-jeux-olympiques-bientot-de-passage-dans-nos-regions\" rel=\"noopener\" target=\"_blank\">une \u00ab\u00a0tourn\u00e9e\u00a0\u00bb en France et en Europe<\/a>.<\/strong><\/p>\n<p style=\"text-align: justify;\">Marseille, Bordeaux, Milan, Lyon&#8230; Zeus a vu du pays, mais rien de mieux que de revenir \u00e0 la maison, l\u00e0 o\u00f9 il a \u00e9t\u00e9 con\u00e7u. C&rsquo;est d&rsquo;ailleurs dans les locaux de <strong>l&rsquo;Atelier Blam \u00e0 Nantes<\/strong>, son constructeur, que le cheval m\u00e9tallique d&rsquo;<strong>1,80 m\u00e8tre au garrot pour 287 kg <\/strong>va passer quelques jours pour se refaire une beaut\u00e9.<\/p>\n<p style=\"text-align: justify;\">Il sera ensuite <strong>expos\u00e9 place Graslin du 19 au 29 septembre<\/strong>. \u00ab\u00a0Zeus sera pr\u00e9sent\u00e9 dans<strong> une formule unique et extraordinaire<\/strong>, qui illustre la sp\u00e9cificit\u00e9 de Nantes\u00a0\u00bb, a indiqu\u00e9 la Ville, laissant une part de myst\u00e8re autour de l&rsquo;\u00e9v\u00e9nement.<\/p>\n<p style=\"text-align: justify;\">D\u00e9but juillet, Zeus avait \u00e9t\u00e9 vu par <strong>un demi-million de personnes<\/strong> depuis le d\u00e9but de sa tourn\u00e9e, selon le groupe pharmaceutique Sanofi, propri\u00e9taire du cheval.<\/p>\n","protected":false},"excerpt":{"rendered":"Cr\u00e9dit : capture d&rsquo;\u00e9cran | YouTube | Sanofi Zeus est de retour ! L\u2019imposant cheval m\u00e9canique, star de&hellip;\n","protected":false},"author":2,"featured_media":377190,"comment_status":"","ping_status":"","sticky":false,"template":"","format":"standard","meta":{"footnotes":""},"categories":[2818],"tags":[1111,11,51084,4150,12668,1777,674,3293,1011,27,330,3237,28629,51082,8247,766,12,5856,2636,51083,25,9876],"class_list":{"0":"post-377189","1":"post","2":"type-post","3":"status-publish","4":"format-standard","5":"has-post-thumbnail","7":"category-nantes","8":"tag-actu","9":"tag-actualites","10":"tag-ateliers-blam","11":"tag-ceremonie","12":"tag-cheval","13":"tag-eu","14":"tag-europe","15":"tag-exposition","16":"tag-fr","17":"tag-france","18":"tag-jeux","19":"tag-jo","20":"tag-metal","21":"tag-metallique","22":"tag-mont-saint-michel","23":"tag-nantes","24":"tag-news","25":"tag-paris-2024","26":"tag-pays-de-la-loire","27":"tag-place-graslin","28":"tag-republique-francaise","29":"tag-zeus"},"share_on_mastodon":{"url":"https:\/\/pubeurope.com\/@fr\/115173198868407799","error":""},"_links":{"self":[{"href":"https:\/\/www.europesays.com\/fr\/wp-json\/wp\/v2\/posts\/377189","targetHints":{"allow":["GET"]}}],"collection":[{"href":"https:\/\/www.europesays.com\/fr\/wp-json\/wp\/v2\/posts"}],"about":[{"href":"https:\/\/www.europesays.com\/fr\/wp-json\/wp\/v2\/types\/post"}],"author":[{"embeddable":true,"href":"https:\/\/www.europesays.com\/fr\/wp-json\/wp\/v2\/users\/2"}],"replies":[{"embeddable":true,"href":"https:\/\/www.europesays.com\/fr\/wp-json\/wp\/v2\/comments?post=377189"}],"version-history":[{"count":0,"href":"https:\/\/www.europesays.com\/fr\/wp-json\/wp\/v2\/posts\/377189\/revisions"}],"wp:featuredmedia":[{"embeddable":true,"href":"https:\/\/www.europesays.com\/fr\/wp-json\/wp\/v2\/media\/377190"}],"wp:attachment":[{"href":"https:\/\/www.europesays.com\/fr\/wp-json\/wp\/v2\/media?parent=377189"}],"wp:term":[{"taxonomy":"category","embeddable":true,"href":"https:\/\/www.europesays.com\/fr\/wp-json\/wp\/v2\/categories?post=377189"},{"taxonomy":"post_tag","embeddable":true,"href":"https:\/\/www.europesays.com\/fr\/wp-json\/wp\/v2\/tags?post=377189"}],"curies":[{"name":"wp","href":"https:\/\/api.w.org\/{rel}","templated":true}]}}