{"id":37719,"date":"2025-04-20T02:00:32","date_gmt":"2025-04-20T02:00:32","guid":{"rendered":"https:\/\/www.europesays.com\/fr\/37719\/"},"modified":"2025-04-20T02:00:32","modified_gmt":"2025-04-20T02:00:32","slug":"carhaix-plouguer-lennomp-cinq-nouveaux-livres-edites","status":"publish","type":"post","link":"https:\/\/www.europesays.com\/fr\/37719\/","title":{"rendered":"Carhaix-Plouguer. Lennomp\u00a0: cinq nouveaux livres \u00e9dit\u00e9s"},"content":{"rendered":"<p>N\u00e9e il y a deux ans et bas\u00e9e \u00e0 Laz, l\u2019association Lennomp, Lisons en breton, s\u2019est lanc\u00e9e dans l\u2019\u00e9dition de petits livres en breton. Rien d\u2019original en soi si ce n\u2019est que les bouquins ne sont \u00e9dit\u00e9s qu\u2019apr\u00e8s\u00a0souscription.<\/p>\n<p>\u00ab\u00a0Inutile de se retrouver avec un stock d\u2019invendus\u00a0\u00bb<\/p>\n<p><strong>\u00ab\u00a0Inutile de se retrouver avec un stock d\u2019invendus bons pour le pilon\u00a0!\u00a0\u00bb<\/strong> expliquent les responsables, soucieux\u00a0de leur empreinte\u00a0carbone. Quatre premiers ouvrages avaient \u00e9t\u00e9 \u00e9dit\u00e9s en 2024. Rebelote cette ann\u00e9e, avec cette fois cinq livres au programme et une date limite de souscription fix\u00e9e au 7\u00a0mai.<\/p>\n<p>\u00a0Les cinq livres propos\u00e9s sont vendus 7\u00a0\u20ac pi\u00e8ce dont la moiti\u00e9 est revers\u00e9e au r\u00e9seau Diwan, partenaire de l\u2019op\u00e9ration qui, via ses \u00e9coles, assure la distribution.\u00a0 Ces livres sont consultables pour certaines de leurs pages sur le site de l\u2019association lennomp.bzh, site sur lequel sont \u00e9galement enregistr\u00e9es les souscriptions.<\/p>\n<p>Deux albums s\u2019adressent aux jeunes lecteurs, l\u2019un \u00e9crit par Ma\u00efwen Morvan et illustr\u00e9 par Lydia Ferron, Ti burzhudus Tess (la maison magique de Tess) et Mignoned, d\u2019Alan Dipode. Pour les\u00a0plus \u00e2g\u00e9s, c\u2019est l\u2019autrice Laurence Lavrand qui propose War zu ar Frankiz, une histoire d\u2019enfants d\u2019une \u00eele bretonne qui viennent au secours d\u2019un r\u00e9fugi\u00e9 du Balouchistan, dont le bateau s\u2019est fracass\u00e9 sur les rochers. Et pour les adultes qui veulent se confronter au breton \u00e9crit, Yann-Fanch Jacq a \u00e9crit deux courts romans, Derc\u2019hel Sonj et Paotred ar bara-mel.<\/p>\n<p>Ces\u00a0livres seront\u00a0d\u00e9clin\u00e9s\u00a0en version sonore et\u00a0accessibles gratuitement sur\u00a0le\u00a0site de l\u2019association\u00a0apr\u00e8s la p\u00e9riode de pr\u00e9-achat.<\/p>\n<p><strong>Renseignements<\/strong>\u00a0: 06\u00a041\u00a045\u00a023\u00a023.<\/p>\n<p>\u00a0<\/p>\n","protected":false},"excerpt":{"rendered":"N\u00e9e il y a deux ans et bas\u00e9e \u00e0 Laz, l\u2019association Lennomp, Lisons en breton, s\u2019est lanc\u00e9e dans&hellip;\n","protected":false},"author":2,"featured_media":37720,"comment_status":"","ping_status":"","sticky":false,"template":"","format":"standard","meta":{"footnotes":""},"categories":[1357],"tags":[1379,5934,58,11976,59,1011,27,11975,1380,2845,3319],"class_list":{"0":"post-37719","1":"post","2":"type-post","3":"status-publish","4":"format-standard","5":"has-post-thumbnail","7":"category-livres","8":"tag-books","9":"tag-carhaix-plouguer","10":"tag-divertissement","11":"tag-edites","12":"tag-entertainment","13":"tag-fr","14":"tag-france","15":"tag-lennomp","16":"tag-livres","17":"tag-nouveaux","18":"tag-quimper"},"share_on_mastodon":{"url":"https:\/\/pubeurope.com\/@fr\/114367826145414142","error":""},"_links":{"self":[{"href":"https:\/\/www.europesays.com\/fr\/wp-json\/wp\/v2\/posts\/37719","targetHints":{"allow":["GET"]}}],"collection":[{"href":"https:\/\/www.europesays.com\/fr\/wp-json\/wp\/v2\/posts"}],"about":[{"href":"https:\/\/www.europesays.com\/fr\/wp-json\/wp\/v2\/types\/post"}],"author":[{"embeddable":true,"href":"https:\/\/www.europesays.com\/fr\/wp-json\/wp\/v2\/users\/2"}],"replies":[{"embeddable":true,"href":"https:\/\/www.europesays.com\/fr\/wp-json\/wp\/v2\/comments?post=37719"}],"version-history":[{"count":0,"href":"https:\/\/www.europesays.com\/fr\/wp-json\/wp\/v2\/posts\/37719\/revisions"}],"wp:featuredmedia":[{"embeddable":true,"href":"https:\/\/www.europesays.com\/fr\/wp-json\/wp\/v2\/media\/37720"}],"wp:attachment":[{"href":"https:\/\/www.europesays.com\/fr\/wp-json\/wp\/v2\/media?parent=37719"}],"wp:term":[{"taxonomy":"category","embeddable":true,"href":"https:\/\/www.europesays.com\/fr\/wp-json\/wp\/v2\/categories?post=37719"},{"taxonomy":"post_tag","embeddable":true,"href":"https:\/\/www.europesays.com\/fr\/wp-json\/wp\/v2\/tags?post=37719"}],"curies":[{"name":"wp","href":"https:\/\/api.w.org\/{rel}","templated":true}]}}