{"id":377195,"date":"2025-09-09T07:40:14","date_gmt":"2025-09-09T07:40:14","guid":{"rendered":"https:\/\/www.europesays.com\/fr\/377195\/"},"modified":"2025-09-09T07:40:14","modified_gmt":"2025-09-09T07:40:14","slug":"a-toulouse-larrivee-dun-trafic-de-drogue-fait-couler-une-boulangerie-des-annees-80","status":"publish","type":"post","link":"https:\/\/www.europesays.com\/fr\/377195\/","title":{"rendered":"\u00e0 Toulouse, l&rsquo;arriv\u00e9e d&rsquo;un trafic de drogue fait couler une boulangerie des ann\u00e9es 80"},"content":{"rendered":"<p>            Par<br \/>\n        <strong><br \/>\n            <a href=\"https:\/\/actu.fr\/auteur\/enzo-legros\" title=\"Consulter tous les articles de Enzo Legros\" rel=\"nofollow noopener\" target=\"_blank\">Enzo Legros<\/a><br \/>\n        <\/strong><\/p>\n<p>        Publi\u00e9 le<\/p>\n<p>            9 sept. 2025 \u00e0 7h12        <\/p>\n<p>Lundi 8\u00a0septembre, une jeune femme se pr\u00e9sente face \u00e0 la devanture d\u2019une boulangerie \u00ab\u2009La Paneti\u00e8re\u2009\u00bb, situ\u00e9e <a href=\"https:\/\/actu.fr\/occitanie\/toulouse_31555\/toulouse-en-travaux-cette-grande-avenue-de-la-rive-gauche-accueille-de-nouvelles-pistes-cyclables_62579951.html\" rel=\"nofollow noopener\" target=\"_blank\">Avenue de Grande-Bretagne<\/a>, pr\u00e8s des <a href=\"https:\/\/actu.fr\/occitanie\/toulouse_31555\/toulouse-on-est-dans-un-modele-anticapitaliste-les-halles-de-la-cartoucherie-gagnent-elles-de-l-argent_63116386.html\" rel=\"nofollow noopener\" target=\"_blank\">Halles de la Cartoucherie<\/a> de Toulouse. Mais tr\u00e8s vite, la cliente est gagn\u00e9e par la d\u00e9ception. \u00c0 travers les vitres, elle voit <strong>une boutique inanim\u00e9e<\/strong> de toute activit\u00e9, juste avant midi. \u00ab\u2009Je ne comprends pas, ce n\u2019\u00e9tait pas du tout comme \u00e7a avant\u2009\u00bb, se questionne-t-elle, avant de repartir bredouille. Cela fait une semaine que ce commerce, <strong>ouvert en 1986<\/strong>, n\u2019ouvre plus ses portes aux habitants du quartier. Son propri\u00e9taire, Bernard Moly, est lui au fond du trou. Son affaire <strong>vient de couler \u00e0 cause du trafic de drogue<\/strong>. Meurtri par la fin d\u2019une affaire qu\u2019il voulait c\u00e9der \u00e0 son petit-fils, il a accept\u00e9 de livrer son t\u00e9moignage poignant \u00e0 <a href=\"https:\/\/actu.fr\/toulouse\/\" rel=\"nofollow noopener\" target=\"_blank\">Actu Toulouse<\/a>.<\/p>\n<p>Quand le trafic de drogue ruine une boulangerie<\/p>\n<p class=\" wall-content\">Le d\u00e9but de la descente aux enfers remonte \u00e0 trois ans. Bernard Moly, fondateur du <a href=\"https:\/\/actu.fr\/occitanie\/toulouse_31555\/toulouse-elle-avait-ete-ravagee-par-un-incendie-cette-boulangerie-va-bientot-rouvrir-on-vous-dit-quand_62654531.html\" rel=\"nofollow noopener\" target=\"_blank\">groupe La Paneti\u00e8re<\/a>, tenait, comme depuis 35 ans, sa boulangerie au nord-ouest de Toulouse. Seulement <strong>un d\u00e9tail va faire basculer sa vie<\/strong> dans une boucle infernale. \u00ab\u2009On a commenc\u00e9 \u00e0 avoir des <a href=\"https:\/\/actu.fr\/tag\/narcotrafiquants\" rel=\"nofollow noopener\" target=\"_blank\">marchands de drogue<\/a> devant nos portes\u2009\u00bb, explique le g\u00e9rant, dans une salle aux allures de d\u00e9m\u00e9nagement. Les soirs, une fois la nuit tomb\u00e9e, \u00ab\u2009des jeunes\u2009\u00bb se sont mis \u00e0 se r\u00e9unir sur le parking priv\u00e9 du magasin, partag\u00e9 avec une sup\u00e9rette et un fast-food, pour faire leurs affaires.<\/p>\n<p class=\" wall-content\">Au fil du temps, <strong>les clients s\u2019en aper\u00e7oivent <\/strong>et prennent peur. <strong>\u00ab\u2009On voyait bien que c\u2019\u00e9tait du <a href=\"https:\/\/actu.fr\/occitanie\/toulouse_31555\/leur-trafic-de-drogue-semait-la-terreur-a-toulouse-17-personnes-dont-4-mineurs-devant-la-justice_62719124.html\" rel=\"nofollow noopener\" target=\"_blank\">trafic de drogue<\/a>\u2009\u00bb<\/strong>, confie Jeanne, habitante aux alentours. Les nuisances ne se limitent pas qu\u2019aux apparences. \u00ab\u2009Il y a eu des bagarres, on retrouvait du sang sur le sol le matin\u2009\u00bb, raconte Bernard Moly. L\u2019ambiance devient glauque. Le patron de la boulangerie porte plainte une premi\u00e8re fois, pendant que sa boutique sombre petit \u00e0 petit.<\/p>\n<p>\u00ab\u2009Mes salari\u00e9s avaient peur de venir travailler\u2009\u00bb<\/p>\n<p class=\" wall-content\">Depuis trois ans, la police est intervenue \u00e0 plusieurs reprises pour tenter de mettre fin au trafic, et \u00e0 la violence. \u00ab\u2009Elle ne s\u2019est d\u00e9plac\u00e9e que lorsqu\u2019il y avait du sang\u2009\u00bb, grince aujourd\u2019hui le g\u00e9rant du lieu, en citant l\u2019exemple d\u2019une journ\u00e9e o\u00f9 sa femme a \u00e9t\u00e9 agress\u00e9e par les individus en question.<\/p>\n<p>    <img   decoding=\"async\" loading=\"lazy\" src=\"https:\/\/www.europesays.com\/fr\/wp-content\/uploads\/2025\/09\/photo-2025-09-03-15-15-38-1-960x640.png\" alt=\"Mercredi 3 septembre, la police est intervenue en face du magasin, ferm\u00e9 depuis 3 jours. \" width=\"960\" height=\"640\"\/><br \/>\n    Mercredi 3\u00a0septembre, la police est intervenue en face du magasin, ferm\u00e9 depuis 3\u00a0jours. \u00ab\u2009C\u2019est la premi\u00e8re fois que je voyais \u00e7a\u2009\u00bb, assure Bernard Moly. (\u00a9Document transmis \u00e0 Actu Toulouse)<\/p>\n<p class=\" wall-content\">La mairie de Toulouse a plac\u00e9 <strong><a href=\"https:\/\/actu.fr\/occitanie\/muret_31395\/telesurveillance-patrouilles-de-nuit-pres-de-toulouse-cette-commune-muscle-son-dispositif-de-securite_62996412.html\" rel=\"nofollow noopener\" target=\"_blank\">des cam\u00e9ras de vid\u00e9oprotection<\/a> aux abords de la boulangerie<\/strong>\u2026 avant qu\u2019elles ne soient vandalis\u00e9es, puis remplac\u00e9es.<\/p>\n<p>Votre r\u00e9gion, votre actu !<\/p>\n<p>Recevez chaque jour les infos qui comptent pour vous.<\/p>\n<p>\t<a href=\"https:\/\/actu.fr\/newsletter\" class=\"ac-btn ac-btn--corner ac-btn--medium ac-btn--blue800\" rel=\"nofollow noopener\" target=\"_blank\">S&rsquo;incrire<\/a><\/p>\n<p class=\" wall-content\">\u00ab\u2009Les policiers m\u2019ont dit, monsieur, vous \u00eates le point rouge de Toulouse\u2009\u00bb, partage le cr\u00e9ateur du groupe \u00ab\u2009La Paneti\u00e8re\u2009\u00bb. Ce dernier a d\u00e9cid\u00e9 d\u2019engager des vigiles pour \u00ab\u2009faire peur aux trafiquants, mais ce sont les vigiles qui ont eu peur\u2009\u00bb, d\u00e9sesp\u00e8re Bernard Moly. Devant les fourneaux, ses employ\u00e9s aussi \u00ab\u2009avaient peur de venir travailler\u2009\u00bb. Alors <strong>apr\u00e8s trois ans de lutte<\/strong>, <strong>il a d\u00e9cid\u00e9<\/strong> lundi 1er\u00a0septembre 2025 <strong>de jeter l\u2019\u00e9ponge<\/strong>, pour prot\u00e9ger son personnel et ses clients.<\/p>\n<p>    <img   decoding=\"async\" loading=\"lazy\" src=\"https:\/\/www.europesays.com\/fr\/wp-content\/uploads\/2025\/09\/1000049727-2-960x640.jpg\" alt=\"Les clients d\u00e9couvrent depuis lundi 1er septembre une affiche annon\u00e7ant la fermeture d\u00e9finitive de la boulangerie.\" width=\"960\" height=\"640\"\/><br \/>\n    Les clients d\u00e9couvrent depuis lundi 1er\u00a0septembre une affiche annon\u00e7ant la fermeture d\u00e9finitive de la boulangerie. (\u00a9Enzo Legros\/Actu Toulouse)\u00ab\u2009J\u2019ai tout fait pour sauver le commerce\u2009\u00bb<\/p>\n<p class=\" wall-content\">Pourtant, <strong>le responsable s\u2019est ardemment battu<\/strong>. De l\u2019installation de cam\u00e9ras personnelles jusqu\u2019\u00e0 la cr\u00e9ation d\u2019un parking priv\u00e9 \u00e0 barri\u00e8res, gratuit seulement 30\u00a0minutes, \u00ab\u2009j\u2019ai tout fait pour sauver le commerce\u2009\u00bb r\u00e9agit le propri\u00e9taire, une semaine apr\u00e8s la fermeture. Il a m\u00eame tent\u00e9 de dialoguer avec les trafiquants, \u00ab\u2009mais ils \u00e9taient tr\u00e8s violents, \u00e0 me dire que je n\u2019\u00e9tais pas chez moi\u2009\u00bb, retrace-t-il, d\u00e9pit\u00e9.<\/p>\n<p>    <img   decoding=\"async\" loading=\"lazy\" id=\"exifviewer-img-1\" src=\"https:\/\/www.europesays.com\/fr\/wp-content\/uploads\/2025\/09\/1000049724-1-960x640.jpg\" alt=\"La Paneti\u00e8re de la Cartoucherie a tout tent\u00e9 pour \u00e9viter la fermeture, jusqu'au dialogue avec les trafiquants de drogue.\" width=\"960\" height=\"640\"\/><br \/>\n    La Paneti\u00e8re de la Cartoucherie a tout tent\u00e9 pour \u00e9viter la fermeture, jusqu\u2019au dialogue avec les trafiquants de drogue. (\u00a9Enzo Legros\/Actu Toulouse)<\/p>\n<p class=\" wall-content\">Co\u00fbt total de ces efforts\u2009: <strong>100\u2009000\u00a0euros investis dans l\u2019espoir de sauver sa boutique. <\/strong>De l\u2019autre c\u00f4t\u00e9, les r\u00e9sultats financiers se sont mis \u00e0 plonger. \u00ab\u2009De 3\u2009000\u00a0euros de chiffres d\u2019affaires, on est pass\u00e9 \u00e0 500\u2009\u00bb, d\u00e9taille Bernard Moly. Et les ennuis ne sont pas encore finis pour le chef d\u2019entreprise. \u00ab\u2009Je vais devoir licencier 7 employ\u00e9s, \u00e7a va me co\u00fbter tr\u00e8s cher\u2009\u00bb, craint-il.<\/p>\n<p>\u00ab\u2009J\u2019esp\u00e8re faire bouger les pouvoirs publics\u2009\u00bb<\/p>\n<p class=\" wall-content\">Le chef de la boutique n\u2019a pas pu retenir ses larmes les jours suivant la fin de son aventure Avenue de Grande-Bretagne. Le fait de ne pas pouvoir offrir son poste \u00e0 son petit-fils, comme il l\u2019avait pr\u00e9vu, le rend triste au plus au point. Mais en livrant son t\u00e9moignage, Bernard Moly veut surtout <strong>alerter ses confr\u00e8res et la sph\u00e8re politique<\/strong>.<\/p>\n<p class=\" wall-content\">\u00ab\u2009J\u2019esp\u00e8re faire bouger les pouvoirs publics\u2009\u00bb, voudrait celui qui aurait souffl\u00e9 la quaranti\u00e8me bougie de la Paneti\u00e8re de la Cartoucherie en 2027. Senti d\u00e9laiss\u00e9 pendant ces trois ans de calvaire, il esp\u00e8re que d\u2019autres magasins ne vivront pas la m\u00eame exp\u00e9rience, \u00e0 commencer par ses voisins, dont un fra\u00eechement install\u00e9. Avec l\u2019histoire du McDonald\u2019s de Jeanne d\u2019Arc, <a href=\"https:\/\/actu.fr\/occitanie\/toulouse_31555\/toulouse-mcdo-a-ferme-on-a-jete-leur-drogue-sans-le-savoir-et-cela-a-mis-le-feu-aux-poudres_60401177.html\" rel=\"nofollow noopener\" target=\"_blank\">touch\u00e9e par une histoire similaire en 2023<\/a>, c\u2019est un second cas de fermeture r\u00e9cente forc\u00e9e par un trafic de drogue \u00e0 Toulouse.<\/p>\n<p class=\" wall-content\">Personnalisez votre actualit\u00e9 en ajoutant vos villes et m\u00e9dias en favori avec <a href=\"https:\/\/moncompte.actu.fr\" title=\"D\u00e9couvez Mon Actu\" rel=\"nofollow noopener\" data-trk=\"{&quot;cta&quot;:{&quot;action&quot;:&quot;https:\\\/\\\/moncompte.actu.fr&quot;,&quot;category&quot;:&quot;mon compte&quot;,&quot;from&quot;:&quot;article footer&quot;,&quot;name&quot;:&quot;Mon actu&quot;,&quot;type&quot;:&quot;cta&quot;}}\" target=\"_blank\">Mon Actu<\/a>.<\/p>\n","protected":false},"excerpt":{"rendered":"Par Enzo Legros Publi\u00e9 le 9 sept. 2025 \u00e0 7h12 Lundi 8\u00a0septembre, une jeune femme se pr\u00e9sente face&hellip;\n","protected":false},"author":2,"featured_media":377196,"comment_status":"","ping_status":"","sticky":false,"template":"","format":"standard","meta":{"footnotes":""},"categories":[2816],"tags":[1111,11,215,1052,33,1777,674,1011,27,813,12,2680,25,2312],"class_list":{"0":"post-377195","1":"post","2":"type-post","3":"status-publish","4":"format-standard","5":"has-post-thumbnail","7":"category-toulouse","8":"tag-actu","9":"tag-actualites","10":"tag-commerce","11":"tag-drogue","12":"tag-economie","13":"tag-eu","14":"tag-europe","15":"tag-fr","16":"tag-france","17":"tag-narcotrafiquants","18":"tag-news","19":"tag-occitanie","20":"tag-republique-francaise","21":"tag-toulouse"},"share_on_mastodon":{"url":"https:\/\/pubeurope.com\/@fr\/115173210516311240","error":""},"_links":{"self":[{"href":"https:\/\/www.europesays.com\/fr\/wp-json\/wp\/v2\/posts\/377195","targetHints":{"allow":["GET"]}}],"collection":[{"href":"https:\/\/www.europesays.com\/fr\/wp-json\/wp\/v2\/posts"}],"about":[{"href":"https:\/\/www.europesays.com\/fr\/wp-json\/wp\/v2\/types\/post"}],"author":[{"embeddable":true,"href":"https:\/\/www.europesays.com\/fr\/wp-json\/wp\/v2\/users\/2"}],"replies":[{"embeddable":true,"href":"https:\/\/www.europesays.com\/fr\/wp-json\/wp\/v2\/comments?post=377195"}],"version-history":[{"count":0,"href":"https:\/\/www.europesays.com\/fr\/wp-json\/wp\/v2\/posts\/377195\/revisions"}],"wp:featuredmedia":[{"embeddable":true,"href":"https:\/\/www.europesays.com\/fr\/wp-json\/wp\/v2\/media\/377196"}],"wp:attachment":[{"href":"https:\/\/www.europesays.com\/fr\/wp-json\/wp\/v2\/media?parent=377195"}],"wp:term":[{"taxonomy":"category","embeddable":true,"href":"https:\/\/www.europesays.com\/fr\/wp-json\/wp\/v2\/categories?post=377195"},{"taxonomy":"post_tag","embeddable":true,"href":"https:\/\/www.europesays.com\/fr\/wp-json\/wp\/v2\/tags?post=377195"}],"curies":[{"name":"wp","href":"https:\/\/api.w.org\/{rel}","templated":true}]}}