{"id":377197,"date":"2025-09-09T07:41:10","date_gmt":"2025-09-09T07:41:10","guid":{"rendered":"https:\/\/www.europesays.com\/fr\/377197\/"},"modified":"2025-09-09T07:41:10","modified_gmt":"2025-09-09T07:41:10","slug":"basic-fit-va-ouvrir-deux-nouvelles-salles-de-fitness-a-toulouse","status":"publish","type":"post","link":"https:\/\/www.europesays.com\/fr\/377197\/","title":{"rendered":"Basic Fit va ouvrir deux nouvelles salles de fitness \u00e0 Toulouse"},"content":{"rendered":"<p class=\"PopSlotParagraph qg-tx2 qg-xtra-lh svelte-1r0pyek\"><strong>Le Basic Fit ouvert en ao\u00fbt dernier \u00e0 Cugnaux, au sud de Toulouse \u00e9tait le 30eme dans l&rsquo;agglom\u00e9ration toulousaine<\/strong>. Il va y en avoir un 32eme et un 33eme.\u00a0\u00a0Le porte-parole de la marque orange et grise, Fabien Rouget, invit\u00e9 de l&rsquo;\u00e9co d&rsquo;ICI sur ICI Occitanie dit \u00ab\u00a0avoir encore deux projets pour Toulouse\u00a0\u00bb, il ne pr\u00e9cise pas pour autant le nom des quartiers, mais parle \u00ab\u00a0de tr\u00e8s beaux emplacements\u00a0\u00bb tout en pr\u00e9cisant qu&rsquo;il attend la confirmation de ces projets.<\/p>\n<p class=\"PopSlotParagraph qg-tx2 qg-xtra-lh svelte-1r0pyek\">La marque, dont le but est de mailler le territoire pour \u00ab\u00a0fournir \u00e0 chacun une salle afin de s&rsquo;entra\u00eener \u00e0 proximit\u00e9 de son travail ou de son domicile ou quand il part en vacances\u00a0\u00bb propose une premi\u00e8re offre mensuelle \u00e0 moins de 25 euros par mois. Serait-ce d\u00fb aux salaires bas et aux machines de moins bonne qualit\u00e9 qu&rsquo;ailleurs propos\u00e9es aux abonn\u00e9s le questionne ICI Occitanie\u00a0? Le porte-parole r\u00e9pond que les prix attractifs sont rendus possibles par \u00ab\u00a0l&rsquo;automatisation, les achats group\u00e9 de machines et le r\u00e9seau tr\u00e8s \u00e9tendu de la marque\u00a0\u00bb.<\/p>\n<p class=\"PopSlotParagraph qg-tx2 qg-xtra-lh svelte-1r0pyek\"><strong>Le porte-parole n&rsquo;a pas comment\u00e9 la r\u00e9cente condamnation de Basit Fit \u00e0 410 000\u20ac d&rsquo;amende<\/strong> pour des retards de paiement de factures de fournisseurs.<\/p>\n","protected":false},"excerpt":{"rendered":"Le Basic Fit ouvert en ao\u00fbt dernier \u00e0 Cugnaux, au sud de Toulouse \u00e9tait le 30eme dans l&rsquo;agglom\u00e9ration&hellip;\n","protected":false},"author":2,"featured_media":377198,"comment_status":"","ping_status":"","sticky":false,"template":"","format":"standard","meta":{"footnotes":""},"categories":[2816],"tags":[1111,11,1777,674,1011,27,12,2680,25,2312],"class_list":{"0":"post-377197","1":"post","2":"type-post","3":"status-publish","4":"format-standard","5":"has-post-thumbnail","7":"category-toulouse","8":"tag-actu","9":"tag-actualites","10":"tag-eu","11":"tag-europe","12":"tag-fr","13":"tag-france","14":"tag-news","15":"tag-occitanie","16":"tag-republique-francaise","17":"tag-toulouse"},"share_on_mastodon":{"url":"https:\/\/pubeurope.com\/@fr\/115173214310562185","error":""},"_links":{"self":[{"href":"https:\/\/www.europesays.com\/fr\/wp-json\/wp\/v2\/posts\/377197","targetHints":{"allow":["GET"]}}],"collection":[{"href":"https:\/\/www.europesays.com\/fr\/wp-json\/wp\/v2\/posts"}],"about":[{"href":"https:\/\/www.europesays.com\/fr\/wp-json\/wp\/v2\/types\/post"}],"author":[{"embeddable":true,"href":"https:\/\/www.europesays.com\/fr\/wp-json\/wp\/v2\/users\/2"}],"replies":[{"embeddable":true,"href":"https:\/\/www.europesays.com\/fr\/wp-json\/wp\/v2\/comments?post=377197"}],"version-history":[{"count":0,"href":"https:\/\/www.europesays.com\/fr\/wp-json\/wp\/v2\/posts\/377197\/revisions"}],"wp:featuredmedia":[{"embeddable":true,"href":"https:\/\/www.europesays.com\/fr\/wp-json\/wp\/v2\/media\/377198"}],"wp:attachment":[{"href":"https:\/\/www.europesays.com\/fr\/wp-json\/wp\/v2\/media?parent=377197"}],"wp:term":[{"taxonomy":"category","embeddable":true,"href":"https:\/\/www.europesays.com\/fr\/wp-json\/wp\/v2\/categories?post=377197"},{"taxonomy":"post_tag","embeddable":true,"href":"https:\/\/www.europesays.com\/fr\/wp-json\/wp\/v2\/tags?post=377197"}],"curies":[{"name":"wp","href":"https:\/\/api.w.org\/{rel}","templated":true}]}}