{"id":377202,"date":"2025-09-09T07:45:16","date_gmt":"2025-09-09T07:45:16","guid":{"rendered":"https:\/\/www.europesays.com\/fr\/377202\/"},"modified":"2025-09-09T07:45:16","modified_gmt":"2025-09-09T07:45:16","slug":"menace-pour-avoir-mange-un-couscous-le-maire-de-marseille-porte-plainte","status":"publish","type":"post","link":"https:\/\/www.europesays.com\/fr\/377202\/","title":{"rendered":"Menac\u00e9 \u00ab\u00a0pour avoir mang\u00e9 un couscous\u00a0\u00bb, le maire de Marseille porte plainte"},"content":{"rendered":"<p>Beno\u00eet Payan a d\u00e9pos\u00e9 plainte contre X ce lundi 8 septembre 2025 apr\u00e8s avoir re\u00e7u plusieurs <strong>menaces de mort<\/strong> et commentaires haineux post\u00e9s sur les r\u00e9seaux sociaux notamment sous une vid\u00e9o o\u00f9 le maire divers gauche de <strong>Marseille<\/strong> mange un couscous.<\/p>\n<p>\u00ab\u00a0Menac\u00e9 de mort pour avoir <strong>mang\u00e9 un couscous<\/strong> dans le cadre d&rsquo;un festival marseillais de cuisine, je ne c\u00e9derai \u00e9videmment rien et jamais\u00a0\u00bb, a \u00e9crit l&rsquo;\u00e9lu sur X en publiant la capture d&rsquo;\u00e9cran d&rsquo;un message injurieux d&rsquo;un utilisateur anonyme.<\/p>\n<blockquote class=\"twitter-tweet\">\n<p lang=\"fr\" dir=\"ltr\">Menac\u00e9 de mort pour avoir mang\u00e9 un couscous dans le cadre d\u2019un festival marseillais de cuisine, je ne c\u00e9derai \u00e9videmment rien et jamais. <\/p>\n<p>Marseille est une ville du vivre-ensemble et nous ferons tout pour que cela continue, malgr\u00e9 les intimidations, extr\u00eame droite ou pas. <a href=\"https:\/\/t.co\/Hy9XqyvluD\" rel=\"nofollow\">pic.twitter.com\/Hy9XqyvluD<\/a><\/p>\n<p>\u2014 Beno\u00eet Payan (@BenoitPayan) <a href=\"https:\/\/twitter.com\/BenoitPayan\/status\/1964732628273332644?ref_src=twsrc%5Etfw\" rel=\"nofollow noopener\" target=\"_blank\">September 7, 2025<\/a><\/p><\/blockquote>\n<p>Sa plainte pour \u00ab\u00a0menace de mort ou d&rsquo;atteinte aux biens dangereuse pour les personnes \u00e0 l&rsquo;encontre d&rsquo;un \u00e9lu\u00a0\u00bb, consult\u00e9e par l&rsquo;AFP, a \u00e9t\u00e9 d\u00e9pos\u00e9e dans l&rsquo;apr\u00e8s-midi dans un commissariat du premier arrondissement de la deuxi\u00e8me ville de France.<\/p>\n<p>\u00ab\u00a0Les menaces de mort et insultes en tout genre continuent et s&rsquo;intensifient mais <strong>elles ne m&rsquo;arr\u00eateront pas<\/strong>. Marseille et les Marseillais sont plus forts que la haine\u00a0\u00bb, a-t-il publi\u00e9 plus tard \u00e0 nouveau sur X, remerciant \u00ab\u00a0tous ceux qui m&rsquo;ont apport\u00e9 leur soutien\u00a0\u00bb.<\/p>\n<blockquote class=\"twitter-tweet\">\n<p lang=\"fr\" dir=\"ltr\">Les menaces de mort et insultes en tout genre continuent et s\u2019intensifient mais elles ne m\u2019arr\u00eateront pas. Marseille et les Marseillais sont plus forts que la haine.<\/p>\n<p>Merci \u00e0 tous ceux qui m\u2019ont apport\u00e9 leur soutien, nous continuerons ensemble \u00e0 faire rayonner Marseille! <a href=\"https:\/\/t.co\/XDhz74MR7M\" rel=\"nofollow\">pic.twitter.com\/XDhz74MR7M<\/a><\/p>\n<p>\u2014 Beno\u00eet Payan (@BenoitPayan) <a href=\"https:\/\/twitter.com\/BenoitPayan\/status\/1965003166279508350?ref_src=twsrc%5Etfw\" rel=\"nofollow noopener\" target=\"_blank\">September 8, 2025<\/a><\/p><\/blockquote>\n<p>Son message \u00e9tait accompagn\u00e9 de plusieurs captures d&rsquo;\u00e9cran de messages post\u00e9s sur les r\u00e9seaux sociaux <strong>insultants et racistes<\/strong> \u00e0 son encontre.<\/p>\n<p>Parmi les personnalit\u00e9s ayant exprim\u00e9 leur soutien figurent notamment le d\u00e9put\u00e9 LFI de Marseille S\u00e9bastien Delogu, qui critique r\u00e9guli\u00e8rement la politique du maire divers gauche et dont la candidature rivale aux municipales est pressentie, la pr\u00e9sidente socialiste de la r\u00e9gion Occitanie Carole Delga ou encore Olivier Rioult, porte-parole du candidat RN pour les municipales dans la cit\u00e9 phoc\u00e9enne Franck Allisio.<\/p>\n<p>                                                                                                                                        <script async src=\"https:\/\/platform.twitter.com\/widgets.js\" charset=\"utf-8\"><\/script><\/p>\n","protected":false},"excerpt":{"rendered":"Beno\u00eet Payan a d\u00e9pos\u00e9 plainte contre X ce lundi 8 septembre 2025 apr\u00e8s avoir re\u00e7u plusieurs menaces de&hellip;\n","protected":false},"author":2,"featured_media":377203,"comment_status":"","ping_status":"","sticky":false,"template":"","format":"standard","meta":{"footnotes":""},"categories":[2814],"tags":[1111,11,1777,674,118,1011,27,884,12,316,882,25],"class_list":{"0":"post-377202","1":"post","2":"type-post","3":"status-publish","4":"format-standard","5":"has-post-thumbnail","7":"category-marseille","8":"tag-actu","9":"tag-actualites","10":"tag-eu","11":"tag-europe","12":"tag-faits-divers","13":"tag-fr","14":"tag-france","15":"tag-marseille","16":"tag-news","17":"tag-politique","18":"tag-provence-alpes-cote-dazur","19":"tag-republique-francaise"},"share_on_mastodon":{"url":"https:\/\/pubeurope.com\/@fr\/115173230191317704","error":""},"_links":{"self":[{"href":"https:\/\/www.europesays.com\/fr\/wp-json\/wp\/v2\/posts\/377202","targetHints":{"allow":["GET"]}}],"collection":[{"href":"https:\/\/www.europesays.com\/fr\/wp-json\/wp\/v2\/posts"}],"about":[{"href":"https:\/\/www.europesays.com\/fr\/wp-json\/wp\/v2\/types\/post"}],"author":[{"embeddable":true,"href":"https:\/\/www.europesays.com\/fr\/wp-json\/wp\/v2\/users\/2"}],"replies":[{"embeddable":true,"href":"https:\/\/www.europesays.com\/fr\/wp-json\/wp\/v2\/comments?post=377202"}],"version-history":[{"count":0,"href":"https:\/\/www.europesays.com\/fr\/wp-json\/wp\/v2\/posts\/377202\/revisions"}],"wp:featuredmedia":[{"embeddable":true,"href":"https:\/\/www.europesays.com\/fr\/wp-json\/wp\/v2\/media\/377203"}],"wp:attachment":[{"href":"https:\/\/www.europesays.com\/fr\/wp-json\/wp\/v2\/media?parent=377202"}],"wp:term":[{"taxonomy":"category","embeddable":true,"href":"https:\/\/www.europesays.com\/fr\/wp-json\/wp\/v2\/categories?post=377202"},{"taxonomy":"post_tag","embeddable":true,"href":"https:\/\/www.europesays.com\/fr\/wp-json\/wp\/v2\/tags?post=377202"}],"curies":[{"name":"wp","href":"https:\/\/api.w.org\/{rel}","templated":true}]}}