{"id":377204,"date":"2025-09-09T07:46:11","date_gmt":"2025-09-09T07:46:11","guid":{"rendered":"https:\/\/www.europesays.com\/fr\/377204\/"},"modified":"2025-09-09T07:46:11","modified_gmt":"2025-09-09T07:46:11","slug":"la-grande-braderie-de-la-croix-rousse-2025","status":"publish","type":"post","link":"https:\/\/www.europesays.com\/fr\/377204\/","title":{"rendered":"La Grande Braderie de la Croix-Rousse 2025"},"content":{"rendered":"<p>Un week-end festif et convivial vous attend au c\u0153ur\u00a0du quartier embl\u00e9matique de la Croix-Rousse, avec une atmosph\u00e8re unique m\u00ealant shopping, gastronomie et animations pour toute la famille. Que vous soyez \u00e0 la recherche de produits locaux, de cr\u00e9ations artisanales ou tout simplement d\u2019une bonne affaire, vous trouverez votre bonheur en d\u00e9ambulant le week-end du 13 et 14 septembre sur le quartier de la Croix Rousse.<\/p>\n<p>Prolongez votre exp\u00e9rience en explorant les diff\u00e9rentes rues th\u00e9matiques et effectuez votre shopping en musique en d\u00e9ambulant au rythme de la batucada.<\/p>\n<p><strong>\u00a0Samedi 13 et dimanche 14 septembre\u00a0<br \/>\u00a0de 9h \u00e0 19h\u00a0<\/strong><\/p>\n<p><strong>\u00a0Samedi 13 septembre\u00a0<br \/>\u00a0de 9h \u00e0 19h\u00a0<\/strong><\/p>\n<ul>\n<li><strong>Rue italienne &#8211; rue Perrod :<\/strong> l\u2019Italie s\u2019invite sur La Grande Braderie de la Croix-Rousse pour une immersion gourmande et authentique !<\/li>\n<\/ul>\n<p><strong>\u00a0Les animations\u00a0<\/strong><\/p>\n<ul>\n<li><strong>P\u00f4le loisirs cr\u00e9atifs &amp; ateliers DIY parents\/enfants<\/strong> anim\u00e9s par Co.maker<br \/>Place de la Croix-Rousse<br \/>Samedi 13\/09 et dimanche 14\/09 de 10h30 \u00e0 19h<br \/>\u00a0<\/li>\n<li><strong>Initiation au Pilates<\/strong> avec l\u2019\u00c9cole de danse PetitsPas.<br \/>Petite place de la Croix-Rousse<br \/>Samedi 13\/09 \u00e0 15h\u00a0et 15h45 &#8211; Gratuit, sur inscription<br \/>\u00a0<\/li>\n<li>Venez effectuer votre shopping en musique et profitez de la <strong>d\u00e9ambulation de la batucada Bandana<\/strong><br \/>Samedi 13\/09 de 14h30 \u00e0 17h30<\/li>\n<\/ul>\n<p>Parcours shopping : Grande rue de la Croix-Rousse &#8211; place de la Croix-Rousse &#8211; rue Pailleron &#8211; rue du Mail &#8211; rue du Chariot d&rsquo;Or &#8211; rue d&rsquo;Ivry &#8211; rue Victor Fort &#8211; rue Perrod<\/p>\n<p><a href=\"https:\/\/lyon-cotecroixrousse.org\/2025\/07\/17\/la-grande-braderie-13-et-14-09-25\/\" rel=\"nofollow noopener\" target=\"_blank\">En savoir +<\/a><\/p>\n<p><img decoding=\"async\" alt=\"Plan\" data-entity-type=\"file\" data-entity-uuid=\"f05a9e70-d023-42fc-acd1-68abe39d4e66\" height=\"901\" src=\"https:\/\/www.europesays.com\/fr\/wp-content\/uploads\/2025\/09\/Plan La Grande Braderie 2025.jpg\" width=\"640\" loading=\"lazy\"\/><\/p>\n","protected":false},"excerpt":{"rendered":"Un week-end festif et convivial vous attend au c\u0153ur\u00a0du quartier embl\u00e9matique de la Croix-Rousse, avec une atmosph\u00e8re unique&hellip;\n","protected":false},"author":2,"featured_media":377205,"comment_status":"","ping_status":"","sticky":false,"template":"","format":"standard","meta":{"footnotes":""},"categories":[1889],"tags":[1111,11,2430,1777,674,1011,27,2428,12,25],"class_list":{"0":"post-377204","1":"post","2":"type-post","3":"status-publish","4":"format-standard","5":"has-post-thumbnail","7":"category-lyon","8":"tag-actu","9":"tag-actualites","10":"tag-auvergne-rhone-alpes","11":"tag-eu","12":"tag-europe","13":"tag-fr","14":"tag-france","15":"tag-lyon","16":"tag-news","17":"tag-republique-francaise"},"share_on_mastodon":{"url":"https:\/\/pubeurope.com\/@fr\/115173234050869624","error":""},"_links":{"self":[{"href":"https:\/\/www.europesays.com\/fr\/wp-json\/wp\/v2\/posts\/377204","targetHints":{"allow":["GET"]}}],"collection":[{"href":"https:\/\/www.europesays.com\/fr\/wp-json\/wp\/v2\/posts"}],"about":[{"href":"https:\/\/www.europesays.com\/fr\/wp-json\/wp\/v2\/types\/post"}],"author":[{"embeddable":true,"href":"https:\/\/www.europesays.com\/fr\/wp-json\/wp\/v2\/users\/2"}],"replies":[{"embeddable":true,"href":"https:\/\/www.europesays.com\/fr\/wp-json\/wp\/v2\/comments?post=377204"}],"version-history":[{"count":0,"href":"https:\/\/www.europesays.com\/fr\/wp-json\/wp\/v2\/posts\/377204\/revisions"}],"wp:featuredmedia":[{"embeddable":true,"href":"https:\/\/www.europesays.com\/fr\/wp-json\/wp\/v2\/media\/377205"}],"wp:attachment":[{"href":"https:\/\/www.europesays.com\/fr\/wp-json\/wp\/v2\/media?parent=377204"}],"wp:term":[{"taxonomy":"category","embeddable":true,"href":"https:\/\/www.europesays.com\/fr\/wp-json\/wp\/v2\/categories?post=377204"},{"taxonomy":"post_tag","embeddable":true,"href":"https:\/\/www.europesays.com\/fr\/wp-json\/wp\/v2\/tags?post=377204"}],"curies":[{"name":"wp","href":"https:\/\/api.w.org\/{rel}","templated":true}]}}