{"id":377206,"date":"2025-09-09T07:47:15","date_gmt":"2025-09-09T07:47:15","guid":{"rendered":"https:\/\/www.europesays.com\/fr\/377206\/"},"modified":"2025-09-09T07:47:15","modified_gmt":"2025-09-09T07:47:15","slug":"la-metropole-lance-le-reamenagement-du-coeur-de-ville","status":"publish","type":"post","link":"https:\/\/www.europesays.com\/fr\/377206\/","title":{"rendered":"la M\u00e9tropole lance le r\u00e9am\u00e9nagement du c\u0153ur de ville"},"content":{"rendered":"<p>                            <img loading=\"lazy\" width=\"1200\" height=\"729\" class=\"attachment-article size-article wp-post-image lazyload\" alt=\"\" decoding=\"async\" src=\"https:\/\/www.europesays.com\/fr\/wp-content\/uploads\/2025\/09\/image005-1.jpg\" data-eio-rwidth=\"1200\" data-eio-rheight=\"729\"\/><\/p>\n<p>La M\u00e9tropole de Lyon et la ville de Grigny-sur-Rh\u00f4ne lancent une op\u00e9ration de renouvellement urbain.<\/p>\n<p class=\"content\" style=\"font-size:1.2em;font-weight:700\">La M\u00e9tropole de Lyon engage d\u00e8s la mi-septembre un vaste chantier sur la place Jean-Jaur\u00e8s, au centre historique de Grigny-sur-Rh\u00f4ne.<\/p>\n<p>La M\u00e9tropole de Lyon lance \u00e0 la mi-septembre le chantier de r\u00e9am\u00e9nagement du centre historique de Grigny-sur-Rh\u00f4ne. Le projet couvre la place Jean-Jaur\u00e8s, devant l\u2019\u00e9glise Saint-Pierre, et le parvis de la m\u00e9diath\u00e8que L\u00e9o Ferr\u00e9. Au programme : un sol pav\u00e9 en dalles calcaires, de nouvelles assises en granit, davantage de v\u00e9g\u00e9tation et deux fontaines pour redonner fra\u00eecheur et convivialit\u00e9. Les espaces verts, pens\u00e9s pour infiltrer les eaux de pluie, contribueront aussi \u00e0 limiter les \u00eelots de chaleur.<\/p>\n<p><strong>A lire aussi<\/strong> : <a href=\"https:\/\/www.lyoncapitale.fr\/actualite\/grigny-sur-rhone-un-nouvel-arrete-anti-regroupement-en-vigueur\" target=\"_blank\" rel=\"noreferrer noopener nofollow\">Grigny-sur-Rh\u00f4ne : un nouvel arr\u00eat\u00e9 anti-regroupement en vigueur<\/a><\/p>\n<p>Le stationnement sera maintenu, avec l\u2019ajout d\u2019une place PMR, et le march\u00e9 forain conservera son emplacement, malgr\u00e9 des ajustements temporaires. Les acc\u00e8s aux commerces, \u00e0 la m\u00e9diath\u00e8que et \u00e0 l\u2019\u00e9glise seront pr\u00e9serv\u00e9s tout au long du chantier.<\/p>\n<p>D\u2019un co\u00fbt total de 775 000 \u20ac, financ\u00e9s \u00e0 hauteur de 640 000 \u20ac par la M\u00e9tropole et 135 000 \u20ac par la Ville de Grigny, les travaux se d\u00e9rouleront en trois phases jusqu\u2019en mars 2026.<\/p>\n<p><strong>Lire aussi :\u00a0<\/strong><a href=\"https:\/\/www.lyoncapitale.fr\/actualite\/sud-de-lyon-grigny-deviendra-grigny-sur-rhone-le-1er-janvier-2025\" rel=\"nofollow noopener\" target=\"_blank\">Sud de Lyon : Grigny deviendra Grigny-sur-Rh\u00f4ne le 1er janvier 2025<\/a><\/p>\n","protected":false},"excerpt":{"rendered":"La M\u00e9tropole de Lyon et la ville de Grigny-sur-Rh\u00f4ne lancent une op\u00e9ration de renouvellement urbain. La M\u00e9tropole de&hellip;\n","protected":false},"author":2,"featured_media":377207,"comment_status":"","ping_status":"","sticky":false,"template":"","format":"standard","meta":{"footnotes":""},"categories":[1889],"tags":[1111,11,2430,1777,674,1011,27,2428,12,25],"class_list":{"0":"post-377206","1":"post","2":"type-post","3":"status-publish","4":"format-standard","5":"has-post-thumbnail","7":"category-lyon","8":"tag-actu","9":"tag-actualites","10":"tag-auvergne-rhone-alpes","11":"tag-eu","12":"tag-europe","13":"tag-fr","14":"tag-france","15":"tag-lyon","16":"tag-news","17":"tag-republique-francaise"},"share_on_mastodon":{"url":"https:\/\/pubeurope.com\/@fr\/115173237976304167","error":""},"_links":{"self":[{"href":"https:\/\/www.europesays.com\/fr\/wp-json\/wp\/v2\/posts\/377206","targetHints":{"allow":["GET"]}}],"collection":[{"href":"https:\/\/www.europesays.com\/fr\/wp-json\/wp\/v2\/posts"}],"about":[{"href":"https:\/\/www.europesays.com\/fr\/wp-json\/wp\/v2\/types\/post"}],"author":[{"embeddable":true,"href":"https:\/\/www.europesays.com\/fr\/wp-json\/wp\/v2\/users\/2"}],"replies":[{"embeddable":true,"href":"https:\/\/www.europesays.com\/fr\/wp-json\/wp\/v2\/comments?post=377206"}],"version-history":[{"count":0,"href":"https:\/\/www.europesays.com\/fr\/wp-json\/wp\/v2\/posts\/377206\/revisions"}],"wp:featuredmedia":[{"embeddable":true,"href":"https:\/\/www.europesays.com\/fr\/wp-json\/wp\/v2\/media\/377207"}],"wp:attachment":[{"href":"https:\/\/www.europesays.com\/fr\/wp-json\/wp\/v2\/media?parent=377206"}],"wp:term":[{"taxonomy":"category","embeddable":true,"href":"https:\/\/www.europesays.com\/fr\/wp-json\/wp\/v2\/categories?post=377206"},{"taxonomy":"post_tag","embeddable":true,"href":"https:\/\/www.europesays.com\/fr\/wp-json\/wp\/v2\/tags?post=377206"}],"curies":[{"name":"wp","href":"https:\/\/api.w.org\/{rel}","templated":true}]}}