{"id":37721,"date":"2025-04-20T02:01:32","date_gmt":"2025-04-20T02:01:32","guid":{"rendered":"https:\/\/www.europesays.com\/fr\/37721\/"},"modified":"2025-04-20T02:01:32","modified_gmt":"2025-04-20T02:01:32","slug":"helena-noguerra-bruno-solo-m6-revele-le-casting-de-nouveau-jour-sa-nouvelle-serie-quotidienne","status":"publish","type":"post","link":"https:\/\/www.europesays.com\/fr\/37721\/","title":{"rendered":"Helena Noguerra, Bruno Solo\u2026 M6 r\u00e9v\u00e8le le casting de \u00ab\u00a0Nouveau jour\u00a0\u00bb, sa nouvelle s\u00e9rie quotidienne"},"content":{"rendered":"<p><a href=\"https:\/\/www.20minutes.fr\/journaliste\/clio-weickert\" rel=\"nofollow noopener\" target=\"_blank\"><img decoding=\"async\" class=\"c-avatar c-avatar--media\" src=\"https:\/\/www.europesays.com\/fr\/wp-content\/uploads\/2025\/04\/ebb605e8-95e7-4bcb-852b-784a9034b101.png\" alt=\"Clio Weickert\"\/><\/p>\n<p class=\"font-weight-bold@xs text-s@xs\">C.W.<\/p>\n<p class=\"mt-xxs-2@xs color-grey-400 text-xxs@xs\">Publi\u00e9 le 18\/04\/2025 \u00e0 13h54<\/p>\n<p><\/a><\/p>\n<p>Du soleil, un h\u00f4tel 4 \u00e9toiles, des secrets\u2026 Ce vendredi, <a href=\"https:\/\/www.20minutes.fr\/dossier\/m6\" class=\"color-ultramarine c-link\" rel=\"nofollow noopener\" target=\"_blank\">M6<\/a> a annonc\u00e9 lancer le tournage d\u2019une toute nouvelle <a href=\"https:\/\/www.20minutes.fr\/arts-stars\/serie\/\" class=\"color-ultramarine c-link\" rel=\"nofollow noopener\" target=\"_blank\">s\u00e9rie<\/a> quotidienne, diffus\u00e9e l\u2019\u00e9t\u00e9 prochain sur la cha\u00eene\u00a0: Nouveau jour.<\/p>\n<p>Tourn\u00e9e dans la r\u00e9gion de <a href=\"https:\/\/www.20minutes.fr\/montpellier\/\" class=\"color-ultramarine c-link\" rel=\"nofollow noopener\" target=\"_blank\">Montpellier<\/a>, cette \u00ab\u00a0grande saga\u00a0\u00bb, \u00ab\u00a0\u00e0 la fois soap et thriller\u00a0\u00bb, se d\u00e9roulera au c\u0153ur d\u2019un h\u00f4tel luxueux tenu par le clan Bartoli, une fratrie \u00ab\u00a0d\u00e9chir\u00e9e par un tr\u00e8s lourd secret de famille\u00a0\u00bb.<\/p>\n<p>M6 n\u2019a pas encore d\u00e9voil\u00e9 la date de diffusion de ce feuilleton mais a tout de m\u00eame r\u00e9v\u00e9l\u00e9 son casting fourni et port\u00e9 par de c\u00e9l\u00e8bres acteurs et actrices. 20 Minutes vous propose d\u2019en d\u00e9couvrir les visages.<\/p>\n<p><img fetchpriority=\"high\" decoding=\"async\" alt=\"La com\u00e9dienne Helena Noguerra.\" class=\"mb-s@xs radius-0@xs radius-xxs@md c-img\" loading=\"eager\" width=\"640\" height=\"408\" src=\"https:\/\/www.europesays.com\/fr\/wp-content\/uploads\/2025\/04\/640x408_la-comedienne-helena-noguerra.jpeg; charset=utf-8\" \/>La com\u00e9dienne Helena Noguerra.\u2002-\u00a0SYSPEO\/SIPA\u2002\/\u00a0SIPA<\/p>\n<p>Parmi la trentaine de personnages que comptera la s\u00e9rie, on retrouve Louise Bartoli, l\u2019a\u00een\u00e9e de la fratrie, incarn\u00e9e par la com\u00e9dienne <a href=\"https:\/\/www.20minutes.fr\/livres\/2098959-20170704-helena-noguerra-chaque-lettre-refus-disais-quelque-chose-allait-ecrivais\" class=\"color-ultramarine c-link\" rel=\"nofollow noopener\" target=\"_blank\">Helena Noguerra<\/a>.<\/p>\n<p><img decoding=\"async\" alt=\"Le com\u00e9dien Vincent Desagnat.\" class=\"mb-s@xs radius-0@xs radius-xxs@md c-img\" loading=\"eager\" width=\"640\" height=\"408\" src=\"https:\/\/www.europesays.com\/fr\/wp-content\/uploads\/2025\/04\/640x408_le-comedien-vincent-desagnat.jpeg; charset=utf-8\" \/>Le com\u00e9dien Vincent Desagnat.\u2002-\u00a0Bony\/SIPA\u2002\/\u00a0SIPA<\/p>\n<p>Son r\u00f4le n\u2019a pas \u00e9t\u00e9 pr\u00e9cis\u00e9 mais l\u2019animateur et acteur Vincent Desagnat, bien connu des fans du \u00ab\u00a0Morning Live\u00a0\u00bb sur Fun Radio dans les ann\u00e9es\u00a02000, sera lui aussi de la partie.<\/p>\n<p><img decoding=\"async\" alt=\"La com\u00e9dienne La\u00ebtitia Milot.\" class=\"mb-s@xs radius-0@xs radius-xxs@md c-img\" loading=\"eager\" width=\"640\" height=\"408\" src=\"https:\/\/www.europesays.com\/fr\/wp-content\/uploads\/2025\/04\/640x408_la-comedienne-laetitia-milot.jpeg; charset=utf-8\" \/>La com\u00e9dienne La\u00ebtitia Milot.\u2002-\u00a0JP PARIENTE\/SIPA\u2002\/\u00a0SIPA<\/p>\n<p>Il y aura aussi la star de la t\u00e9l\u00e9 <a href=\"https:\/\/www.20minutes.fr\/dossier\/laetitia-milot\" class=\"color-ultramarine c-link\" rel=\"nofollow noopener\" target=\"_blank\">La\u00ebtitia Milot<\/a>, connue pour ses r\u00f4les dans Plus belle la vie sur France 3 ou encore La Vengeance aux yeux clairs sur TF1.<\/p>\n<p><img decoding=\"async\" alt=\"Le com\u00e9dien Bruno Solo.\" class=\"mb-s@xs radius-0@xs radius-xxs@md c-img\" loading=\"eager\" width=\"640\" height=\"408\" src=\"https:\/\/www.europesays.com\/fr\/wp-content\/uploads\/2025\/04\/640x408_le-comedien-bruno-solo.jpeg; charset=utf-8\" \/>Le com\u00e9dien Bruno Solo.\u2002-\u00a0ROMUALD MEIGNEUX\/SIPA\u2002\/\u00a0SIPA<\/p>\n<p>Vingt-quatre ans apr\u00e8s le succ\u00e8s de <a href=\"https:\/\/www.20minutes.fr\/serie\/4020276-20230124-camera-cafe-20-ans-deja-met-boite-heros-deux-boomers-heteros-blancs-problematiques\" class=\"color-ultramarine c-link\" rel=\"nofollow noopener\" target=\"_blank\">Cam\u00e9ra caf\u00e9 <\/a>sur M6, l\u2019acteur Bruno Solo est de retour sur la cha\u00eene dans Nouveau jour.<\/p>\n<p><img decoding=\"async\" alt=\"La chanteuse et actrice Aur\u00e9lie Konat\u00e9.\" class=\"mb-s@xs radius-0@xs radius-xxs@md c-img\" loading=\"eager\" width=\"640\" height=\"408\" src=\"https:\/\/www.europesays.com\/fr\/wp-content\/uploads\/2025\/04\/640x408_la-chanteuse-et-actrice-aurelie-konate.jpeg; charset=utf-8\" \/>La chanteuse et actrice Aur\u00e9lie Konat\u00e9.\u2002-\u00a0Laurent VU\/SIPA\u2002\/\u00a0SIPA<\/p>\n<p>Dans ce casting, on retrouve \u00e9galement la chanteuse et actrice Aur\u00e9lie Konat\u00e9, ancienne participante de <a href=\"https:\/\/www.20minutes.fr\/dossier\/star_academy\" class=\"color-ultramarine c-link\" rel=\"nofollow noopener\" target=\"_blank\">Star Academy <\/a>et com\u00e9dienne dans diff\u00e9rentes fictions t\u00e9l\u00e9 comme Camping Paradis ou Demain nous appartient sur TF1.<\/p>\n<p><img decoding=\"async\" alt=\"L\u2019acteur Jean-Baptiste Shelmerdine.\" class=\"mb-s@xs radius-0@xs radius-xxs@md c-img\" loading=\"eager\" width=\"640\" height=\"408\" src=\"https:\/\/www.europesays.com\/fr\/wp-content\/uploads\/2025\/04\/640x408_l-acteur-jean-baptiste-shelmerdine.jpeg; charset=utf-8\" \/>L\u2019acteur Jean-Baptiste Shelmerdine.\u2002-\u00a0Laurent Vu\/SIPA\u2002\/\u00a0SIPA<\/p>\n<p>Son visage est connu des fans du programme court Nos chers voisins sur <a href=\"https:\/\/www.20minutes.fr\/dossier\/tf1\" class=\"color-ultramarine c-link\" rel=\"nofollow noopener\" target=\"_blank\">TF1<\/a> ou encore de la s\u00e9rie Platane d\u2019\u00c9ric Judor sur Canal+. Jean-Baptiste Shelmerdine jouera aussi dans Nouveau jour.<\/p>\n<p><img decoding=\"async\" alt=\"L\u2019actrice Gabrielle Atger.\" class=\"mb-s@xs mx-auto@xs radius-0@xs radius-xxs@md c-img c-img--is-portrait\" loading=\"eager\" width=\"310\" src=\"https:\/\/www.europesays.com\/fr\/wp-content\/uploads\/2025\/04\/310x0_l-actrice-gabrielle-atger.jpeg; charset=utf-8\" \/>L\u2019actrice Gabrielle Atger.\u2002-\u00a0Benjamin DECOIN\/M6\u2002\/\u00a0CipeM6<\/p>\n<p>Gabrielle Atger sera Audrey Bartoli, la petite s\u0153ur du personnage d\u2019Helena Noguerra. Les t\u00e9l\u00e9spectateurs l\u2019ont d\u00e9j\u00e0 vu dans la s\u00e9rie Clem sur TF1 ou encore Meurtres \u00e0\u2026 sur <a href=\"https:\/\/www.20minutes.fr\/television\/france3\/\" class=\"color-ultramarine c-link\" rel=\"nofollow noopener\" target=\"_blank\">France 3<\/a>.<\/p>\n<p><img decoding=\"async\" alt=\"L\u2019acteur Jean-Baptiste Maunier.\" class=\"mb-s@xs mx-auto@xs radius-0@xs radius-xxs@md c-img c-img--is-portrait\" loading=\"eager\" width=\"310\" src=\"https:\/\/www.europesays.com\/fr\/wp-content\/uploads\/2025\/04\/310x0_l-acteur-jean-baptiste-maunier.jpeg; charset=utf-8\" \/>L\u2019acteur Jean-Baptiste Maunier.\u2002-\u00a0Bertrand NOEL\/SIPA\u2002\/\u00a0SIPA<\/p>\n<p>Vous l\u2019avez connu enfant dans le film Les choristes et \u00e0 l\u2019\u00e2ge adulte, il a notamment particip\u00e9 \u00e0 \u00ab\u00a0<a href=\"https:\/\/www.20minutes.fr\/arts-stars\/television\/danse_avec_les_stars\/\" class=\"color-ultramarine c-link\" rel=\"nofollow noopener\" target=\"_blank\">Danse avec les stars<\/a>\u00a0\u00bb. Jean-Baptiste Maunier sera dans la nouvelle quotidienne de M6.<\/p>\n<p><img decoding=\"async\" alt=\"L\u2019actrice Juliette Ch\u00eane.\" class=\"mb-s@xs mx-auto@xs radius-0@xs radius-xxs@md c-img c-img--is-portrait\" loading=\"eager\" width=\"310\" src=\"https:\/\/www.europesays.com\/fr\/wp-content\/uploads\/2025\/04\/310x0_l-actrice-juliette-chene.jpeg; charset=utf-8\" \/>L\u2019actrice Juliette Ch\u00eane.\u2002-\u00a0NIVIERE\/HAEDRICH JEAN-MARC\/SIPA\u2002\/\u00a0SIPA<\/p>\n<p>Elle a longtemps jou\u00e9 dans <a href=\"https:\/\/www.20minutes.fr\/television\/plus-belle-la-vie\/\" class=\"color-ultramarine c-link\" rel=\"nofollow noopener\" target=\"_blank\">Plus belle la vie<\/a> mais aussi dans Camping Paradis. Vous retrouverez bient\u00f4t l\u2019actrice Juliette Ch\u00eane sur M6.<\/p>\n<p><img decoding=\"async\" alt=\"L\u2019acteur Mhamed Arezki.\" class=\"mb-s@xs mx-auto@xs radius-0@xs radius-xxs@md c-img c-img--is-portrait\" loading=\"eager\" width=\"310\" src=\"https:\/\/www.europesays.com\/fr\/wp-content\/uploads\/2025\/04\/310x0_l-acteur-mhamed-arezki.jpeg; charset=utf-8\" \/>L\u2019acteur Mhamed Arezki.\u2002-\u00a0Benjamin DECOIN\/M6\u2002\/\u00a0CipeM6<\/p>\n<p>Dans Nouveau jour, il incarnera Tarek, autre membre de la fratrie Bartoli. Auparavant, Mhamed Arezki a jou\u00e9 dans Demain nous appartient et dans de nombreux films au cin\u00e9ma comme <a href=\"https:\/\/www.20minutes.fr\/arts-stars\/cinema\/4060863-20231108-passion-dodin-bouffant-tran-anh-hung-talent-pierre-gagnaire-encore-plus-appetissant\" class=\"color-ultramarine c-link\" rel=\"nofollow noopener\" target=\"_blank\">La Passion de Dodin Bouffant <\/a>de Tr\u1ea7n Anh H\u00f9ng, en\u00a02023<\/p>\n<p><img decoding=\"async\" alt=\"L\u2019acteur Alexandre Varga.\" class=\"mb-s@xs radius-0@xs radius-xxs@md c-img\" loading=\"eager\" width=\"640\" height=\"408\" src=\"https:\/\/www.europesays.com\/fr\/wp-content\/uploads\/2025\/04\/640x408_l-acteur-alexandre-varga.jpeg; charset=utf-8\" \/>L\u2019acteur Alexandre Varga.\u2002-\u00a0Laurent Vu\/SIPA\u2002\/\u00a0SIPA<\/p>\n<p>Autre nom du casting, Alexandre Varga est connu du public pour avoir tenu des r\u00f4les dans Candice Renoir ou Cassandre sur <a href=\"https:\/\/www.20minutes.fr\/television\/france_televisions\/\" class=\"color-ultramarine c-link\" rel=\"nofollow noopener\" target=\"_blank\">France T\u00e9l\u00e9visions<\/a>.<\/p>\n<p><img decoding=\"async\" alt=\"L\u2019actrice Marion Aym\u00e9.\" class=\"mb-s@xs mx-auto@xs radius-0@xs radius-xxs@md c-img c-img--is-portrait\" loading=\"eager\" width=\"310\" src=\"https:\/\/www.europesays.com\/fr\/wp-content\/uploads\/2025\/04\/310x0_l-actrice-marion-ayme.jpeg; charset=utf-8\" \/>L\u2019actrice Marion Aym\u00e9.\u2002-\u00a0Benjamin DECOIN\/M6\u2002\/\u00a0CipeM6<\/p>\n<p>Enfin, la s\u00e9rie de M6 comptera \u00e9galement un visage moins connu des t\u00e9l\u00e9spectateurs, celui de Marion Aym\u00e9. L\u2019actrice incarnera Th\u00e9a, la fille d\u2019Audrey Bartoli.<\/p>\n<p><img decoding=\"async\" alt=\"M6 va lancer sa nouvelle s\u00e9rie quotidienne \u00ab\u00a0Nouveau jour\u00a0\u00bb, dont l\u2019intrigue se d\u00e9roule dans un h\u00f4tel familial, dans la r\u00e9gion de Montpellier.\" class=\"mb-s@xs radius-0@xs radius-xxs@md c-img\" loading=\"eager\" width=\"640\" height=\"408\" src=\"https:\/\/www.europesays.com\/fr\/wp-content\/uploads\/2025\/04\/640x408_m6-va-lancer-sa-nouvelle-serie-quotidienne-nouveau-jour-dont-l-intrigue-se-deroule-dans-une-.jpeg; charset=utf-8\" \/>M6 va lancer sa nouvelle s\u00e9rie quotidienne \u00ab\u00a0Nouveau jour\u00a0\u00bb, dont l\u2019intrigue se d\u00e9roule dans un h\u00f4tel familial, dans la r\u00e9gion de Montpellier.\u2002-\u00a0Nicolas LEFEVRE\/M6\u2002\/\u00a0CIPEM6<\/p>\n<p>Tourn\u00e9e dans la r\u00e9gion de Montpellier et avec pour d\u00e9cor un magnifique domaine h\u00f4telier, la s\u00e9rie Nouveau jour sera diffus\u00e9e l\u2019\u00e9t\u00e9 prochain sur M6.<\/p>\n","protected":false},"excerpt":{"rendered":"C.W. Publi\u00e9 le 18\/04\/2025 \u00e0 13h54 Du soleil, un h\u00f4tel 4 \u00e9toiles, des secrets\u2026 Ce vendredi, M6 a&hellip;\n","protected":false},"author":2,"featured_media":37722,"comment_status":"","ping_status":"","sticky":false,"template":"","format":"standard","meta":{"footnotes":""},"categories":[1356],"tags":[253,11668,58,59,1011,27,7089,190,10839,2681,494,2208,2680,521,252,1364],"class_list":{"0":"post-37721","1":"post","2":"type-post","3":"status-publish","4":"format-standard","5":"has-post-thumbnail","7":"category-television","8":"tag-acteur","9":"tag-casting","10":"tag-divertissement","11":"tag-entertainment","12":"tag-fr","13":"tag-france","14":"tag-herault","15":"tag-hotel","16":"tag-laetitia-milot","17":"tag-languedoc-roussillon","18":"tag-m6","19":"tag-montpellier","20":"tag-occitanie","21":"tag-serie","22":"tag-television","23":"tag-tv"},"share_on_mastodon":{"url":"https:\/\/pubeurope.com\/@fr\/114367829443397526","error":""},"_links":{"self":[{"href":"https:\/\/www.europesays.com\/fr\/wp-json\/wp\/v2\/posts\/37721","targetHints":{"allow":["GET"]}}],"collection":[{"href":"https:\/\/www.europesays.com\/fr\/wp-json\/wp\/v2\/posts"}],"about":[{"href":"https:\/\/www.europesays.com\/fr\/wp-json\/wp\/v2\/types\/post"}],"author":[{"embeddable":true,"href":"https:\/\/www.europesays.com\/fr\/wp-json\/wp\/v2\/users\/2"}],"replies":[{"embeddable":true,"href":"https:\/\/www.europesays.com\/fr\/wp-json\/wp\/v2\/comments?post=37721"}],"version-history":[{"count":0,"href":"https:\/\/www.europesays.com\/fr\/wp-json\/wp\/v2\/posts\/37721\/revisions"}],"wp:featuredmedia":[{"embeddable":true,"href":"https:\/\/www.europesays.com\/fr\/wp-json\/wp\/v2\/media\/37722"}],"wp:attachment":[{"href":"https:\/\/www.europesays.com\/fr\/wp-json\/wp\/v2\/media?parent=37721"}],"wp:term":[{"taxonomy":"category","embeddable":true,"href":"https:\/\/www.europesays.com\/fr\/wp-json\/wp\/v2\/categories?post=37721"},{"taxonomy":"post_tag","embeddable":true,"href":"https:\/\/www.europesays.com\/fr\/wp-json\/wp\/v2\/tags?post=37721"}],"curies":[{"name":"wp","href":"https:\/\/api.w.org\/{rel}","templated":true}]}}