{"id":377210,"date":"2025-09-09T07:49:14","date_gmt":"2025-09-09T07:49:14","guid":{"rendered":"https:\/\/www.europesays.com\/fr\/377210\/"},"modified":"2025-09-09T07:49:14","modified_gmt":"2025-09-09T07:49:14","slug":"greve-du-10-septembre-fortes-perturbations-attendues-dans-les-transports-2","status":"publish","type":"post","link":"https:\/\/www.europesays.com\/fr\/377210\/","title":{"rendered":"Gr\u00e8ve du 10 septembre : fortes perturbations attendues dans les transports"},"content":{"rendered":"<p><img loading=\"lazy\" decoding=\"async\" alt=\"\u00a9 Shutterstock - RER, m\u00e9tro, bus, gares et a\u00e9roports parisiens seront touch\u00e9s mercredi par la journ\u00e9e \u201cBloquons tout\u201d. La SNCF et la RATP appellent les usagers \u00e0 limiter leurs d\u00e9placements.\" data-zoom-src=\"https:\/\/www.europesays.com\/fr\/wp-content\/uploads\/2025\/09\/initial-metro-paris-greve-10-setembre.jpg\" data-zoomable=\"\" height=\"702\" src=\"https:\/\/www.europesays.com\/fr\/wp-content\/uploads\/2025\/09\/initial-metro-paris-greve-10-setembre.jpg\" width=\"1248\"\/>  <\/p>\n<p class=\"article-desc\">\u00a9 Shutterstock &#8211; RER, m\u00e9tro, bus, gares et a\u00e9roports parisiens seront touch\u00e9s mercredi par la journ\u00e9e \u201cBloquons tout\u201d. La SNCF et la RATP appellent les usagers \u00e0 limiter leurs d\u00e9placements. <\/p>\n<p>La <strong>mobilisation du 10 septembre<\/strong>, baptis\u00e9e \u201c<strong>Bloquons tout<\/strong>\u201d, devrait transformer la journ\u00e9e en <strong>v\u00e9ritable casse-t\u00eate pour les voyageurs franciliens<\/strong>. \u00c0 l\u2019appel de plusieurs syndicats, les transports en commun de la r\u00e9gion capitale conna\u00eetront de <a href=\"https:\/\/mesinfos.fr\/greve-mobilisations-gouvernementtrois-dates-cles-de-la-rentree-sociale-229189.html\" rel=\"noopener nofollow\" target=\"_blank\">nombreuses perturbations<\/a>, aussi bien dans les trains du quotidien que dans les correspondances nationales et internationales. <\/p>\n<p>Si la SNCF assure que les TGV circuleront \u201cnormalement\u201d, l<strong>a situation est beaucoup plus tendue en \u00cele-de-France<\/strong>, o\u00f9 des millions d\u2019usagers d\u00e9pendent chaque jour des <strong>RER et trains de banlieue<\/strong>. Les perturbations d\u00e9buteront d\u00e8s mardi soir et pourront se prolonger jeudi matin. <\/p>\n<p>RER et Transiliens tr\u00e8s perturb\u00e9s <\/p>\n<p>Selon les premi\u00e8res pr\u00e9visions publi\u00e9es par la SNCF sur les comptes officiels des lignes, les voyageurs franciliens doivent s\u2019attendre \u00e0 un trafic largement d\u00e9grad\u00e9 : <\/p>\n<ul>\n<li>\n<p>RER D : trafic \u201ctr\u00e8s fortement perturb\u00e9\u201d, avec de nombreuses suppressions de trains sur l\u2019ensemble de la ligne. <\/p>\n<\/li>\n<li>\n<p>RER C : trafic \u201cfortement perturb\u00e9\u201d, en particulier sur les branches sud. <\/p>\n<\/li>\n<li>\n<p>Lignes H, K, N et U : \u00e9galement \u201cfortement perturb\u00e9es\u201d. <\/p>\n<\/li>\n<li>\n<p>Lignes E, J et L : circulation \u201cperturb\u00e9e\u201d, avec un nombre limit\u00e9 de trains par heure. <\/p>\n<\/li>\n<li>\n<p>Ligne P : seulement \u201cl\u00e9g\u00e8rement perturb\u00e9e\u201d, selon les premi\u00e8res pr\u00e9visions. <\/p>\n<\/li>\n<\/ul>\n<p>La SNCF conseille aux usagers de \u201climiter leurs d\u00e9placements\u201d et pr\u00e9cise que la liste exacte des trains maintenus sera communiqu\u00e9e ce mardi \u00e0 17 heures.<\/p>\n<p>  RATP : m\u00e9tro et bus \u00e9pargn\u00e9s, mais le RER B touch\u00e9 <\/p>\n<p>Du c\u00f4t\u00e9 de la <strong>RATP<\/strong>, la situation sera plus contrast\u00e9e. La r\u00e9gie francilienne annonce un trafic normal sur le RER A et quasi normal sur le m\u00e9tro et les bus. Les tramways g\u00e9r\u00e9s par la RATP circuleront eux aussi normalement.\u00a0 <\/p>\n<p>En revanche, l<strong>e RER B sera perturb\u00e9<\/strong>, la ligne \u00e9tant co-exploit\u00e9e avec la SNCF. Si l\u2019interconnexion \u00e0 Gare du Nord est maintenue, la fr\u00e9quence des trains devrait \u00eatre r\u00e9duite. Seul le syndicat La Base, tr\u00e8s implant\u00e9 parmi les conducteurs de RER, a d\u00e9pos\u00e9 un pr\u00e9avis de gr\u00e8ve \u00e0 la RATP. Le trafic devrait aussi \u00eatre \u201c<strong>tr\u00e8s fortement perturb\u00e9\u201d<\/strong><strong> sur le RER D<\/strong>, <strong>\u201cfortement perturb\u00e9\u201d sur le RER C<\/strong>. <\/p>\n<p>Les gares parisiennes sous surveillance <\/p>\n<p>Au-del\u00e0 des perturbations techniques, les autorit\u00e9s redoutent des <strong>actions de blocage dans plusieurs grandes gares parisiennes<\/strong>, notamment Gare du Nord, Gare de Lyon et Gare Saint-Lazare, o\u00f9 transitent chaque jour des centaines de milliers de voyageurs. Des appels circulent sur les r\u00e9seaux sociaux pour des \u201coccupations\u201d symboliques des halls et quais. La pr\u00e9fecture de police pr\u00e9pare un dispositif renforc\u00e9 afin d\u2019\u00e9viter des blocages durables.<\/p>\n<p> A\u00e9roports parisiens : retards et vols annul\u00e9s en soir\u00e9e <\/p>\n<p><strong>Le secteur a\u00e9rien ne sera pas \u00e9pargn\u00e9<\/strong>. Si la mobilisation majeure des <a href=\"https:\/\/mesinfos.fr\/greve-des-controleurs-aeriens-quels-recours-pour-les-passagers-229294.html\" rel=\"noopener nofollow\" target=\"_blank\">contr\u00f4leurs a\u00e9riens<\/a> est pr\u00e9vue pour le 18 septembre, la journ\u00e9e du 10 donnera d\u00e9j\u00e0 lieu \u00e0 des perturbations. La DGAC a demand\u00e9 aux compagnies a\u00e9riennes de r\u00e9duire de 50 % leur programme de vols entre 18h et minuit sur les a\u00e9roports de Nice et de Corse, mais des retards sont aussi attendus \u00e0 Roissy-Charles-de-Gaulle et Orly, o\u00f9 les contr\u00f4leurs et personnels au sol pourraient rejoindre le mouvement. <\/p>\n<p>Les passagers sont invit\u00e9s \u00e0 v\u00e9rifier l\u2019\u00e9tat de leur vol avant de se rendre \u00e0 l\u2019a\u00e9roport, et \u00e0 anticiper des temps d\u2019attente plus longs.<\/p>\n","protected":false},"excerpt":{"rendered":"\u00a9 Shutterstock &#8211; RER, m\u00e9tro, bus, gares et a\u00e9roports parisiens seront touch\u00e9s mercredi par la journ\u00e9e \u201cBloquons tout\u201d.&hellip;\n","protected":false},"author":2,"featured_media":377209,"comment_status":"","ping_status":"","sticky":false,"template":"","format":"standard","meta":{"footnotes":""},"categories":[1592],"tags":[1111,11,1777,674,1011,27,662,12,626,25],"class_list":{"0":"post-377210","1":"post","2":"type-post","3":"status-publish","4":"format-standard","5":"has-post-thumbnail","7":"category-ile-de-france","8":"tag-actu","9":"tag-actualites","10":"tag-eu","11":"tag-europe","12":"tag-fr","13":"tag-france","14":"tag-ile-de-france","15":"tag-news","16":"tag-paris","17":"tag-republique-francaise"},"share_on_mastodon":{"url":"https:\/\/pubeurope.com\/@fr\/115173245930546275","error":""},"_links":{"self":[{"href":"https:\/\/www.europesays.com\/fr\/wp-json\/wp\/v2\/posts\/377210","targetHints":{"allow":["GET"]}}],"collection":[{"href":"https:\/\/www.europesays.com\/fr\/wp-json\/wp\/v2\/posts"}],"about":[{"href":"https:\/\/www.europesays.com\/fr\/wp-json\/wp\/v2\/types\/post"}],"author":[{"embeddable":true,"href":"https:\/\/www.europesays.com\/fr\/wp-json\/wp\/v2\/users\/2"}],"replies":[{"embeddable":true,"href":"https:\/\/www.europesays.com\/fr\/wp-json\/wp\/v2\/comments?post=377210"}],"version-history":[{"count":0,"href":"https:\/\/www.europesays.com\/fr\/wp-json\/wp\/v2\/posts\/377210\/revisions"}],"wp:featuredmedia":[{"embeddable":true,"href":"https:\/\/www.europesays.com\/fr\/wp-json\/wp\/v2\/media\/377209"}],"wp:attachment":[{"href":"https:\/\/www.europesays.com\/fr\/wp-json\/wp\/v2\/media?parent=377210"}],"wp:term":[{"taxonomy":"category","embeddable":true,"href":"https:\/\/www.europesays.com\/fr\/wp-json\/wp\/v2\/categories?post=377210"},{"taxonomy":"post_tag","embeddable":true,"href":"https:\/\/www.europesays.com\/fr\/wp-json\/wp\/v2\/tags?post=377210"}],"curies":[{"name":"wp","href":"https:\/\/api.w.org\/{rel}","templated":true}]}}