{"id":377211,"date":"2025-09-09T07:50:14","date_gmt":"2025-09-09T07:50:14","guid":{"rendered":"https:\/\/www.europesays.com\/fr\/377211\/"},"modified":"2025-09-09T07:50:14","modified_gmt":"2025-09-09T07:50:14","slug":"il-est-temps-de-cohabiter-lance-olivier-faure-qui-na-pas-ete-contacte-par-lelysee","status":"publish","type":"post","link":"https:\/\/www.europesays.com\/fr\/377211\/","title":{"rendered":"\u00ab\u00a0Il est temps de cohabiter\u00a0\u00bb, lance Olivier Faure, qui n&rsquo;a pas \u00e9t\u00e9 contact\u00e9 par l&rsquo;Elys\u00e9e"},"content":{"rendered":"\n<p class=\"c-chapo \">\n  Le premier secr\u00e9taire du Parti socialiste, qui candidate pour Matignon, \u00e9tait l&rsquo;invit\u00e9 de France Inter au lendemain du vote de confiance de l&rsquo;Assembl\u00e9e nationale.\n<\/p>\n<p>            lire plus tard<\/p>\n<p id=\"dialog__title\" class=\"dialog__title\">Pour sauvegarder cet article, connectez-vous ou cr\u00e9ez un compte franceinfo<\/p>\n<p class=\"dialog__description\">Sans paiement. Sans abonnement.<\/p>\n<p>        Fermer la fen\u00eatre d\u2019activation des notifications France Info<\/p>\n<p>            cr\u00e9er votre compte<\/p>\n<p>            se connecter<\/p>\n<p>        Fermer la fen\u00eatre de pr\u00e9sentation<\/p>\n<p>    <img loading=\"lazy\" decoding=\"async\" class=\"signature__image lazyload\" width=\"100\" height=\"100\" data- alt=\"\" src=\"https:\/\/www.europesays.com\/fr\/wp-content\/uploads\/2025\/05\/64a7df4c5fe71_placeholder-36b69ec8.png\"\/><\/p>\n<p>    Publi\u00e9 le 09\/09\/2025 08:21<\/p>\n<p>      Mis \u00e0 jour le 09\/09\/2025 09:12<\/p>\n<p>        Temps de lecture : 2min<\/p>\n<p>    <img decoding=\"async\"  alt=\"Olivier Faure, premier secr\u00e9taire du aprti socialiste, re\u00e7u par Fran\u00e7ois Bayrou \u00e0 Matignon, le 4 septembre 2025, une invitation d\u00e9clin\u00e9e par les insoumis. (BERTRAND GUAY \/ AFP)\" width=\"432\" height=\"243\" src=\"https:\/\/www.europesays.com\/fr\/wp-content\/uploads\/2025\/09\/faure-68b96e97a3ae9856230662.jpg\" fetchpriority=\"high\"\/><\/p>\n<p>      Olivier Faure, premier secr\u00e9taire du aprti socialiste, re\u00e7u par Fran\u00e7ois Bayrou \u00e0 Matignon, le 4 septembre 2025, une invitation d\u00e9clin\u00e9e par les insoumis. (BERTRAND GUAY \/ AFP)<\/p>\n<p>\u00ab\u00a0Il est temps de cohabiter\u00a0\u00bb, d\u00e9clare Olivier Faure, premier secr\u00e9taire du parti socialiste, sur <a href=\"https:\/\/www.radiofrance.fr\/franceinter\" target=\"_blank\" rel=\"noopener nofollow\">France Inter<\/a>, au lendemain de la <a href=\"https:\/\/www.franceinfo.fr\/politique\/gouvernement-de-francois-bayrou\/recit-on-n-a-pas-forcement-envie-de-danser-sur-des-cendres-le-jour-ou-le-gouvernement-de-francois-bayrou-a-ete-renverse_7480114.html\" rel=\"nofollow noopener\" target=\"_blank\">chute du gouvernement de Fran\u00e7ois Bayrou<\/a>. \u00ab\u00a0Ce que je souhaite, c&rsquo;est que ce soit la gauche et les \u00e9cologistes\u00a0\u00bb qui soient nomm\u00e9s au gouvernement, affirme Olivier Faure. Et de pr\u00e9ciser\u00a0: \u00ab\u00a0Nous devons, nous, revendiquer le pouvoir et faire en sorte que cette possibilit\u00e9 existe\u00a0\u00bb.<\/p>\n<p>Le premier secr\u00e9taire du PS dit vouloir \u00ab\u00a0trouver des compromis texte par texte\u00a0\u00bb. \u00ab\u00a0L&rsquo;id\u00e9e n&rsquo;est pas de se proclamer majoritaire. Nous ne le sommes pas, personne ne l&rsquo;est et aucune coalition aujourd&rsquo;hui peut dire &lsquo;j&rsquo;arrive au pouvoir parce que je suis majoritaire absolu&rsquo;. Et donc il faut prendre acte de cette minorit\u00e9 et faire tourner le Parlement de mani\u00e8re \u00e0 respecter les \u00e9quilibres qui ont \u00e9t\u00e9 d\u00e9cid\u00e9s par les Fran\u00e7ais il y a un an. Un gouvernement qui propose et un parlement qui dispose\u00a0\u00bb, affirme Olivier Faure, qui souhaite \u00ab\u00a0sortir de cette s\u00e9quence infernale, d\u00e9pressive\u00a0\u00bb qu&rsquo;est l&rsquo;instabilit\u00e9 politique.\u00a0<\/p>\n<p>Il affirme toutefois qu&rsquo;il n&rsquo;a pas \u00e9t\u00e9 contact\u00e9 par Emmanuel Macron apr\u00e8s le rejet du vote de confiance.<\/p>\n<p>\u00ab\u00a0Il est temps maintenant de confier les responsabilit\u00e9s \u00e0 la gauche\u00a0\u00bb, estime \u00e9galement mardi sur franceinfo Boris Vallaud, d\u00e9put\u00e9 PS des Landes et pr\u00e9sident du groupe socialiste \u00e0 l&rsquo;Assembl\u00e9e nationale au lendemain de la chute du gouvernement Bayrou, renvers\u00e9 lundi lors d\u2019un vote de confiance.<\/p>\n<p>La gauche s\u2019estime pr\u00eate \u00e0 prendre ses responsabilit\u00e9s. \u00ab\u00a0Il faut aller vite. Nous proposons une solution. On a essay\u00e9 la droite, on a essay\u00e9 le centre, il est temps maintenant de confier les responsabilit\u00e9s \u00e0 la gauche\u00a0\u00bb, lance Boris Vallaud \u00e0 l&rsquo;\u00e9gard d&rsquo;Emmanuel Macron. Il reconna\u00eet toutefois \u00ab\u00a0le risque et la difficult\u00e9 de la situation politique\u00a0\u00bb, marqu\u00e9e par des divisions \u00e0 gauche et \u00e0 droite.<\/p>\n<p>Du c\u00f4t\u00e9 de <a href=\"https:\/\/www.franceinfo.fr\/politique\/gouvernement-de-francois-bayrou\/chute-du-gouvernement-de-francois-bayrou-c-est-un-grand-soulagement-pour-des-millions-de-francais-affirme-l-insoumise-aurelie-trouve_7481983.html\" rel=\"nofollow noopener\" target=\"_blank\">La France insoumise<\/a>, la possible nomination d\u2019Olivier Faure, le premier secr\u00e9taire du Parti socialiste, est fortement critiqu\u00e9e. \u00ab\u00a0J\u2019entends bien que pour la France insoumise, peut-\u00eatre pour Jean-Luc M\u00e9lenchon, gouverner, c&rsquo;est trahir, mais mettre \u00e0 contribution les tr\u00e8s hauts patrimoines, les tr\u00e8s grandes entreprises, ce n&rsquo;est pas trahir. C&rsquo;est d&rsquo;ailleurs m\u00eame conforme aux engagements qu&rsquo;on a pris devant nos \u00e9lecteurs\u00a0\u00bb, explique Boris Vallaud.<\/p>\n<p>Pour Boris Vallaud, l\u2019enjeu d\u00e9mocratique est au c\u0153ur des d\u00e9bats : \u00ab\u00a0Si on aime la d\u00e9mocratie, il faut entendre le r\u00e9sultat du suffrage. Si on aime les Fran\u00e7ais, il faut \u00eatre capable de satisfaire leur demande de changement\u00a0\u00bb. Un appel lanc\u00e9 alors que le d\u00e9put\u00e9 socialiste dit sentir \u00ab\u00a0le pays \u00e0 cran\u00a0\u00bb.<\/p>\n","protected":false},"excerpt":{"rendered":"Le premier secr\u00e9taire du Parti socialiste, qui candidate pour Matignon, \u00e9tait l&rsquo;invit\u00e9 de France Inter au lendemain du&hellip;\n","protected":false},"author":2,"featured_media":377212,"comment_status":"","ping_status":"","sticky":false,"template":"","format":"standard","meta":{"footnotes":""},"categories":[1888],"tags":[1111,1928,11,1927,1777,674,1011,27,12,1926,626,1925,25],"class_list":{"0":"post-377211","1":"post","2":"type-post","3":"status-publish","4":"format-standard","5":"has-post-thumbnail","7":"category-paris","8":"tag-actu","9":"tag-actu-paris","10":"tag-actualites","11":"tag-actualites-paris","12":"tag-eu","13":"tag-europe","14":"tag-fr","15":"tag-france","16":"tag-news","17":"tag-news-paris","18":"tag-paris","19":"tag-paris-news","20":"tag-republique-francaise"},"share_on_mastodon":{"url":"https:\/\/pubeurope.com\/@fr\/115173249769477071","error":""},"_links":{"self":[{"href":"https:\/\/www.europesays.com\/fr\/wp-json\/wp\/v2\/posts\/377211","targetHints":{"allow":["GET"]}}],"collection":[{"href":"https:\/\/www.europesays.com\/fr\/wp-json\/wp\/v2\/posts"}],"about":[{"href":"https:\/\/www.europesays.com\/fr\/wp-json\/wp\/v2\/types\/post"}],"author":[{"embeddable":true,"href":"https:\/\/www.europesays.com\/fr\/wp-json\/wp\/v2\/users\/2"}],"replies":[{"embeddable":true,"href":"https:\/\/www.europesays.com\/fr\/wp-json\/wp\/v2\/comments?post=377211"}],"version-history":[{"count":0,"href":"https:\/\/www.europesays.com\/fr\/wp-json\/wp\/v2\/posts\/377211\/revisions"}],"wp:featuredmedia":[{"embeddable":true,"href":"https:\/\/www.europesays.com\/fr\/wp-json\/wp\/v2\/media\/377212"}],"wp:attachment":[{"href":"https:\/\/www.europesays.com\/fr\/wp-json\/wp\/v2\/media?parent=377211"}],"wp:term":[{"taxonomy":"category","embeddable":true,"href":"https:\/\/www.europesays.com\/fr\/wp-json\/wp\/v2\/categories?post=377211"},{"taxonomy":"post_tag","embeddable":true,"href":"https:\/\/www.europesays.com\/fr\/wp-json\/wp\/v2\/tags?post=377211"}],"curies":[{"name":"wp","href":"https:\/\/api.w.org\/{rel}","templated":true}]}}