{"id":377213,"date":"2025-09-09T07:51:17","date_gmt":"2025-09-09T07:51:17","guid":{"rendered":"https:\/\/www.europesays.com\/fr\/377213\/"},"modified":"2025-09-09T07:51:17","modified_gmt":"2025-09-09T07:51:17","slug":"paris-vote-de-confiance-au-gouvernement-cette-periode-dincertitude-doit-cesser-au-plus-vite","status":"publish","type":"post","link":"https:\/\/www.europesays.com\/fr\/377213\/","title":{"rendered":"PARIS : Vote de confiance au Gouvernement &#8211; \u00ab\u00a0Cette p\u00e9riode d&rsquo;incertitude doit cesser au plus vite\u00a0\u00bb !"},"content":{"rendered":"<p><strong>Le Premier ministre a fait le choix d\u2019engager la responsabilit\u00e9 de son gouvernement lors d\u2019un vote de confiance. <\/strong><\/p>\n<p>Les d\u00e9put\u00e9s ont vot\u00e9 majoritairement par la n\u00e9gative en ce lundi 8 septembre, cr\u00e9ant une nouvelle p\u00e9riode d\u2019instabilit\u00e9 pour la France, ses institutions, ses entreprises et ses citoyens.<\/p>\n<p><strong>Pour David Cluzeau, pr\u00e9sident de l\u2019Union des employeurs de l\u2019\u00e9conomie sociale et solidaire, l\u2019UDES : <\/strong>\u00ab\u00a0Notre pays entre \u00e0 nouveau dans une p\u00e9riode d\u2019incertitude qui doit cesser au plus vite car elle est n\u00e9faste pour notre \u00e9conomie, nos entreprises et en particulier pour l\u2019\u00e9conomie sociale et solidaire. Cette situation fissure la coh\u00e9sion sociale. Il y a besoin de stabilit\u00e9 \u00e9conomique et de robustesse d\u00e9mocratique. <br \/>Qui dit incertitude dit attentisme, ralentissement, absence d\u2019investissement dans tous les secteurs. Dans le contexte actuel, nous ne pouvons pas nous le permettre\u00a0\u00bb.<\/p>\n","protected":false},"excerpt":{"rendered":"Le Premier ministre a fait le choix d\u2019engager la responsabilit\u00e9 de son gouvernement lors d\u2019un vote de confiance.&hellip;\n","protected":false},"author":2,"featured_media":377214,"comment_status":"","ping_status":"","sticky":false,"template":"","format":"standard","meta":{"footnotes":""},"categories":[1888],"tags":[1111,1928,11,1927,1777,674,1011,27,12,1926,626,1925,25],"class_list":{"0":"post-377213","1":"post","2":"type-post","3":"status-publish","4":"format-standard","5":"has-post-thumbnail","7":"category-paris","8":"tag-actu","9":"tag-actu-paris","10":"tag-actualites","11":"tag-actualites-paris","12":"tag-eu","13":"tag-europe","14":"tag-fr","15":"tag-france","16":"tag-news","17":"tag-news-paris","18":"tag-paris","19":"tag-paris-news","20":"tag-republique-francaise"},"share_on_mastodon":{"url":"https:\/\/pubeurope.com\/@fr\/115173253638072339","error":""},"_links":{"self":[{"href":"https:\/\/www.europesays.com\/fr\/wp-json\/wp\/v2\/posts\/377213","targetHints":{"allow":["GET"]}}],"collection":[{"href":"https:\/\/www.europesays.com\/fr\/wp-json\/wp\/v2\/posts"}],"about":[{"href":"https:\/\/www.europesays.com\/fr\/wp-json\/wp\/v2\/types\/post"}],"author":[{"embeddable":true,"href":"https:\/\/www.europesays.com\/fr\/wp-json\/wp\/v2\/users\/2"}],"replies":[{"embeddable":true,"href":"https:\/\/www.europesays.com\/fr\/wp-json\/wp\/v2\/comments?post=377213"}],"version-history":[{"count":0,"href":"https:\/\/www.europesays.com\/fr\/wp-json\/wp\/v2\/posts\/377213\/revisions"}],"wp:featuredmedia":[{"embeddable":true,"href":"https:\/\/www.europesays.com\/fr\/wp-json\/wp\/v2\/media\/377214"}],"wp:attachment":[{"href":"https:\/\/www.europesays.com\/fr\/wp-json\/wp\/v2\/media?parent=377213"}],"wp:term":[{"taxonomy":"category","embeddable":true,"href":"https:\/\/www.europesays.com\/fr\/wp-json\/wp\/v2\/categories?post=377213"},{"taxonomy":"post_tag","embeddable":true,"href":"https:\/\/www.europesays.com\/fr\/wp-json\/wp\/v2\/tags?post=377213"}],"curies":[{"name":"wp","href":"https:\/\/api.w.org\/{rel}","templated":true}]}}