{"id":377215,"date":"2025-09-09T07:52:13","date_gmt":"2025-09-09T07:52:13","guid":{"rendered":"https:\/\/www.europesays.com\/fr\/377215\/"},"modified":"2025-09-09T07:52:13","modified_gmt":"2025-09-09T07:52:13","slug":"un-mois-apres-lannulation-polemique-le-film-barbie-sera-projete-ce-mardi-dans-une-ecole-de-noisy-le-sec","status":"publish","type":"post","link":"https:\/\/www.europesays.com\/fr\/377215\/","title":{"rendered":"Un mois apr\u00e8s l\u2019annulation pol\u00e9mique, le film \u00ab\u00a0Barbie\u00a0\u00bb sera projet\u00e9 ce mardi dans une \u00e9cole de Noisy-le-Sec"},"content":{"rendered":"<p class=\"paragraph text_align_left lp-f-body-02\">\u00ab Barbie \u00bb, le retour. Le film de Greta Gerwig sera projet\u00e9 mardi 9 septembre \u00e0 18h30 \u00e0 l\u2019\u00e9cole primaire Rimbaud, dans le quartier du Londeau \u00e0 Noisy-le-Sec (Seine-Saint-Denis), plus d\u2019un mois apr\u00e8s une annulation qui avait cr\u00e9\u00e9 la pol\u00e9mique. L\u2019\u00e9v\u00e9nement sera pr\u00e9c\u00e9d\u00e9 du d\u00e9bat intitul\u00e9 \u00ab Que faire quand la cr\u00e9ation culturelle est prise pour cible ? \u00bb<\/p>\n<p class=\"paragraph text_align_left lp-f-body-02\">La question renvoie \u00e0 la d\u00e9programmation houleuse du long-m\u00e9trage. Le 8 ao\u00fbt, le maire, Olivier Sarrabeyrouse (PCF), <a href=\"https:\/\/www.leparisien.fr\/seine-saint-denis-93\/noisy-le-sec-la-projection-du-film-barbie-empechee-par-un-groupe-agressif-le-maire-annonce-porter-plainte-12-08-2025-ZCONHPB4H5AW5CKMSGFDSJXJVE.php\" target=\"_blank\" rel=\"noreferrer nofollow noopener\">se r\u00e9signait \u00e0 annuler la projection<\/a> en plein air de ce film, pourtant acclam\u00e9 par la critique et le grand public.<\/p>\n","protected":false},"excerpt":{"rendered":"\u00ab Barbie \u00bb, le retour. Le film de Greta Gerwig sera projet\u00e9 mardi 9 septembre \u00e0 18h30 \u00e0&hellip;\n","protected":false},"author":2,"featured_media":377216,"comment_status":"","ping_status":"","sticky":false,"template":"","format":"standard","meta":{"footnotes":""},"categories":[1888],"tags":[11,1777,674,1011,27,1944,12,626,25,1945,104],"class_list":{"0":"post-377215","1":"post","2":"type-post","3":"status-publish","4":"format-standard","5":"has-post-thumbnail","7":"category-paris","8":"tag-actualites","9":"tag-eu","10":"tag-europe","11":"tag-fr","12":"tag-france","13":"tag-ma-ville","14":"tag-news","15":"tag-paris","16":"tag-republique-francaise","17":"tag-seine-saint-denis","18":"tag-societe"},"share_on_mastodon":{"url":"https:\/\/pubeurope.com\/@fr\/115173257590210015","error":""},"_links":{"self":[{"href":"https:\/\/www.europesays.com\/fr\/wp-json\/wp\/v2\/posts\/377215","targetHints":{"allow":["GET"]}}],"collection":[{"href":"https:\/\/www.europesays.com\/fr\/wp-json\/wp\/v2\/posts"}],"about":[{"href":"https:\/\/www.europesays.com\/fr\/wp-json\/wp\/v2\/types\/post"}],"author":[{"embeddable":true,"href":"https:\/\/www.europesays.com\/fr\/wp-json\/wp\/v2\/users\/2"}],"replies":[{"embeddable":true,"href":"https:\/\/www.europesays.com\/fr\/wp-json\/wp\/v2\/comments?post=377215"}],"version-history":[{"count":0,"href":"https:\/\/www.europesays.com\/fr\/wp-json\/wp\/v2\/posts\/377215\/revisions"}],"wp:featuredmedia":[{"embeddable":true,"href":"https:\/\/www.europesays.com\/fr\/wp-json\/wp\/v2\/media\/377216"}],"wp:attachment":[{"href":"https:\/\/www.europesays.com\/fr\/wp-json\/wp\/v2\/media?parent=377215"}],"wp:term":[{"taxonomy":"category","embeddable":true,"href":"https:\/\/www.europesays.com\/fr\/wp-json\/wp\/v2\/categories?post=377215"},{"taxonomy":"post_tag","embeddable":true,"href":"https:\/\/www.europesays.com\/fr\/wp-json\/wp\/v2\/tags?post=377215"}],"curies":[{"name":"wp","href":"https:\/\/api.w.org\/{rel}","templated":true}]}}