{"id":377217,"date":"2025-09-09T07:53:13","date_gmt":"2025-09-09T07:53:13","guid":{"rendered":"https:\/\/www.europesays.com\/fr\/377217\/"},"modified":"2025-09-09T07:53:13","modified_gmt":"2025-09-09T07:53:13","slug":"paris-major-combien-de-points-et-dargent-en-jeu","status":"publish","type":"post","link":"https:\/\/www.europesays.com\/fr\/377217\/","title":{"rendered":"Paris Major : combien de points et d\u2019argent en jeu ?"},"content":{"rendered":"<p>Le <strong>Paris Major<\/strong> de Premier Padel revient avec des enjeux \u00e9normes, aussi bien en termes de <strong>points au ranking FIP<\/strong> que de <strong>prize money<\/strong>.<\/p>\n<p>La grille des points<\/p>\n<p>Comme pour chaque <strong>Major<\/strong>, la r\u00e9partition est identique chez les hommes et chez les femmes :<\/p>\n<ul class=\"wp-block-list\">\n<li><strong>Vainqueurs<\/strong> : 2000 points<\/li>\n<li><strong>Finalistes<\/strong> : 1200 points<\/li>\n<li><strong>Demi-finalistes<\/strong> : 720 points<\/li>\n<li><strong>Quarts<\/strong> : 360 points<\/li>\n<li><strong>Huiti\u00e8mes<\/strong> : 180 points<\/li>\n<li><strong>Seizi\u00e8mes<\/strong> : 90 points<\/li>\n<li><strong>Premier tour (R64)<\/strong> : 35 points<\/li>\n<\/ul>\n<p>Les joueurs qui passent par les qualifications b\u00e9n\u00e9ficient aussi d\u2019un bonus : <strong>15 points en Q2<\/strong>, <strong>30 en dernier tour de qualifs<\/strong>.<\/p>\n<p><strong>Les points en jeu \u00e0 Paris sont pr\u00e9cieux<\/strong> : apr\u00e8s un Madrid P1 qui a redistribu\u00e9 les cartes avec Di Nenno et Augsburger faisant tomber les trois premi\u00e8res t\u00eates de s\u00e9rie, ces derni\u00e8res voudront prendre leur revanche\u2026 tout comme chez les dames o\u00f9 Bea et Claudia, vainqueures \u00e0 Madrid, se rapprochent dangereusement du duo de t\u00eate ; d\u00e9crocher les <strong>2000 points<\/strong> du Major serait un tournant \u00e9norme.<\/p>\n<p>Le prize money<\/p>\n<p>C\u00f4t\u00e9 finances, l\u2019Alpine Paris Major propose une dotation globale de <strong>plus d\u2019un million d\u2019euros<\/strong>. Chaque joueur ou joueuse percevra :<\/p>\n<ul class=\"wp-block-list\">\n<li>1er tour des qualifications : <strong>407 \u20ac<\/strong><\/li>\n<li>2e tour des qualifications : <strong>1250 \u20ac<\/strong><\/li>\n<li>1er tour du tableau final : <strong>1935 \u20ac<\/strong><\/li>\n<li>2e tour : <strong>3410 \u20ac<\/strong><\/li>\n<li>1\/8 de finale : <strong>5330 \u20ac<\/strong><\/li>\n<li>1\/4 de finale : <strong>8660 \u20ac<\/strong><\/li>\n<li>1\/2 finale : <strong>13 325 \u20ac<\/strong><\/li>\n<li>Finale : <strong>24 000 \u20ac<\/strong><\/li>\n<li>Victoire : <strong>48 000 \u20ac<\/strong><\/li>\n<\/ul>\n<p><strong>Avec plus d\u2019un million d\u2019euros de dotation<\/strong>, l\u2019Alpine Paris Major s\u2019impose comme l\u2019un des quatre tournois majeurs du calendrier Premier Padel (Doha, Rome, Mexico, Paris), bien au-dessus des P1 et P2 : \u00e0 titre de comparaison, un titre en P1 rapporte environ <strong>30 000 \u20ac<\/strong> et en P2 autour de <strong>20 000 \u20ac<\/strong>, quand Paris place la barre tout en haut avec <strong>48 000 \u20ac pour les vainqueurs<\/strong>.<\/p>\n<p><img loading=\"lazy\" decoding=\"async\" data-del=\"avatar\" alt=\"Benjamin Dupouy\" src=\"https:\/\/www.europesays.com\/fr\/wp-content\/uploads\/2025\/04\/IMG_5219-150x150.jpg\" class=\"avatar pp-user-avatar avatar-100 photo \" height=\"100\" width=\"100\"\/><\/p>\n<p>J\u2019ai d\u00e9couvert le padel directement lors d\u2019un tournoi, et franchement, je n\u2019ai pas trop accroch\u00e9 au d\u00e9but. Mais la deuxi\u00e8me fois, \u00e7a a \u00e9t\u00e9 le coup de foudre, et depuis, je ne rate plus un seul match. Je suis m\u00eame pr\u00eat \u00e0 rester \u00e9veill\u00e9 jusqu\u2019\u00e0 3h du matin pour regarder une finale de Premier Padel !<\/p>\n<p class=\"related-title\">Sur le m\u00eame sujet<\/p>\n","protected":false},"excerpt":{"rendered":"Le Paris Major de Premier Padel revient avec des enjeux \u00e9normes, aussi bien en termes de points au&hellip;\n","protected":false},"author":2,"featured_media":377218,"comment_status":"","ping_status":"","sticky":false,"template":"","format":"standard","meta":{"footnotes":""},"categories":[1888],"tags":[11,1777,674,1011,27,12,626,51086,25],"class_list":{"0":"post-377217","1":"post","2":"type-post","3":"status-publish","4":"format-standard","5":"has-post-thumbnail","7":"category-paris","8":"tag-actualites","9":"tag-eu","10":"tag-europe","11":"tag-fr","12":"tag-france","13":"tag-news","14":"tag-paris","15":"tag-paris-major-2025","16":"tag-republique-francaise"},"share_on_mastodon":{"url":"https:\/\/pubeurope.com\/@fr\/115173261585203717","error":""},"_links":{"self":[{"href":"https:\/\/www.europesays.com\/fr\/wp-json\/wp\/v2\/posts\/377217","targetHints":{"allow":["GET"]}}],"collection":[{"href":"https:\/\/www.europesays.com\/fr\/wp-json\/wp\/v2\/posts"}],"about":[{"href":"https:\/\/www.europesays.com\/fr\/wp-json\/wp\/v2\/types\/post"}],"author":[{"embeddable":true,"href":"https:\/\/www.europesays.com\/fr\/wp-json\/wp\/v2\/users\/2"}],"replies":[{"embeddable":true,"href":"https:\/\/www.europesays.com\/fr\/wp-json\/wp\/v2\/comments?post=377217"}],"version-history":[{"count":0,"href":"https:\/\/www.europesays.com\/fr\/wp-json\/wp\/v2\/posts\/377217\/revisions"}],"wp:featuredmedia":[{"embeddable":true,"href":"https:\/\/www.europesays.com\/fr\/wp-json\/wp\/v2\/media\/377218"}],"wp:attachment":[{"href":"https:\/\/www.europesays.com\/fr\/wp-json\/wp\/v2\/media?parent=377217"}],"wp:term":[{"taxonomy":"category","embeddable":true,"href":"https:\/\/www.europesays.com\/fr\/wp-json\/wp\/v2\/categories?post=377217"},{"taxonomy":"post_tag","embeddable":true,"href":"https:\/\/www.europesays.com\/fr\/wp-json\/wp\/v2\/tags?post=377217"}],"curies":[{"name":"wp","href":"https:\/\/api.w.org\/{rel}","templated":true}]}}