{"id":377233,"date":"2025-09-09T08:01:10","date_gmt":"2025-09-09T08:01:10","guid":{"rendered":"https:\/\/www.europesays.com\/fr\/377233\/"},"modified":"2025-09-09T08:01:10","modified_gmt":"2025-09-09T08:01:10","slug":"dans-les-coulisses-du-pot-de-depart-de-francois-bayrou-et-ses-ministres-a-matignon","status":"publish","type":"post","link":"https:\/\/www.europesays.com\/fr\/377233\/","title":{"rendered":"dans les coulisses du pot de d\u00e9part de Fran\u00e7ois Bayrou et ses ministres \u00e0 Matignon"},"content":{"rendered":"<p>Un pot de d\u00e9part rassemblant tous les membres du gouvernement Bayrou a eu lieu ce lundi 8 septembre apr\u00e8s le vote de confiance \u00e0 l&rsquo;Assembl\u00e9e nationale. Un moment \u00ab\u00a0convivial\u00a0\u00bb qui a permis au Premier ministre de remercier ses \u00e9quipes.<\/p>\n<p>Alors que des centaines de Fran\u00e7ais se sont r\u00e9unis dans les rues pour f\u00eater le d\u00e9part de <a href=\"https:\/\/www.bfmtv.com\/lyon\/videos\/video-bye-bye-bayrou-pres-de-900-personnes-se-sont-rassemblees-a-lyon_VN-202509090167.html\" title=\"&quot;Bye Bye Bayrou&quot; : pr\u00e8s de 900 personnes se sont rassembl\u00e9es \u00e0 Lyon\" class=\"internal_link\" rel=\"nofollow noopener\" target=\"_blank\">Fran\u00e7ois Bayrou<\/a> de son poste de Premier ministre, un autre pot de d\u00e9part beaucoup plus solennel s&rsquo;est d\u00e9roul\u00e9 \u00e0 Matignon, en pr\u00e9sence des membres du gouvernement d\u00e9chu.<\/p>\n<p>Le rendez-vous \u00e9tait fix\u00e9 \u00e0 20 heures, pour un dernier rassemblement de ce gouvernement loin d&rsquo;\u00eatre surpris par <a href=\"https:\/\/www.bfmtv.com\/politique\/gouvernement\/le-gouvernement-de-francois-bayrou-renverse-faute-de-confiance-des-deputes_AV-202509080803.html\" title=\"Le gouvernement de Fran\u00e7ois Bayrou renvers\u00e9, faute de confiance des d\u00e9put\u00e9s\" class=\"internal_link\" rel=\"nofollow noopener\" target=\"_blank\">l&rsquo;issue du vote de confiance<\/a> ce lundi 8 septembre. Quelques rares figures \u00e9taient toutefois absentes. L&rsquo;occasion pour Fran\u00e7ois Bayrou de saluer et remercier ses ministres en quelques mots.<\/p>\n<blockquote class=\"embed embed_quote\"><p>\u00ab\u00a0Je vous ai choisi chacun pour vos qualit\u00e9s humaines, il y a eu une excellente ambiance tout au long des huit mois, je souhaite que nous conservions ces liens\u00a0\u00bb, a-t-il d\u00e9clar\u00e9 selon des propos rapport\u00e9s par un participant \u00e0 BFMTV.<\/p><\/blockquote>\n<p>Le Premier ministre a \u00e9galement dit qu&rsquo;il restait disponible pour eux \u00e0 l&rsquo;avenir.<\/p>\n<p>\u00ab\u00a0Sobre, amical et plut\u00f4t serein\u00a0\u00bb<\/p>\n<p>Ce pot de d\u00e9part, en pleine crise politique, a surtout \u00e9t\u00e9 empli de convivialit\u00e9. \u00ab\u00a0C&rsquo;\u00e9tait quand m\u00eame un moment sympa\u00a0\u00bb, confie la ministre d\u00e9l\u00e9gu\u00e9e charg\u00e9e de la Ruralit\u00e9, du Commerce et de l&rsquo;Artisanat de France, Fran\u00e7oise Gatel. Cette derni\u00e8re est rentr\u00e9e dans l&rsquo;ex\u00e9cutif via le gouvernement Barnier, il y a moins d&rsquo;un an.<\/p>\n<p>Arriv\u00e9e en m\u00eame temps que Fran\u00e7ois Bayrou dans le gouvernement, la ministre d\u00e9l\u00e9gu\u00e9e charg\u00e9e de la Ville, Juliette M\u00e9adel, \u00e9voque quant \u00e0 elle une \u00ab\u00a0soir\u00e9e \u00e9mouvante\u00a0\u00bb. \u00ab\u00a0Franchement bon esprit. Sobre, amical et plut\u00f4t serein\u00a0\u00bb, d\u00e9clare-t-elle.<\/p>\n<p>La plupart des membres du gouvernement sont partis au bout d&rsquo;une petite heure, mais une dizaine de ministres ont prolong\u00e9 la soir\u00e9e, dont le fid\u00e8le ministre \u00e0 Emmanuel Macron, G\u00e9rald Darmanin.<\/p>\n<p>Fran\u00e7ois Bayrou <a href=\"https:\/\/www.bfmtv.com\/politique\/gouvernement\/video-info-bfmtv-francois-bayrou-a-redige-sa-lettre-de-demission_VN-202509080962.html\" title=\"INFO BFMTV - Fran\u00e7ois Bayrou a r\u00e9dig\u00e9 sa lettre de d\u00e9mission\" class=\"internal_link\" rel=\"nofollow noopener\" target=\"_blank\">remettra sa d\u00e9mission<\/a> \u00e0 Emmanuel Macron ce mardi 9 septembre autour de midi, a appris BFMTV aupr\u00e8s de sources concordantes. Son successeur \u00e0 Matignon n&rsquo;aura que quelques semaines pour d\u00e9poser le projet de loi budg\u00e9taire pour 2026, d&rsquo;ici la mi-octobre.<\/p>\n<p>Hugo Capelli, avec Anne Saurat-Dubois et Juliette Moreau Alvarez<\/p>\n","protected":false},"excerpt":{"rendered":"Un pot de d\u00e9part rassemblant tous les membres du gouvernement Bayrou a eu lieu ce lundi 8 septembre&hellip;\n","protected":false},"author":2,"featured_media":377234,"comment_status":"","ping_status":"","sticky":false,"template":"","format":"standard","meta":{"footnotes":""},"categories":[2],"tags":[11,1011,27,12,25],"class_list":{"0":"post-377233","1":"post","2":"type-post","3":"status-publish","4":"format-standard","5":"has-post-thumbnail","7":"category-actualites","8":"tag-actualites","9":"tag-fr","10":"tag-france","11":"tag-news","12":"tag-republique-francaise"},"share_on_mastodon":{"url":"https:\/\/pubeurope.com\/@fr\/115173293035278103","error":""},"_links":{"self":[{"href":"https:\/\/www.europesays.com\/fr\/wp-json\/wp\/v2\/posts\/377233","targetHints":{"allow":["GET"]}}],"collection":[{"href":"https:\/\/www.europesays.com\/fr\/wp-json\/wp\/v2\/posts"}],"about":[{"href":"https:\/\/www.europesays.com\/fr\/wp-json\/wp\/v2\/types\/post"}],"author":[{"embeddable":true,"href":"https:\/\/www.europesays.com\/fr\/wp-json\/wp\/v2\/users\/2"}],"replies":[{"embeddable":true,"href":"https:\/\/www.europesays.com\/fr\/wp-json\/wp\/v2\/comments?post=377233"}],"version-history":[{"count":0,"href":"https:\/\/www.europesays.com\/fr\/wp-json\/wp\/v2\/posts\/377233\/revisions"}],"wp:featuredmedia":[{"embeddable":true,"href":"https:\/\/www.europesays.com\/fr\/wp-json\/wp\/v2\/media\/377234"}],"wp:attachment":[{"href":"https:\/\/www.europesays.com\/fr\/wp-json\/wp\/v2\/media?parent=377233"}],"wp:term":[{"taxonomy":"category","embeddable":true,"href":"https:\/\/www.europesays.com\/fr\/wp-json\/wp\/v2\/categories?post=377233"},{"taxonomy":"post_tag","embeddable":true,"href":"https:\/\/www.europesays.com\/fr\/wp-json\/wp\/v2\/tags?post=377233"}],"curies":[{"name":"wp","href":"https:\/\/api.w.org\/{rel}","templated":true}]}}