{"id":377235,"date":"2025-09-09T08:02:12","date_gmt":"2025-09-09T08:02:12","guid":{"rendered":"https:\/\/www.europesays.com\/fr\/377235\/"},"modified":"2025-09-09T08:02:12","modified_gmt":"2025-09-09T08:02:12","slug":"exosens-un-fabricant-de-jumelles-de-vision-nocturne-en-plein-essor","status":"publish","type":"post","link":"https:\/\/www.europesays.com\/fr\/377235\/","title":{"rendered":"Exosens, un fabricant de jumelles de vision nocturne en plein essor"},"content":{"rendered":"<p>                         <img loading=\"lazy\" decoding=\"async\" src=\"https:\/\/www.europesays.com\/fr\/wp-content\/uploads\/2025\/09\/101b058_upload-1-dnyp63zw6tx3-exosens-photonis-brive-galettes-micro-canaux-1.jpg\" alt=\"Tests de galettes microcanaux sur le site de Brive, le 12\u00a0janvier\u00a02023.\"   width=\"664\" height=\"443\"\/>    Tests de galettes microcanaux sur le site de Brive, le 12\u00a0janvier\u00a02023.  OLIVIER BARRAU\/EXOSENS                 <\/p>\n<p class=\"article__paragraph  \">Il s\u2019en est fallu de peu pour que \u00ab\u00a0la Photonis\u00a0\u00bb, comme on dit \u00e0 Brive-La-Gaillarde, ne prenne l\u2019accent am\u00e9ricain. D\u00e9but\u00a02020, la soci\u00e9t\u00e9, dont l\u2019une des usines embl\u00e9matique est situ\u00e9e dans la sous-pr\u00e9fecture corr\u00e9zienne, fond\u00e9e par Philips en\u00a01937 est sur le point d\u2019\u00eatre rachet\u00e9e par l\u2019industriel Teledyne. Tout est n\u00e9goci\u00e9 avec le vendeur, Ardian. Propri\u00e9taire du fabricant de lunettes de vision nocturne depuis\u00a02011, le fonds d\u2019investissement fran\u00e7ais compte bien encaisser son ch\u00e8que de 500\u00a0millions d\u2019euros.<\/p>\n<p class=\"article__paragraph  \">Mais c\u2019est sans compter sur la r\u00e9sistance du minist\u00e8re des arm\u00e9es. Inquiet de voir cette entreprise passer sous contr\u00f4le am\u00e9ricain, il convainc le gouvernement de <a href=\"https:\/\/www.lemonde.fr\/economie\/article\/2020\/12\/19\/defense-veto-de-la-france-au-rachat-de-photonis-par-teledyne_6063950_3234.html?search-type=classic&amp;ise_click_rank=1\" rel=\"nofollow noopener\" target=\"_blank\">mettre son veto \u00e0 l\u2019op\u00e9ration en d\u00e9cembre\u00a02020<\/a>, au nom de la souverainet\u00e9 industrielle de d\u00e9fense. Photonis est finalement rachet\u00e9, en f\u00e9vrier\u00a02021, \u00e0 un prix nettement inf\u00e9rieur (370\u00a0millions d\u2019euros), par HLD, un fonds luxembourgeois cr\u00e9\u00e9 par Jean-Bernard Lafonta, ancien pr\u00e9sident du directoire de la soci\u00e9t\u00e9 d\u2019investissement Wendel.<\/p>\n<p class=\"article__paragraph  \">Cet \u00e9pisode fait de Photonis, rebaptis\u00e9e Exosens en\u00a02023, \u00ab\u00a0le totem de la souverainet\u00e9 industrielle de d\u00e9fense\u00a0\u00bb, reconna\u00eet J\u00e9r\u00f4me Cerisier, directeur g\u00e9n\u00e9ral de l\u2019entreprise depuis 2016, rencontr\u00e9 le 3\u00a0septembre lors d\u2019une visite de l\u2019usine de Brive \u00e0 laquelle Le\u00a0Monde \u00e9tait invit\u00e9. D\u00e8s qu\u2019une entreprise sensible risque de passer entre des mains \u00e9trang\u00e8res,<a href=\"https:\/\/www.lemonde.fr\/economie\/article\/2023\/10\/06\/defense-l-etat-refuse-la-vente-de-deux-pme-jugees-sensibles-a-une-societe-americaine_6192848_3234.html?search-type=classic&amp;ise_click_rank=7\" rel=\"nofollow noopener\" target=\"_blank\"> comme Segault et Velan en\u00a02023<\/a>, l\u2019exemple Photonis ressurgit pour d\u00e9montrer les vertus du patriotisme industriel et sa conjugaison possible en r\u00e9ussite \u00e9conomique.<\/p>\n<p class=\"reading-mode-only \"><strong>Il vous reste 69.62% de cet article \u00e0 lire. La suite est r\u00e9serv\u00e9e aux abonn\u00e9s.<\/strong><\/p>\n","protected":false},"excerpt":{"rendered":"Tests de galettes microcanaux sur le site de Brive, le 12\u00a0janvier\u00a02023. OLIVIER BARRAU\/EXOSENS Il s\u2019en est fallu de&hellip;\n","protected":false},"author":2,"featured_media":377236,"comment_status":"","ping_status":"","sticky":false,"template":"","format":"standard","meta":{"footnotes":""},"categories":[2],"tags":[11,1011,27,12,25],"class_list":{"0":"post-377235","1":"post","2":"type-post","3":"status-publish","4":"format-standard","5":"has-post-thumbnail","7":"category-actualites","8":"tag-actualites","9":"tag-fr","10":"tag-france","11":"tag-news","12":"tag-republique-francaise"},"share_on_mastodon":{"url":"https:\/\/pubeurope.com\/@fr\/115173297085054698","error":""},"_links":{"self":[{"href":"https:\/\/www.europesays.com\/fr\/wp-json\/wp\/v2\/posts\/377235","targetHints":{"allow":["GET"]}}],"collection":[{"href":"https:\/\/www.europesays.com\/fr\/wp-json\/wp\/v2\/posts"}],"about":[{"href":"https:\/\/www.europesays.com\/fr\/wp-json\/wp\/v2\/types\/post"}],"author":[{"embeddable":true,"href":"https:\/\/www.europesays.com\/fr\/wp-json\/wp\/v2\/users\/2"}],"replies":[{"embeddable":true,"href":"https:\/\/www.europesays.com\/fr\/wp-json\/wp\/v2\/comments?post=377235"}],"version-history":[{"count":0,"href":"https:\/\/www.europesays.com\/fr\/wp-json\/wp\/v2\/posts\/377235\/revisions"}],"wp:featuredmedia":[{"embeddable":true,"href":"https:\/\/www.europesays.com\/fr\/wp-json\/wp\/v2\/media\/377236"}],"wp:attachment":[{"href":"https:\/\/www.europesays.com\/fr\/wp-json\/wp\/v2\/media?parent=377235"}],"wp:term":[{"taxonomy":"category","embeddable":true,"href":"https:\/\/www.europesays.com\/fr\/wp-json\/wp\/v2\/categories?post=377235"},{"taxonomy":"post_tag","embeddable":true,"href":"https:\/\/www.europesays.com\/fr\/wp-json\/wp\/v2\/tags?post=377235"}],"curies":[{"name":"wp","href":"https:\/\/api.w.org\/{rel}","templated":true}]}}