{"id":377251,"date":"2025-09-09T08:13:10","date_gmt":"2025-09-09T08:13:10","guid":{"rendered":"https:\/\/www.europesays.com\/fr\/377251\/"},"modified":"2025-09-09T08:13:10","modified_gmt":"2025-09-09T08:13:10","slug":"1500-acteurs-et-realisateurs-boycottent-des-institutions-cinematographiques-israeliennes","status":"publish","type":"post","link":"https:\/\/www.europesays.com\/fr\/377251\/","title":{"rendered":"1500 acteurs et r\u00e9alisateurs boycottent des institutions cin\u00e9matographiques isra\u00e9liennes"},"content":{"rendered":"<p>Dans une lettre publi\u00e9e dans The Guardian, les signataires, dont Olivia Colman, Javier Bardem et Mark Ruffalo, accusent quelques organisations isra\u00e9liennes du cin\u00e9ma d\u2019\u00eatre \u00ab\u00a0impliqu\u00e9es dans le g\u00e9nocide\u00a0\u00bb \u00e0 Gaza.<\/p>\n<p class=\"fig-paragraph\">Quelque 1\u00a0500 acteurs, r\u00e9alisateurs et professionnels internationaux du cin\u00e9ma comme Olivia Colman, Javier Bardem et Mark Ruffalo ont annonc\u00e9 arr\u00eater de travailler avec des institutions cin\u00e9matographiques isra\u00e9liennes qu&rsquo;ils accusent d&rsquo;\u00eatre \u00ab\u00a0impliqu\u00e9es dans le g\u00e9nocide\u00a0\u00bb \u00e0 Gaza, dans une lettre publi\u00e9e lundi dans The Guardian.<\/p>\n<p class=\"fig-paragraph\">\u00ab\u00a0En ce moment de crise o\u00f9 nombre de nos gouvernements autorisent le carnage \u00e0 Gaza, nous devons faire tout ce qui est en notre pouvoir pour r\u00e9pondre \u00e0 cette complicit\u00e9\u00a0\u00bb, \u00e9crivent-ils dans ce texte \u00e9galement sign\u00e9 par le r\u00e9alisateur Yorgos Lanthimos ou les actrices Ayo Edebiri et Tilda Swinton.<\/p>\n<p>                                    <a class=\"fig-a11y-skip a11y-hidden\" href=\"#fig-a11y-skip-main-inarticle\"><br \/>\n        Passer la publicit\u00e9<br \/>\n    <\/a><\/p>\n<p class=\"fig-paragraph\">Cet engagement, \u00e0 l&rsquo;initiative du groupe Film Workers for Palestine, s&rsquo;inspire du boycott culturel en Afrique du Sud \u00e0 l&rsquo;\u00e9poque de l&rsquo;apartheid, et notamment de \u00ab\u00a0Filmmakers United Against Apartheid\u00a0\u00bb (\u00ab\u00a0Les cin\u00e9astes unis contre l&rsquo;apartheid\u00a0\u00bb). Il vise, concr\u00e8tement, \u00e0 cesser de collaborer avec des festivals, cin\u00e9mas, diffuseurs et soci\u00e9t\u00e9 de production coupables selon les signataires de \u00ab\u00a0disculper ou justifier le g\u00e9nocide et l&rsquo;apartheid\u00a0\u00bb.<\/p>\n<p class=\"fig-paragraph\">Ils citent par exemple le festival du film de J\u00e9rusalem ou celui de documentaires Docaviv, qui \u00ab\u00a0continuent de collaborer avec le gouvernement isra\u00e9lien\u00a0\u00bb. \u00ab\u00a0La grande majorit\u00e9 des soci\u00e9t\u00e9s isra\u00e9liennes de production et de distribution cin\u00e9matographiques, des agents commerciaux, des cin\u00e9mas et autres institutions cin\u00e9matographiques n&rsquo;ont jamais reconnu les droits internationaux reconnus du peuple palestinien dans leur int\u00e9gralit\u00e9\u00a0\u00bb, d\u00e9noncent-ils.<\/p>\n<blockquote class=\"fig-quote&#10;    \">\n<p class=\"fig-quote__text\">\u00ab Il existe cependant quelques entit\u00e9s cin\u00e9matographiques isra\u00e9liennes qui ne sont pas complices.\u00a0\u00bb<\/p>\n<p>            Extrait de lettre publi\u00e9e dans The Guardian.\n    <\/p><\/blockquote>\n<p class=\"fig-paragraph\">Ils ajoutent qu&rsquo;\u00ab\u00a0il existe cependant quelques entit\u00e9s cin\u00e9matographiques isra\u00e9liennes qui ne sont pas complices\u00a0\u00bb, sans les nommer. \u00ab\u00a0Nous r\u00e9pondons \u00e0 l&rsquo;appel des cin\u00e9astes palestiniens, qui ont exhort\u00e9 l&rsquo;industrie cin\u00e9matographique internationale \u00e0 refuser le silence, le racisme et la d\u00e9shumanisation\u00a0\u00bb, ajoutent-ils dans ce texte, qui compte aussi Ava DuVernay, Riz Ahmed et Josh O&rsquo;Connor parmi les signataires.<\/p>\n<p class=\"fig-paragraph\">Cet appel au boycott cible \u00ab\u00a0la complicit\u00e9 institutionnelle, pas l&rsquo;identit\u00e9\u00a0\u00bb, ni les individus de nationalit\u00e9 isra\u00e9lienne, pr\u00e9cise la tribune. Plusieurs lettres sign\u00e9es par des personnalit\u00e9s du cin\u00e9ma, de la musique ou de la litt\u00e9rature ont \u00e9t\u00e9 publi\u00e9es depuis l&rsquo;attaque sans pr\u00e9c\u00e9dent du Hamas le 7 octobre 2023 en Isra\u00ebl et l&rsquo;offensive d\u00e9vastatrice isra\u00e9lienne lanc\u00e9e \u00e0 Gaza en riposte.<\/p>\n<p>Un encha\u00eenement de p\u00e9titions<\/p>\n<p class=\"fig-paragraph\">Fin ao\u00fbt, le collectif de cin\u00e9astes italiens Venice4Palestine avait exhort\u00e9 le festival de la ville \u00e0 \u00ab\u00a0adopter une position claire et sans ambigu\u00eft\u00e9\u00a0\u00bb contre les actions d&rsquo;Isra\u00ebl, leur lettre r\u00e9coltant 2\u00a0000 signatures dont celles de Guillermo del Toro ou Ken Loach.<\/p>\n<p>                                    <a class=\"fig-a11y-skip a11y-hidden\" href=\"#fig-a11y-skip-main-inarticle_mtf\"><br \/>\n        Passer la publicit\u00e9<br \/>\n    <\/a><\/p>\n<p class=\"fig-paragraph\">Quelques mois plus t\u00f4t \u00e0 Cannes, quelque 900 personnalit\u00e9s avaient sign\u00e9 une p\u00e9tition pour d\u00e9noncer le \u00ab\u00a0silence\u00a0\u00bb sur le \u00ab\u00a0g\u00e9nocide\u00a0\u00bb \u00e0 Gaza, dont la pr\u00e9sidente du jury\u00a0<a href=\"http:\/\/www.lefigaro.fr\/festival-de-cannes\/juliette-binoche-rejoint-finalement-les-signataires-d-une-tribune-alertant-sur-le-genocide-a-gaza-20250516\" target=\"_blank\" data-fig-type=\"NewsFlash\" rel=\"noopener\" data-gtm-custom-categorie=\"navigation\" data-gtm-custom-action=\"crossclick\" data-gtm-custom-label=\"Contextuel\" data-gtm-event=\"customEventSPE\" data-fig-domain=\"LEFIGARO\">Juliette Binoche<\/a>,\u00a0<a href=\"http:\/\/www.lefigaro.fr\/culture\/pedro-almodovar-appelle-le-gouvernement-espagnol-a-rompre-avec-israel-20250827\" target=\"_blank\" data-fig-type=\"NewsFlash\" rel=\"noopener\" data-gtm-custom-categorie=\"navigation\" data-gtm-custom-action=\"crossclick\" data-gtm-custom-label=\"Contextuel\" data-gtm-event=\"customEventSPE\" data-fig-domain=\"LEFIGARO\">Pedro Almodovar<\/a>,\u00a0<a href=\"http:\/\/www.lefigaro.fr\/cinema\/notre-critique-de-joker-folie-a-deux-on-connait-la-chanson-20241001\" target=\"_blank\" data-fig-type=\"Article\" rel=\"noopener\" data-gtm-custom-categorie=\"navigation\" data-gtm-custom-action=\"crossclick\" data-gtm-custom-label=\"Contextuel\" data-gtm-event=\"customEventSPE\" data-fig-domain=\"LEFIGARO\">Joaquin Phoenix<\/a>\u00a0ou\u00a0<a href=\"http:\/\/www.lefigaro.fr\/culture\/adele-haenel-rejoint-susan-sarandon-et-greta-thunberg-sur-la-flottille-qui-veut-briser-le-blocus-de-gaza-20250905\" target=\"_blank\" data-fig-type=\"NewsFlash\" rel=\"noopener\" data-gtm-custom-categorie=\"navigation\" data-gtm-custom-action=\"crossclick\" data-gtm-custom-label=\"Contextuel\" data-gtm-event=\"customEventSPE\" data-fig-domain=\"LEFIGARO\">Susan Sarandon<\/a>.<\/p>\n<p class=\"fig-paragraph\">L&rsquo;attaque du 7 octobre 2023, men\u00e9e par commandos du Hamas infiltr\u00e9s dans le sud d&rsquo;Isra\u00ebl, a entra\u00een\u00e9 la mort de 1\u00a0219 personnes c\u00f4t\u00e9 isra\u00e9lien, en majorit\u00e9 des civils, selon un d\u00e9compte de l&rsquo;AFP bas\u00e9 sur des donn\u00e9es officielles. Les repr\u00e9sailles isra\u00e9liennes ont fait au moins 64\u00a0368 morts \u00e0 Gaza, en majorit\u00e9 des femmes et des enfants, selon le minist\u00e8re de la Sant\u00e9 de Gaza, plac\u00e9 sous l&rsquo;autorit\u00e9 du Hamas, mais dont les donn\u00e9es sont jug\u00e9es fiables par l&rsquo;ONU.<\/p>\n","protected":false},"excerpt":{"rendered":"Dans une lettre publi\u00e9e dans The Guardian, les signataires, dont Olivia Colman, Javier Bardem et Mark Ruffalo, accusent&hellip;\n","protected":false},"author":2,"featured_media":377252,"comment_status":"","ping_status":"","sticky":false,"template":"","format":"standard","meta":{"footnotes":""},"categories":[1359],"tags":[650,3259,58,59,1011,27,51088,973],"class_list":{"0":"post-377251","1":"post","2":"type-post","3":"status-publish","4":"format-standard","5":"has-post-thumbnail","7":"category-people","8":"tag-cinema","9":"tag-conflit-israelo-palestinien","10":"tag-divertissement","11":"tag-entertainment","12":"tag-fr","13":"tag-france","14":"tag-javier-bardem","15":"tag-people"},"share_on_mastodon":{"url":"https:\/\/pubeurope.com\/@fr\/115173340221227918","error":""},"_links":{"self":[{"href":"https:\/\/www.europesays.com\/fr\/wp-json\/wp\/v2\/posts\/377251","targetHints":{"allow":["GET"]}}],"collection":[{"href":"https:\/\/www.europesays.com\/fr\/wp-json\/wp\/v2\/posts"}],"about":[{"href":"https:\/\/www.europesays.com\/fr\/wp-json\/wp\/v2\/types\/post"}],"author":[{"embeddable":true,"href":"https:\/\/www.europesays.com\/fr\/wp-json\/wp\/v2\/users\/2"}],"replies":[{"embeddable":true,"href":"https:\/\/www.europesays.com\/fr\/wp-json\/wp\/v2\/comments?post=377251"}],"version-history":[{"count":0,"href":"https:\/\/www.europesays.com\/fr\/wp-json\/wp\/v2\/posts\/377251\/revisions"}],"wp:featuredmedia":[{"embeddable":true,"href":"https:\/\/www.europesays.com\/fr\/wp-json\/wp\/v2\/media\/377252"}],"wp:attachment":[{"href":"https:\/\/www.europesays.com\/fr\/wp-json\/wp\/v2\/media?parent=377251"}],"wp:term":[{"taxonomy":"category","embeddable":true,"href":"https:\/\/www.europesays.com\/fr\/wp-json\/wp\/v2\/categories?post=377251"},{"taxonomy":"post_tag","embeddable":true,"href":"https:\/\/www.europesays.com\/fr\/wp-json\/wp\/v2\/tags?post=377251"}],"curies":[{"name":"wp","href":"https:\/\/api.w.org\/{rel}","templated":true}]}}