{"id":377270,"date":"2025-09-09T08:23:10","date_gmt":"2025-09-09T08:23:10","guid":{"rendered":"https:\/\/www.europesays.com\/fr\/377270\/"},"modified":"2025-09-09T08:23:10","modified_gmt":"2025-09-09T08:23:10","slug":"la-france-emprunte-desormais-plus-cher-que-litalie-a-dix-ans","status":"publish","type":"post","link":"https:\/\/www.europesays.com\/fr\/377270\/","title":{"rendered":"la France emprunte d\u00e9sormais plus cher que l\u2019Italie \u00e0 dix ans"},"content":{"rendered":"<p>Au lendemain de la chute du gouvernement Bayrou, les courbes des taux auxquels Paris et Rome se financent se sont crois\u00e9es. Tout un symbole.<\/p>\n<p class=\"fig-paragraph\">Est-ce \u00ab\u00a0l\u2019effet Bayrou\u00a0\u00bb\u00a0? Au lendemain\u00a0<a href=\"http:\/\/www.lefigaro.fr\/politique\/francois-bayrou-et-son-gouvernement-tombent-la-france-sombre-de-nouveau-dans-la-crise-politique-20250908\" data-fig-type=\"Article\" data-gtm-custom-categorie=\"navigation\" data-gtm-custom-action=\"crossclick\" data-gtm-custom-label=\"Contextuel\" data-gtm-event=\"customEventSPE\" data-fig-domain=\"LEFIGARO\" rel=\"nofollow noopener\" target=\"_blank\">de la chute du premier ministre<\/a>\u00a0\u00e0 la suite du vote de confiance sollicit\u00e9 par lui-m\u00eame, les courbes des taux auxquels la France et l\u2019Italie empruntent \u00e0 dix ans se sont crois\u00e9es. Sur le march\u00e9 obligataire, le rendement de l\u2019emprunt fran\u00e7ais \u00e0 dix ans se situait mardi \u00e0 3,48\u00a0% vers 9h30, lorsque son \u00e9quivalent italien \u00e9tait \u00e0 3,47%. L\u2019\u00e9v\u00e9nement, scrut\u00e9 depuis des semaines, signifie que pour se financer sur les march\u00e9s, la France emprunte d\u00e9sormais plus cher que l\u2019Italie, ex-vilain petit canard des finances publiques europ\u00e9ennes.<\/p>\n<p class=\"fig-paragraph\">En exigeant de Paris une prime de risque plus importante sur les OAT \u00e0 dix ans, les investisseurs prennent acte de la paralysie politique actuelle et, surtout, de l\u2019incapacit\u00e9 chronique \u00e0 consolider les comptes publics. Alors que Fran\u00e7ois Bayrou souhaitait r\u00e9duire le d\u00e9ficit public de 44 milliards d\u2019euros en 2026 pour le ramener \u00e0 4,6\u00a0% du PIB, avec en ligne de mire un retour sous les 3\u00a0% en 2029, le vote de lundi \u00e0 l\u2019Assembl\u00e9e nationale envoie le message qu\u2019un tel objectif est inenvisageable.<\/p>\n<p>                                    <a class=\"fig-a11y-skip a11y-hidden\" href=\"#fig-a11y-skip-main-inarticle\"><br \/>\n        Passer la publicit\u00e9<br \/>\n    <\/a><\/p>\n<p class=\"fig-paragraph\">Le symbole est d\u2019autant plus puissant\u00a0<a href=\"https:\/\/www.lefigaro.fr\/conjoncture\/italie-le-gouvernement-meloni-veut-renationaliser-sa-dette-publique-20230308\" data-fig-type=\"Article\" data-gtm-custom-categorie=\"navigation\" data-gtm-custom-action=\"crossclick\" data-gtm-custom-label=\"Contextuel\" data-gtm-event=\"customEventSPE\" data-fig-domain=\"LEFIGARO\" rel=\"nofollow noopener\" target=\"_blank\">que l\u2019Italie incarnait encore r\u00e9cemment l\u2019indiscipline budg\u00e9taire<\/a>\u00a0caract\u00e9ristique des pays du sud de la zone euro. En 2011 et 2012, p\u00e9riode financi\u00e8rement trouble qui valut \u00e0 l\u2019Italie l\u2019intervention de la BCE, les investisseurs pr\u00eataient au taux de 7\u00a0%, bien au-dessus de celui de la France, alors \u00e0 3\u00a0%. Rome a beau encore afficher une dette sup\u00e9rieure (138\u00a0% du PIB) \u00e0 celle de la France (114\u00a0%), ses efforts pour r\u00e9duire son d\u00e9ficit public, qui se situe aujourd\u2019hui \u00e0 3,5\u00a0%, sont r\u00e9compens\u00e9s, estime l\u2019\u00e9conomiste Christian de Boissieu. \u00ab\u00a0Les march\u00e9s sont impressionn\u00e9s par l\u2019ajustement du d\u00e9ficit public italien, et impressionn\u00e9s en n\u00e9gatif par notre difficult\u00e9 \u00e0 r\u00e9duire significativement le n\u00f4tre\u00a0\u00bb, constate-t-il. \u00ab\u00a0Notre delta va dans, la bonne direction mais \u00e0 la vitesse d\u2019une tortue.\u00a0\u00bb Malgr\u00e9 notre \u00e9pargne record de 430 milliards d\u2019euros qui constitue en soi une s\u00e9curit\u00e9, \u00ab\u00a0c\u2019est notre instabilit\u00e9 politique qui est sanctionn\u00e9e\u00a0\u00bb, consid\u00e8re pour sa part l\u2019\u00e9conomiste Philippe Crevel.<\/p>\n","protected":false},"excerpt":{"rendered":"Au lendemain de la chute du gouvernement Bayrou, les courbes des taux auxquels Paris et Rome se financent&hellip;\n","protected":false},"author":2,"featured_media":377271,"comment_status":"","ping_status":"","sticky":false,"template":"","format":"standard","meta":{"footnotes":""},"categories":[6],"tags":[35,6327,33,34,1011,27],"class_list":{"0":"post-377270","1":"post","2":"type-post","3":"status-publish","4":"format-standard","5":"has-post-thumbnail","7":"category-economie","8":"tag-business","9":"tag-dette","10":"tag-economie","11":"tag-economy","12":"tag-fr","13":"tag-france"},"share_on_mastodon":{"url":"https:\/\/pubeurope.com\/@fr\/115173379527596456","error":""},"_links":{"self":[{"href":"https:\/\/www.europesays.com\/fr\/wp-json\/wp\/v2\/posts\/377270","targetHints":{"allow":["GET"]}}],"collection":[{"href":"https:\/\/www.europesays.com\/fr\/wp-json\/wp\/v2\/posts"}],"about":[{"href":"https:\/\/www.europesays.com\/fr\/wp-json\/wp\/v2\/types\/post"}],"author":[{"embeddable":true,"href":"https:\/\/www.europesays.com\/fr\/wp-json\/wp\/v2\/users\/2"}],"replies":[{"embeddable":true,"href":"https:\/\/www.europesays.com\/fr\/wp-json\/wp\/v2\/comments?post=377270"}],"version-history":[{"count":0,"href":"https:\/\/www.europesays.com\/fr\/wp-json\/wp\/v2\/posts\/377270\/revisions"}],"wp:featuredmedia":[{"embeddable":true,"href":"https:\/\/www.europesays.com\/fr\/wp-json\/wp\/v2\/media\/377271"}],"wp:attachment":[{"href":"https:\/\/www.europesays.com\/fr\/wp-json\/wp\/v2\/media?parent=377270"}],"wp:term":[{"taxonomy":"category","embeddable":true,"href":"https:\/\/www.europesays.com\/fr\/wp-json\/wp\/v2\/categories?post=377270"},{"taxonomy":"post_tag","embeddable":true,"href":"https:\/\/www.europesays.com\/fr\/wp-json\/wp\/v2\/tags?post=377270"}],"curies":[{"name":"wp","href":"https:\/\/api.w.org\/{rel}","templated":true}]}}