{"id":377274,"date":"2025-09-09T08:25:14","date_gmt":"2025-09-09T08:25:14","guid":{"rendered":"https:\/\/www.europesays.com\/fr\/377274\/"},"modified":"2025-09-09T08:25:14","modified_gmt":"2025-09-09T08:25:14","slug":"apres-la-chute-de-francois-bayrou-yael-braun-pivet-est-disponible-pour-lui-succeder-a-matignon","status":"publish","type":"post","link":"https:\/\/www.europesays.com\/fr\/377274\/","title":{"rendered":"Apr\u00e8s la chute de Fran\u00e7ois Bayrou, Ya\u00ebl Braun-Pivet est disponible pour lui succ\u00e9der \u00e0 Matignon"},"content":{"rendered":"<p>        <img decoding=\"async\" loading=\"lazy\" src=\"https:\/\/www.europesays.com\/fr\/wp-content\/uploads\/2025\/09\/2f324e8_upload-1-2ree43k6bepi-ybpppppp.PNG\"  width=\"728\" height=\"410\" alt=\"Ya\u00ebl Braun-Pivet se dit \u00ab\u00a0\u00e9videmment\u00a0\u00bb disponible pour remplacer Fran\u00e7ois Bayrou \u00e0 Matignon.\"\/>   <\/p>\n<p>Ya\u00ebl Braun-Pivet se dit \u00ab\u00a0\u00e9videmment\u00a0\u00bb disponible pour remplacer Fran\u00e7ois Bayrou \u00e0 Matignon.<\/p>\n<p class=\"asset asset-text\">POLITIQUE &#8211; Qui pour <a href=\"https:\/\/www.huffingtonpost.fr\/politique\/article\/avec-la-chute-historique-de-francois-bayrou-voici-les-scenarios-qui-sont-sur-la-table-clx1_254101.html\" target=\"_blank\" rel=\"noopener\">remplacer Fran\u00e7ois Bayrou<\/a>\u00a0? Au lendemain de <a href=\"https:\/\/www.huffingtonpost.fr\/politique\/article\/francois-bayrou-chute-sur-le-vote-de-confiance-une-premiere-dans-l-histoire-de-la-ve-republique_254572.html\" target=\"_blank\" rel=\"noopener\">la chute du Premier ministre<\/a>, renvers\u00e9 par un vote de confiance, une panoplie de noms sort du chapeau. Et si c\u2019\u00e9tait lui, et si c\u2019\u00e9tait elle\u00a0? Parmi les profils les plus cit\u00e9s, figure celui de la pr\u00e9sidente de l\u2019Assembl\u00e9e nationale <a href=\"https:\/\/www.huffingtonpost.fr\/politique\/article\/dans-son-livre-yael-braun-pivet-revele-les-obstacles-dresses-par-son-propre-camp_248635.html\" target=\"_blank\" rel=\"noopener\">Ya\u00ebl Braun-Pivet<\/a>.<\/p>\n<p class=\"asset asset-text\">Invit\u00e9e de RTL ce mardi 9\u00a0septembre, elle n\u2019a pas d\u00e9menti les rumeurs, se disant m\u00eame pr\u00eate \u00e0 relever le gant. \u00ab\u00a0Je ne rechigne jamais devant les obstacles et les difficult\u00e9s\u00a0\u00bb, a assur\u00e9 l\u2019\u00e9lue des Yvelines. S\u2019imagine-t-elle quitter la pr\u00e9sidence de l\u2019Assembl\u00e9e\u00a0? \u00ab\u00a0\u00c9videmment\u00a0\u00bb. \u00ab\u00a0Parfois on me dit que l\u2019h\u00f4tel de Lassay est confortable et que je ne veux pas le quitter. Et bien si. Je ne suis pas une assise, je suis capable de prendre des risques. Et je l\u2019ai montr\u00e9 durant ma courte carri\u00e8re politique\u00a0\u00bb, prolonge-t-elle.<\/p>\n<p class=\"asset asset-text\">Entr\u00e9e en politique en 2017, Ya\u00ebl Braun-Pivet explique que \u00ab\u00a0si d\u2019aventure il fallait assumer la mission de Premi\u00e8re ministre\u00a0\u00bb, elle accepterait. \u00ab\u00a0Je ne suis pas candidate. En revanche, je suis disponible pour \u0153uvrer dans l\u2019int\u00e9r\u00eat de mon pays\u00a0\u00bb, prend-elle soin de pr\u00e9ciser. Aujourd\u2019hui, elle dit \u00ab\u00a0assumer pleinement\u00a0\u00bb sa t\u00e2che de pr\u00e9sidente de l\u2019Assembl\u00e9e nationale. Elle sera d\u2019ailleurs en d\u00e9placement en Mayenne et dans la Manche cette semaine.<\/p>\n<p class=\"asset asset-text\">Cette hypoth\u00e8se ne fait pas que des heureux. Sur France Inter au m\u00eame moment, le d\u00e9put\u00e9 RN <a href=\"https:\/\/www.huffingtonpost.fr\/politique\/article\/le-front-national-n-etait-pas-un-parti-antisemite-juge-sebastien-chenu-malgre-l-evidence_247954.html\" target=\"_blank\" rel=\"noopener\">S\u00e9bastien Chenu<\/a> a r\u00e9pliqu\u00e9 \u00e0 ce semi acte de candidature\u00a0: \u00ab\u00a0Ya\u00ebl Braun-Pivet, Pierre, Paul, Jacques ou Tartempion, peu importe. Si c\u2019est la m\u00eame ligne politique qui est port\u00e9e, ils auront le m\u00eame r\u00e9sultat\u00a0: les d\u00e9put\u00e9s RN censureront\u00a0\u00bb.<\/p>\n<p>                     \u00ab\u00a0Assurer la stabilit\u00e9 du pays\u00a0\u00bb    <\/p>\n<p class=\"asset asset-text\">\u00ab\u00a0Les Fran\u00e7ais nous demandent d\u2019agir, pas d\u2019\u00eatre des rentiers de fonction, justifie pourtant Ya\u00ebl\u00a0Braun-Pivet. Quelle que soit la place qui est la mienne, je serai l\u00e0 pour assurer la stabilit\u00e9 du pays\u00a0\u00bb. L\u2019\u00e9ph\u00e9m\u00e8re ministre des Outre-mer a \u00e9t\u00e9 re\u00e7ue plus d\u2019une heure par Emmanuel Macron \u00e0 l\u2019\u00c9lys\u00e9e le 8\u00a0septembre, quelques heures avant la chute de Fran\u00e7ois Bayrou. Comme ce fut le cas il y a quelques jours pour la rencontre du chef de l\u2019\u00c9tat avec le pr\u00e9sident du S\u00e9nat G\u00e9rard Larcher, la teneur des discussions est rest\u00e9e secr\u00e8te.<\/p>\n<p class=\"asset asset-text\">Mais pour la principale int\u00e9ress\u00e9e, l\u2019urgence n\u2019est pas de d\u00e9terminer \u00ab\u00a0qui va animer l\u2019\u00e9quipe\u00a0\u00bb. \u00ab\u00a0La question est plut\u00f4t de savoir pour quoi faire, indique-t-elle. Il faut d\u2019abord se mettre d\u2019accord sur le programme d\u2019action\u00a0\u00bb. Le temps presse. Le chef de l\u2019\u00c9tat a fait part de son intention de nommer un nouveau Premier ministre dans \u00ab\u00a0les tout prochains jours\u00a0\u00bb.<\/p>\n","protected":false},"excerpt":{"rendered":"Ya\u00ebl Braun-Pivet se dit \u00ab\u00a0\u00e9videmment\u00a0\u00bb disponible pour remplacer Fran\u00e7ois Bayrou \u00e0 Matignon. POLITIQUE &#8211; Qui pour remplacer Fran\u00e7ois&hellip;\n","protected":false},"author":2,"featured_media":377275,"comment_status":"","ping_status":"","sticky":false,"template":"","format":"standard","meta":{"footnotes":""},"categories":[4],"tags":[11,1011,27,431,12,316,51090,25,6385],"class_list":{"0":"post-377274","1":"post","2":"type-post","3":"status-publish","4":"format-standard","5":"has-post-thumbnail","7":"category-france","8":"tag-actualites","9":"tag-fr","10":"tag-france","11":"tag-francois-bayrou","12":"tag-news","13":"tag-politique","14":"tag-remaniement-ministeriel","15":"tag-republique-francaise","16":"tag-yael-braun-pivet"},"share_on_mastodon":{"url":"https:\/\/pubeurope.com\/@fr\/115173387446157174","error":""},"_links":{"self":[{"href":"https:\/\/www.europesays.com\/fr\/wp-json\/wp\/v2\/posts\/377274","targetHints":{"allow":["GET"]}}],"collection":[{"href":"https:\/\/www.europesays.com\/fr\/wp-json\/wp\/v2\/posts"}],"about":[{"href":"https:\/\/www.europesays.com\/fr\/wp-json\/wp\/v2\/types\/post"}],"author":[{"embeddable":true,"href":"https:\/\/www.europesays.com\/fr\/wp-json\/wp\/v2\/users\/2"}],"replies":[{"embeddable":true,"href":"https:\/\/www.europesays.com\/fr\/wp-json\/wp\/v2\/comments?post=377274"}],"version-history":[{"count":0,"href":"https:\/\/www.europesays.com\/fr\/wp-json\/wp\/v2\/posts\/377274\/revisions"}],"wp:featuredmedia":[{"embeddable":true,"href":"https:\/\/www.europesays.com\/fr\/wp-json\/wp\/v2\/media\/377275"}],"wp:attachment":[{"href":"https:\/\/www.europesays.com\/fr\/wp-json\/wp\/v2\/media?parent=377274"}],"wp:term":[{"taxonomy":"category","embeddable":true,"href":"https:\/\/www.europesays.com\/fr\/wp-json\/wp\/v2\/categories?post=377274"},{"taxonomy":"post_tag","embeddable":true,"href":"https:\/\/www.europesays.com\/fr\/wp-json\/wp\/v2\/tags?post=377274"}],"curies":[{"name":"wp","href":"https:\/\/api.w.org\/{rel}","templated":true}]}}