{"id":377276,"date":"2025-09-09T08:26:08","date_gmt":"2025-09-09T08:26:08","guid":{"rendered":"https:\/\/www.europesays.com\/fr\/377276\/"},"modified":"2025-09-09T08:26:08","modified_gmt":"2025-09-09T08:26:08","slug":"mistral-devient-la-premiere-decacorne-francaise-avec-une-valorisation-de-14-milliards-de-dollars-les-echos","status":"publish","type":"post","link":"https:\/\/www.europesays.com\/fr\/377276\/","title":{"rendered":"Mistral devient la premi\u00e8re d\u00e9cacorne fran\u00e7aise avec une valorisation de 14 milliards de dollars &#8211; Les Echos"},"content":{"rendered":"<ol>\n<li><a href=\"https:\/\/news.google.com\/rss\/articles\/CBMi-gFBVV95cUxPS09lS0ZYQzB4TjJhUzIyNzZOT21TYVF1bEpqWS1TVmdoUjJqRWtvM2JIOVp6TnJxbFo0czNrLWowVkdnVlExVnJ2TTNKQmV3T1d4bUU3VU5JVGtlWUNxZ1ZkVGYyMU5tOWFEbmV4dElveEFFbzl3RUkzdzI0UU9zT3pDbEJDb3hBRTFOWnp0TXh5Y1RrYllzdXFQUGgtSzNObnpGQnFuam5BejFQOXFNRjdXeGctWFNvT1Z0S19XY0xaSXZEUl81VHhoelZpMGctZW92T2ItRzVhcEJyWUg2ODhFc0REdHVLZjBMMWV5TktQTE1lcjljc0ZB?oc=5\" target=\"_blank\" rel=\"nofollow noopener\">Mistral devient la premi\u00e8re d\u00e9cacorne fran\u00e7aise avec une valorisation de 14 milliards de dollars<\/a>&nbsp;&nbsp;Les Echos<\/li>\n<li><a href=\"https:\/\/news.google.com\/rss\/articles\/CBMi-wFBVV95cUxNMlFqcVVYQUVud29RY3VHeFRvWjczQjNfNWg4eEltOUh3NzZOd2g1RG4wNG15NlFZZEpCemE1WTdxRGxvS09CdVo5N1NDOGE2TUdPRUdQRngyQmRXd1JfLWdvbkxpZElERGk1dHJfYUdXSV8wcW1EamdnTXQxTUNrZkNpcURvVWRySnJ3N1ZkYlVvTmVzWUQxU2JNQ0dFNnFiX3hyNnM3TThFZXJTS2lpbGlIbHBaRGdsQzlmMUVreFZZZVNFOHFqRTBkZVNoMEMxbld2bVdIcnpnOHEzXzVfQlNGWm1DQ2wwbkkxZVRsOEJZWi1HQmpsOXd2Yw?oc=5\" target=\"_blank\" rel=\"nofollow noopener\">IA : la start-up fran\u00e7aise Mistral AI valoris\u00e9e 11,7 milliards d\u2019euros apr\u00e8s avoir lev\u00e9 1,7 milliard<\/a>&nbsp;&nbsp;Le Monde.fr<\/li>\n<li><a href=\"https:\/\/news.google.com\/rss\/articles\/CBMi8wFBVV95cUxOeFFpR3c3WjFPMm13VEp3eDZHQjRVVUNVazdDaWtKTmFONzdNQ3RfTmRIQlIwSmJ4OVFJUUw4UE9sSC0yUmVmR3ZOUjB2Si1BZW9QNGVQZmtUWlNzOVRqTEJhNklBaUYtNW9PQmRzTzl5emktZEc3T0VyS1hodm9lSEV2Ty1INGRtRk5LRWxzRXNzWHBqT3VHTjI5ZEN0OGhETVpsWGtlVWpxbF9mNmdNYUhCSXVFd3Nzb0tFRUVsTHM3ZklYX3JLVzFRV1Z5MFpUVG9OazNjNVd2S1NiaHRmcFRBTXczRC0yTGNHYmF5b18xZjA?oc=5\" target=\"_blank\" rel=\"nofollow noopener\">En investissant 1,3 milliard d\u2019euros, le g\u00e9ant n\u00e9erlandais ASML devient le premier actionnaire de Mistral AI<\/a>&nbsp;&nbsp;Le Figaro<\/li>\n<li><a href=\"https:\/\/news.google.com\/rss\/articles\/CBMiqwJBVV95cUxPZWZLMkxFUi1WN3hMZ193T0ZKeUxXbHRLV1hqeWV4bGhFcUI0MnJqYkRoMEYwT3N3dGhjNW5nZGdFYkdNQzZ5RXVwMGtJOEFOZTJxdFRMYUhNOGFFWWR1YjVUNGRxWjR0NTc1YmdXODJySFhSZTh1cDVzTzFkZngweVJJcGVreHhXaTZfR1F1RXpaa015Q0ZmX3l5NTlZLS1nbDdIZFVULUZwT2Eya3U4Nng4OG1MMEdmV1k4NkcwZlBvN0g5MlhvQm40ZVpLWmVlMG9WdWlndEtHQ2FabU9ZQlFxTVJ4aURSM0NqaExVd1gwTVNNcFhyWXdQbFphMi1IYUxtVlpBTlBqcmlhWUpBY2k4Ti1hUUZsX09RMlZWUzlpNkRPQ2FsYVlvYw?oc=5\" target=\"_blank\" rel=\"nofollow noopener\">L&rsquo;entreprise fran\u00e7aise Mistral, sp\u00e9cialis\u00e9e dans l&rsquo;intelligence artificielle, annonce \u00eatre valoris\u00e9e \u00e0 pr\u00e8s de 12 milliards d&rsquo;euros<\/a>&nbsp;&nbsp;France Info<\/li>\n<li><a href=\"https:\/\/news.google.com\/rss\/articles\/CBMi1gFBVV95cUxNa3FESGNpWENSamdTRmVpWTRPWjdGZTU5bWkxWXFsMWVhRlVnOHpuSmkzVWxQQUxvTE9VZFQ2Q3pNX1dXVjN0b1lWLUJ0Q0xMdmxKa0hYWWdvYno4d1hFWUt3dlpZYkdXdEJNOWxKb080V1BsN2NkLUpUNy1vc0RqY0VCR3k3SGlYdS1VOWhXTWYydG1yQmxMeVoyWXR4a3JzT2FhSjhQamRIdEpMdVhjckJzUDhRc1RZOGFad2RnZnBTWC1ncUliM183b2FfZzMwOUxFNnF30gHbAUFVX3lxTE9QMGdnWXJyY2FrbmlBOUliUE02SUk5aXB6N2lCdnM0ZTdPTUtpRzJpNUs1MjlBWDFKUjJsZHAxQm9QRXIzdVUybnEyQXVtV3FvOENiaHB5UFFIdWpqa0hnSF82OHJXRUtTM2tLQU1qdDMzOVMxd1d0NmxCR3VhdUdPVml5UGMyTTFtWktvZllRN3ZDcnkwbm9Nd3pLaHVXa3ZvNWFqVnM4WmgwVHFaWnp2UkFmbzduRUlWQ29VVTZLX3hoZG4tbzY1M2VYcTR0cE5uU1BqYkJ5cEE4VQ?oc=5\" target=\"_blank\" rel=\"nofollow noopener\">ASML annonce une prise de participation de 11% dans Mistral AI<\/a>&nbsp;&nbsp;Boursorama<\/li>\n<\/ol>\n","protected":false},"excerpt":{"rendered":"Mistral devient la premi\u00e8re d\u00e9cacorne fran\u00e7aise avec une valorisation de 14 milliards de dollars&nbsp;&nbsp;Les Echos IA : la&hellip;\n","protected":false},"author":2,"featured_media":1445,"comment_status":"","ping_status":"","sticky":false,"template":"","format":"standard","meta":{"footnotes":""},"categories":[2],"tags":[11,1011,27,12],"class_list":{"0":"post-377276","1":"post","2":"type-post","3":"status-publish","4":"format-standard","5":"has-post-thumbnail","7":"category-actualites","8":"tag-actualites","9":"tag-fr","10":"tag-france","11":"tag-news"},"share_on_mastodon":{"url":"https:\/\/pubeurope.com\/@fr\/115173391377695535","error":""},"_links":{"self":[{"href":"https:\/\/www.europesays.com\/fr\/wp-json\/wp\/v2\/posts\/377276","targetHints":{"allow":["GET"]}}],"collection":[{"href":"https:\/\/www.europesays.com\/fr\/wp-json\/wp\/v2\/posts"}],"about":[{"href":"https:\/\/www.europesays.com\/fr\/wp-json\/wp\/v2\/types\/post"}],"author":[{"embeddable":true,"href":"https:\/\/www.europesays.com\/fr\/wp-json\/wp\/v2\/users\/2"}],"replies":[{"embeddable":true,"href":"https:\/\/www.europesays.com\/fr\/wp-json\/wp\/v2\/comments?post=377276"}],"version-history":[{"count":0,"href":"https:\/\/www.europesays.com\/fr\/wp-json\/wp\/v2\/posts\/377276\/revisions"}],"wp:featuredmedia":[{"embeddable":true,"href":"https:\/\/www.europesays.com\/fr\/wp-json\/wp\/v2\/media\/1445"}],"wp:attachment":[{"href":"https:\/\/www.europesays.com\/fr\/wp-json\/wp\/v2\/media?parent=377276"}],"wp:term":[{"taxonomy":"category","embeddable":true,"href":"https:\/\/www.europesays.com\/fr\/wp-json\/wp\/v2\/categories?post=377276"},{"taxonomy":"post_tag","embeddable":true,"href":"https:\/\/www.europesays.com\/fr\/wp-json\/wp\/v2\/tags?post=377276"}],"curies":[{"name":"wp","href":"https:\/\/api.w.org\/{rel}","templated":true}]}}