{"id":377300,"date":"2025-09-09T08:42:10","date_gmt":"2025-09-09T08:42:10","guid":{"rendered":"https:\/\/www.europesays.com\/fr\/377300\/"},"modified":"2025-09-09T08:42:10","modified_gmt":"2025-09-09T08:42:10","slug":"259-logements-viennent-detre-inaugures-dans-ce-quartier-de-strasbourg-ce-quil-faut-savoir","status":"publish","type":"post","link":"https:\/\/www.europesays.com\/fr\/377300\/","title":{"rendered":"259 logements viennent d&rsquo;\u00eatre inaugur\u00e9s dans ce quartier de Strasbourg : ce qu&rsquo;il faut savoir"},"content":{"rendered":"<p>            Par<br \/>\n        <strong><br \/>\n            <a href=\"https:\/\/actu.fr\/auteur\/ivan-capecchi\" title=\"Consulter tous les articles de Ivan CAPECCHI\" target=\"_blank\" rel=\"noopener\">Ivan CAPECCHI<\/a><br \/>\n        <\/strong><\/p>\n<p>        Publi\u00e9 le<\/p>\n<p>            9 sept. 2025 \u00e0 9h51        <\/p>\n<p>\u00ab\u00a0L\u2019Inattendu\u00a0\u00bb, une r\u00e9sidence de 259 <a href=\"https:\/\/actu.fr\/tag\/logement\" target=\"_blank\" rel=\"noopener\">logements<\/a>, a \u00e9t\u00e9 inaugur\u00e9e le 8 septembre dans le quartier de <strong>Koenigshoffen<\/strong> \u00e0 <strong>Strasbourg<\/strong> par<strong> Bouygues Immobilier<\/strong> (promoteur priv\u00e9), <strong>Nhood<\/strong> (op\u00e9rateur immobilier) et <strong>Habitation moderne<\/strong> (bailleur social strasbourgeois).<\/p>\n<p class=\" wall-content\">Construit sur une ancienne friche, le programme m\u00eale<strong> accession libre<\/strong> (achat sans conditions),<strong> logements sociaux<\/strong> (loyers plafonn\u00e9s) et <strong>interm\u00e9diaires<\/strong> (loyers mod\u00e9r\u00e9s).<\/p>\n<p>2 500 m\u00b2 de parc public<\/p>\n<p class=\" wall-content\">Le site comprend<strong> 2 500 m\u00b2 de parc public<\/strong>, des<strong> potagers partag\u00e9s<\/strong> et pr\u00e8s de <strong>90 arbres<\/strong>.<\/p>\n<p class=\" wall-content\">Les<strong> parkings sont en sous-sol<\/strong> pour laisser la place aux pi\u00e9tons, v\u00e9los et espaces verts.<\/p>\n<p class=\" wall-content\">Raccord\u00e9e au <a href=\"https:\/\/actu.fr\/grand-est\/strasbourg_67482\/strasbourg-pourquoi-les-factures-de-gaz-de-milliers-de-foyers-vont-baisser-des-2025_57627935.html\" target=\"_blank\" rel=\"noopener\">r\u00e9seau de chaleur ouest<\/a>, la r\u00e9sidence accompagne la <a href=\"https:\/\/actu.fr\/grand-est\/strasbourg_67482\/ce-quartier-de-strasbourg-est-en-pleine-ebullition-des-millions-d-euros-investis-de-nombreux-projets-lances_61132615.html\" target=\"_blank\" rel=\"noopener\">transformation de Koenigshoffen<\/a>, avec <a href=\"https:\/\/actu.fr\/grand-est\/strasbourg_67482\/strasbourg-extension-du-tram-vers-l-ouest-la-mise-en-service-annoncee-pour-novembre-2025_62537870.html\" target=\"_blank\" rel=\"noopener\">l\u2019arriv\u00e9e du tram<\/a> ou <a href=\"https:\/\/www.strasbourg.eu\/-\/%C3%A0-koenigshoffen-une-passerelle-enjambera-le-chemin-de-fer\" target=\"_blank\" rel=\"noopener\">l\u2019am\u00e9nagement d\u2019une passerelle<\/a> qui, \u00e0 terme, enjambera le chemin de fer.<\/p>\n<p class=\" wall-content\">Personnalisez votre actualit\u00e9 en ajoutant vos villes et m\u00e9dias en favori avec <a href=\"https:\/\/moncompte.actu.fr\" title=\"D\u00e9couvez Mon Actu\" rel=\"nofollow noopener\" data-trk=\"{&quot;cta&quot;:{&quot;action&quot;:&quot;https:\\\/\\\/moncompte.actu.fr&quot;,&quot;category&quot;:&quot;mon compte&quot;,&quot;from&quot;:&quot;article footer&quot;,&quot;name&quot;:&quot;Mon actu&quot;,&quot;type&quot;:&quot;cta&quot;}}\" target=\"_blank\">Mon Actu<\/a>.<\/p>\n","protected":false},"excerpt":{"rendered":"Par Ivan CAPECCHI Publi\u00e9 le 9 sept. 2025 \u00e0 9h51 \u00ab\u00a0L\u2019Inattendu\u00a0\u00bb, une r\u00e9sidence de 259 logements, a \u00e9t\u00e9&hellip;\n","protected":false},"author":2,"featured_media":377301,"comment_status":"","ping_status":"","sticky":false,"template":"","format":"standard","meta":{"footnotes":""},"categories":[2820],"tags":[1111,11,1777,674,1011,27,775,1116,1908,12,25,104,640],"class_list":{"0":"post-377300","1":"post","2":"type-post","3":"status-publish","4":"format-standard","5":"has-post-thumbnail","7":"category-strasbourg","8":"tag-actu","9":"tag-actualites","10":"tag-eu","11":"tag-europe","12":"tag-fr","13":"tag-france","14":"tag-grand-est","15":"tag-immobilier","16":"tag-logement","17":"tag-news","18":"tag-republique-francaise","19":"tag-societe","20":"tag-strasbourg"},"share_on_mastodon":{"url":"https:\/\/pubeurope.com\/@fr\/115173454259957859","error":""},"_links":{"self":[{"href":"https:\/\/www.europesays.com\/fr\/wp-json\/wp\/v2\/posts\/377300","targetHints":{"allow":["GET"]}}],"collection":[{"href":"https:\/\/www.europesays.com\/fr\/wp-json\/wp\/v2\/posts"}],"about":[{"href":"https:\/\/www.europesays.com\/fr\/wp-json\/wp\/v2\/types\/post"}],"author":[{"embeddable":true,"href":"https:\/\/www.europesays.com\/fr\/wp-json\/wp\/v2\/users\/2"}],"replies":[{"embeddable":true,"href":"https:\/\/www.europesays.com\/fr\/wp-json\/wp\/v2\/comments?post=377300"}],"version-history":[{"count":0,"href":"https:\/\/www.europesays.com\/fr\/wp-json\/wp\/v2\/posts\/377300\/revisions"}],"wp:featuredmedia":[{"embeddable":true,"href":"https:\/\/www.europesays.com\/fr\/wp-json\/wp\/v2\/media\/377301"}],"wp:attachment":[{"href":"https:\/\/www.europesays.com\/fr\/wp-json\/wp\/v2\/media?parent=377300"}],"wp:term":[{"taxonomy":"category","embeddable":true,"href":"https:\/\/www.europesays.com\/fr\/wp-json\/wp\/v2\/categories?post=377300"},{"taxonomy":"post_tag","embeddable":true,"href":"https:\/\/www.europesays.com\/fr\/wp-json\/wp\/v2\/tags?post=377300"}],"curies":[{"name":"wp","href":"https:\/\/api.w.org\/{rel}","templated":true}]}}