{"id":377302,"date":"2025-09-09T08:43:10","date_gmt":"2025-09-09T08:43:10","guid":{"rendered":"https:\/\/www.europesays.com\/fr\/377302\/"},"modified":"2025-09-09T08:43:10","modified_gmt":"2025-09-09T08:43:10","slug":"jeanne-barseghian-maire-de-strasbourg-reagit-a-la-chute-de-francois-bayrou","status":"publish","type":"post","link":"https:\/\/www.europesays.com\/fr\/377302\/","title":{"rendered":"Jeanne Barseghian, maire de Strasbourg, r\u00e9agit \u00e0 la chute de Fran\u00e7ois Bayrou"},"content":{"rendered":"<p>            Par<br \/>\n        <strong><br \/>\n            <a href=\"https:\/\/actu.fr\/auteur\/ivan-capecchi\" title=\"Consulter tous les articles de Ivan CAPECCHI\" target=\"_blank\" rel=\"noopener\">Ivan CAPECCHI<\/a><br \/>\n        <\/strong><\/p>\n<p>        Publi\u00e9 le<\/p>\n<p>            9 sept. 2025 \u00e0 10h22        <\/p>\n<p><strong>Fran\u00e7ois Bayrou<\/strong> a <a href=\"https:\/\/actu.fr\/politique\/vote-de-confiance-sans-surprise-francois-bayrou-se-fait-balayer-par-les-deputes-et-prend-la-porte_63128564.html\" target=\"_blank\" rel=\"noopener\">perdu son vote de confiance<\/a>. Sans majorit\u00e9 \u00e0 <strong>l\u2019assembl\u00e9e<\/strong>, son gouvernement est tomb\u00e9 ce lundi. <strong>Emmanuel Macron<\/strong> doit d\u00e9sormais <a href=\"https:\/\/actu.fr\/politique\/chute-du-gouvernement-bayrou-quels-noms-evoques-comme-potentiel-premier-ministre_63128197.html\" target=\"_blank\" rel=\"noopener\">nommer un nouveau premier ministre<\/a> \u2013 de premiers noms \u00e9mergent d\u00e9j\u00e0, comme celui d\u2019<strong>Olivier Faure (PS)<\/strong> ou de<strong> Catherine Vautrin (ministre du Travail)<\/strong> \u2013 voire, en ultime recours, provoquer une <a href=\"https:\/\/actu.fr\/politique\/apres-le-vote-de-confiance-vers-une-ineluctable-nouvelle-dissolution-les-chances-de-ce-scenario_63086407.html\" target=\"_blank\" rel=\"noopener\">nouvelle dissolution<\/a> et convoquer des <strong>l\u00e9gislatives anticip\u00e9es<\/strong>.<\/p>\n<p class=\" wall-content\">Dans un billet d\u2019humeur post\u00e9 sur sa page Facebook, la <a href=\"https:\/\/actu.fr\/grand-est\/strasbourg_67482\/municipales-2026-jeanne-barseghian-maire-de-strasbourg-candidate-a-sa-reelection_62866356.html\" target=\"_blank\" rel=\"noopener\">maire Les Ecologistes de Strasbourg, Jeanne Barseghian<\/a>, a r\u00e9agi.<\/p>\n<p>La maire de Strasbourg fustige un gouvernement \u00ab\u00a0indiff\u00e9rent \u00e0 la col\u00e8re populaire\u00a0\u00bb<\/p>\n<p class=\" wall-content\">\u00ab\u00a0<strong>Ce qui devait arriver, arriva. Le gouvernement tombe. Enfin<\/strong>\u00ab\u00a0, \u00e9crit l\u2019\u00e9lue.<\/p>\n<p class=\" wall-content\">Elle fustige un <strong>ex\u00e9cutif \u00ab\u00a0sans l\u00e9gitimit\u00e9\u00a0\u00bb, \u00ab\u00a0brutal, indiff\u00e9rent \u00e0 la col\u00e8re populaire<\/strong>, qui ignore l\u2019<a href=\"https:\/\/actu.fr\/tag\/rechauffement-climatique\" target=\"_blank\" rel=\"noopener\">urgence climatique<\/a> ; complice des puissants et des pr\u00e9dateurs\u00a0\u00bb. Et de d\u00e9noncer \u00ab\u00a0son <strong>budget de l\u2019injustice qui privil\u00e9gie les privil\u00e9gi\u00e9s<\/strong>\u00ab\u00a0, \u00ab\u00a0un budget de m\u00e9pris\u00a0\u00bb qui \u00ab\u00a0aura \u00e9t\u00e9 son dernier\u00a0\u00bb.<\/p>\n<p class=\" wall-content\">La maire appelle \u00e0 \u00ab\u00a0un <strong>gouvernement v\u00e9ritablement l\u00e9gitime, de gauche, \u00e9cologiste et solidaire :<\/strong> qui taxe les riches, redistribue l\u2019<a href=\"https:\/\/actu.fr\/tag\/argent\" target=\"_blank\" rel=\"noopener\">argent<\/a>, redistribue le temps, prot\u00e8ge nos vies et notre environnement\u00a0\u00bb. Avant de conclure : \u00ab\u00a0Il est temps de faire face. Et d\u2019agir contre l\u2019injustice.\u00a0\u00bb<\/p>\n<p>La gauche arriv\u00e9e en t\u00eate des derni\u00e8res l\u00e9gislatives anticip\u00e9es<\/p>\n<p class=\" wall-content\">Pour rappel, la derni\u00e8re dissolution avait offert <strong>une majorit\u00e9 relative \u00e0 la gauche<\/strong> et <strong>permis \u00e0 l\u2019extr\u00eame droite de r\u00e9aliser une perc\u00e9e historique<\/strong>, laissant un paysage politique profond\u00e9ment fragment\u00e9.<\/p>\n<p class=\" wall-content\">Personnalisez votre actualit\u00e9 en ajoutant vos villes et m\u00e9dias en favori avec <a href=\"https:\/\/moncompte.actu.fr\" title=\"D\u00e9couvez Mon Actu\" rel=\"nofollow noopener\" data-trk=\"{&quot;cta&quot;:{&quot;action&quot;:&quot;https:\\\/\\\/moncompte.actu.fr&quot;,&quot;category&quot;:&quot;mon compte&quot;,&quot;from&quot;:&quot;article footer&quot;,&quot;name&quot;:&quot;Mon actu&quot;,&quot;type&quot;:&quot;cta&quot;}}\" target=\"_blank\">Mon Actu<\/a>.<\/p>\n","protected":false},"excerpt":{"rendered":"Par Ivan CAPECCHI Publi\u00e9 le 9 sept. 2025 \u00e0 10h22 Fran\u00e7ois Bayrou a perdu son vote de confiance.&hellip;\n","protected":false},"author":2,"featured_media":377303,"comment_status":"","ping_status":"","sticky":false,"template":"","format":"standard","meta":{"footnotes":""},"categories":[2820],"tags":[1111,11,1777,674,1011,27,431,775,7125,12,316,25,640],"class_list":{"0":"post-377302","1":"post","2":"type-post","3":"status-publish","4":"format-standard","5":"has-post-thumbnail","7":"category-strasbourg","8":"tag-actu","9":"tag-actualites","10":"tag-eu","11":"tag-europe","12":"tag-fr","13":"tag-france","14":"tag-francois-bayrou","15":"tag-grand-est","16":"tag-jeanne-barseghian","17":"tag-news","18":"tag-politique","19":"tag-republique-francaise","20":"tag-strasbourg"},"share_on_mastodon":{"url":"https:\/\/pubeurope.com\/@fr\/115173458141904295","error":""},"_links":{"self":[{"href":"https:\/\/www.europesays.com\/fr\/wp-json\/wp\/v2\/posts\/377302","targetHints":{"allow":["GET"]}}],"collection":[{"href":"https:\/\/www.europesays.com\/fr\/wp-json\/wp\/v2\/posts"}],"about":[{"href":"https:\/\/www.europesays.com\/fr\/wp-json\/wp\/v2\/types\/post"}],"author":[{"embeddable":true,"href":"https:\/\/www.europesays.com\/fr\/wp-json\/wp\/v2\/users\/2"}],"replies":[{"embeddable":true,"href":"https:\/\/www.europesays.com\/fr\/wp-json\/wp\/v2\/comments?post=377302"}],"version-history":[{"count":0,"href":"https:\/\/www.europesays.com\/fr\/wp-json\/wp\/v2\/posts\/377302\/revisions"}],"wp:featuredmedia":[{"embeddable":true,"href":"https:\/\/www.europesays.com\/fr\/wp-json\/wp\/v2\/media\/377303"}],"wp:attachment":[{"href":"https:\/\/www.europesays.com\/fr\/wp-json\/wp\/v2\/media?parent=377302"}],"wp:term":[{"taxonomy":"category","embeddable":true,"href":"https:\/\/www.europesays.com\/fr\/wp-json\/wp\/v2\/categories?post=377302"},{"taxonomy":"post_tag","embeddable":true,"href":"https:\/\/www.europesays.com\/fr\/wp-json\/wp\/v2\/tags?post=377302"}],"curies":[{"name":"wp","href":"https:\/\/api.w.org\/{rel}","templated":true}]}}