{"id":377314,"date":"2025-09-09T08:49:19","date_gmt":"2025-09-09T08:49:19","guid":{"rendered":"https:\/\/www.europesays.com\/fr\/377314\/"},"modified":"2025-09-09T08:49:19","modified_gmt":"2025-09-09T08:49:19","slug":"le-suspect-mis-en-examen-2","status":"publish","type":"post","link":"https:\/\/www.europesays.com\/fr\/377314\/","title":{"rendered":"le suspect mis en examen"},"content":{"rendered":"<p>            Par<br \/>\n        <strong><br \/>\n            <a href=\"https:\/\/actu.fr\/auteur\/julian-doubax\" title=\"Consulter tous les articles de Julian Doubax\" rel=\"nofollow noopener\" target=\"_blank\">Julian Doubax<\/a><br \/>\n        <\/strong><\/p>\n<p>        Publi\u00e9 le<\/p>\n<p>            9 sept. 2025 \u00e0 9h35        <\/p>\n<p>C\u2019est une d\u00e9couverte sordide qui a \u00e9t\u00e9 r\u00e9v\u00e9l\u00e9e par nos confr\u00e8res de <a href=\"https:\/\/www.franceinfo.fr\/societe\/pedocriminalite\/info-franceinfo-un-homme-soupconne-d-avoir-commandite-depuis-bordeaux-une-trentaine-de-viols-d-enfants-colombiens-et-malgaches-en-ligne_7480903.html\" rel=\"nofollow noopener\" target=\"_blank\">France Info<\/a>. Un employ\u00e9 administratif \u00e0 <a href=\"https:\/\/actu.fr\/bordeaux\/\" rel=\"nofollow noopener\" target=\"_blank\">Bordeaux<\/a> a \u00e9t\u00e9 <strong>mis en examen<\/strong> et plac\u00e9 en <strong>d\u00e9tention provisoire<\/strong>. L\u2019individu est soup\u00e7onn\u00e9 d\u2019avoir commandit\u00e9 et visionn\u00e9 <a href=\"https:\/\/actu.fr\/societe\/l-effroyable-plongee-dans-moviestarplanet-jeu-pour-les-8-15-ans-et-refuge-pour-les-pedocriminels_62233722.html\" rel=\"nofollow noopener\" target=\"_blank\">en ligne<\/a> (et en direct) des <strong>viols d\u2019enfants<\/strong> en Colombie et \u00e0 Madagascar, lors de session de livestreaming. Ce proc\u00e9d\u00e9 p\u00e9docriminel consiste \u00e0 commander, acheter et visionner en direct des agressions sexuelles ou viols sur des enfants bas\u00e9s \u00e0 l\u2019\u00e9tranger.<\/p>\n<p class=\" wall-content\">Cet homme a \u00e9t\u00e9 plac\u00e9 en garde \u00e0 vue le lundi 1er\u00a0septembre 2025. Les enqu\u00eateurs ont d\u00e9couvert des <strong>milliers de photos<\/strong> et <strong>vid\u00e9os<\/strong> \u00e0 caract\u00e8re p\u00e9docriminel sur son t\u00e9l\u00e9phone portable. Ils ont \u00e9galement mis la main sur des \u00e9changes via des sites d\u2019escortes avec des femmes install\u00e9es en Colombie ou \u00e0 Madagascar. Les discussions se prolongeaient sur des messageries crypt\u00e9es o\u00f9 les tarifs des viols \u00e9taient n\u00e9goci\u00e9s.<\/p>\n<p>Une trentaine de viols<\/p>\n<p class=\" wall-content\">Toujours d\u2019apr\u00e8s les informations de France Info, le Bordelais mis en cause donnait des <strong>instructions<\/strong> en direct sur les actes sexuels qui devaient \u00eatre commis sur les enfants. Ces sessions de livestreaming duraient plusieurs heures. Au total, une trentaine de viols auraient \u00e9t\u00e9 commis. Au moins <strong>cinq victimes ont \u00e9t\u00e9 identifi\u00e9es<\/strong> : trois ont moins de 10 ans et les deux autres entre 10 et 15 ans.\u00a0<\/p>\n<p class=\" wall-content\">Les faits auraient commenc\u00e9 il y a trois ans et cet employ\u00e9 administratif a d\u00e9bours\u00e9 plus de 15 000 euros. Il a \u00e9t\u00e9 mis en examen pour \u00ab\u00a0complicit\u00e9 de viols et agressions sexuelles sur mineure\u00a0\u00bb, \u00ab\u00a0complicit\u00e9 de traites d\u2019\u00eatres humains aggrav\u00e9s\u00a0\u00bb, \u00ab\u00a0participation \u00e0 une association de malfaiteurs criminels\u00a0\u00bb, \u00ab\u00a0d\u00e9tention et acquisition d\u2019images p\u00e9docriminelles\u00a0\u00bb.\u00a0<\/p>\n<p class=\" wall-content\">Personnalisez votre actualit\u00e9 en ajoutant vos villes et m\u00e9dias en favori avec <a href=\"https:\/\/moncompte.actu.fr\" title=\"D\u00e9couvez Mon Actu\" rel=\"nofollow noopener\" data-trk=\"{&quot;cta&quot;:{&quot;action&quot;:&quot;https:\\\/\\\/moncompte.actu.fr&quot;,&quot;category&quot;:&quot;mon compte&quot;,&quot;from&quot;:&quot;article footer&quot;,&quot;name&quot;:&quot;Mon actu&quot;,&quot;type&quot;:&quot;cta&quot;}}\" target=\"_blank\">Mon Actu<\/a>.<\/p>\n","protected":false},"excerpt":{"rendered":"Par Julian Doubax Publi\u00e9 le 9 sept. 2025 \u00e0 9h35 C\u2019est une d\u00e9couverte sordide qui a \u00e9t\u00e9 r\u00e9v\u00e9l\u00e9e&hellip;\n","protected":false},"author":2,"featured_media":377315,"comment_status":"","ping_status":"","sticky":false,"template":"","format":"standard","meta":{"footnotes":""},"categories":[2817],"tags":[1111,11,1997,1777,674,118,1011,27,12,2219,874,25],"class_list":{"0":"post-377314","1":"post","2":"type-post","3":"status-publish","4":"format-standard","5":"has-post-thumbnail","7":"category-bordeaux","8":"tag-actu","9":"tag-actualites","10":"tag-bordeaux","11":"tag-eu","12":"tag-europe","13":"tag-faits-divers","14":"tag-fr","15":"tag-france","16":"tag-news","17":"tag-nouvelle-aquitaine","18":"tag-pedophilie","19":"tag-republique-francaise"},"share_on_mastodon":{"url":"https:\/\/pubeurope.com\/@fr\/115173481712602491","error":""},"_links":{"self":[{"href":"https:\/\/www.europesays.com\/fr\/wp-json\/wp\/v2\/posts\/377314","targetHints":{"allow":["GET"]}}],"collection":[{"href":"https:\/\/www.europesays.com\/fr\/wp-json\/wp\/v2\/posts"}],"about":[{"href":"https:\/\/www.europesays.com\/fr\/wp-json\/wp\/v2\/types\/post"}],"author":[{"embeddable":true,"href":"https:\/\/www.europesays.com\/fr\/wp-json\/wp\/v2\/users\/2"}],"replies":[{"embeddable":true,"href":"https:\/\/www.europesays.com\/fr\/wp-json\/wp\/v2\/comments?post=377314"}],"version-history":[{"count":0,"href":"https:\/\/www.europesays.com\/fr\/wp-json\/wp\/v2\/posts\/377314\/revisions"}],"wp:featuredmedia":[{"embeddable":true,"href":"https:\/\/www.europesays.com\/fr\/wp-json\/wp\/v2\/media\/377315"}],"wp:attachment":[{"href":"https:\/\/www.europesays.com\/fr\/wp-json\/wp\/v2\/media?parent=377314"}],"wp:term":[{"taxonomy":"category","embeddable":true,"href":"https:\/\/www.europesays.com\/fr\/wp-json\/wp\/v2\/categories?post=377314"},{"taxonomy":"post_tag","embeddable":true,"href":"https:\/\/www.europesays.com\/fr\/wp-json\/wp\/v2\/tags?post=377314"}],"curies":[{"name":"wp","href":"https:\/\/api.w.org\/{rel}","templated":true}]}}