{"id":377318,"date":"2025-09-09T08:51:13","date_gmt":"2025-09-09T08:51:13","guid":{"rendered":"https:\/\/www.europesays.com\/fr\/377318\/"},"modified":"2025-09-09T08:51:13","modified_gmt":"2025-09-09T08:51:13","slug":"asm-toulouse-loeil-des-supporters","status":"publish","type":"post","link":"https:\/\/www.europesays.com\/fr\/377318\/","title":{"rendered":"ASM-Toulouse : l\u2019\u0153il des supporters"},"content":{"rendered":"<p>Lors de la rencontre qui a cl\u00f4tur\u00e9 cette premi\u00e8re journ\u00e9e de TOP 14, remport\u00e9e sans surprise par le Stade Toulousain (34\/24), face \u00e0 une ASM Clermont Auvergne, courageuse mais limit\u00e9e, nous avons rencontr\u00e9 les supporters des deux \u00e9quipes, toujours heureux de se retrouver et de festoyer ensemble <\/p>\n<p>Juste avant le d\u00e9but du match opposant l\u2019ASM \u00e0 Toulouse, nous avons rencontr\u00e9 une famille qui habite non loin d\u2019Issoire, mais qui est supportrice du club aux 24 boucliers de Brennus.<\/p>\n<p>La s\u00e9r\u00e9nit\u00e9 Toulousaine<\/p>\n<p>\u00ab Nous supportons <a href=\"https:\/\/www.stadetoulousain.fr\/\" target=\"_blank\" rel=\"noopener\">Toulouse<\/a> depuis 3 g\u00e9n\u00e9rations, ce club, c\u2019est une vraie passion pour nous \u00bb, glissent Marine, Zo\u00e9, et Martine. Ravis de l\u2019accueil r\u00e9serv\u00e9 par les fid\u00e8les de la Yellow Army, ces 4 supporters se plaisent \u00e0 d\u00e9ambuler, en dessous de la tribune Auvergne, pour se restaurer et pour \u00e9changer sur ce rugby qu\u2019ils aiment tant avec le peuple Auvergnat. \u00ab Nous essayons de venir tous les ans, comme nous sommes proches de Clermont-Ferrand. Nous appr\u00e9cions ce club de Toulouse, par le rugby qu\u2019elle d\u00e9veloppe, et par le fait qu\u2019elle ne soit jamais rassasi\u00e9e de titres. C\u2019est un club qui a un \u00e9norme vivier de jeunes. Hugo Mola fait du tr\u00e8s bon travail, et nous prenons plaisir \u00e0 les voir jouer. Nous ne sommes, sans manquer de respect \u00e0 Clermont, aucunement inquiet pour ce soir \u00bb, poursuivent-ils. Et le sort du match, leur a bien donn\u00e9 raison avec une victoire tout en ma\u00eetrise des hommes du Pr\u00e9sident Lacroix.<br \/>Nous avons l\u2019ambition d\u2019aller chercher le Brennus, et le titre de Champion d\u2019Europe \u00bb, souligne le clan familial.<\/p>\n<p>\u00ab Nous avons fait preuve de beaucoup de courage, et de volont\u00e9, mais cela n\u2019 a pas suffit pour contrer ces redoutables Toulousains, qui ont des joueurs comme Jelonch, ou Ramos, de classe mondiale \u00bb, relatent quelques supporters de l\u2019ASM, crois\u00e9s \u00e0 la sortie du match.<\/p>\n<p><img loading=\"lazy\" decoding=\"async\" width=\"1000\" height=\"621\" src=\"data:image\/svg+xml,%3Csvg%20xmlns=\" http:=\"\" alt=\"Supporters de l'ASM \/ Photo Philippe Thivat\" class=\"wp-image-2594303\" data-lazy- data-lazy- data-lazy-src=\"https:\/\/www.europesays.com\/fr\/wp-content\/uploads\/2025\/09\/Supporters-de-lASM-Photo-Philippe-Thivat.jpg\"\/>Photo Philippe Thivat<\/p>\n<p>La lucidit\u00e9 Clermontoise<\/p>\n<p>Pas forc\u00e9ment d\u00e9sabus\u00e9s, mais tr\u00e8s clairvoyants sur l\u2019\u00e9cart qu\u2019il y a encore aujourd\u2019hui entre les 2 clubs. Malgr\u00e9 tout, les prot\u00e9g\u00e9s de Christophe Urios, n\u2019\u00e9taient forc\u00e9ment pas si loin, lorsqu\u2019ils sont revenus \u00e0 24 partout \u00e0 l\u2019heure de jeu. C\u2019\u00e9tait sans compter sur quelques ballons \u00e9gar\u00e9s, et surtout sur la lecture du jeu hors-norme, de Thomas Ramos, l\u2019arri\u00e8re international Toulousain, pour envoyer son ailier Delibes, en terre promise, apr\u00e8s un somptueux slalom. Pas facile de renverser une telle \u00e9quipe, qui sait remettre la main sur le ballon, lorsque l\u2019occasion se pr\u00e9sente.<br \/>Pour l\u2019ASM Clermont Auvergne, l\u2019\u00e9tat d\u2019esprit est rassurant ; maintenant, si l\u2019on veut exister vraiment dans ce championnat, il va falloir r\u00e9gler le probl\u00e8me des erreurs individuelles, et monter inexorablement le curseur d\u2019exigences pour atteindre les <a href=\"https:\/\/www.7joursaclermont.fr\/jean-claude-pats\/\" target=\"_blank\" rel=\"noreferrer noopener\">objectifs fix\u00e9s r\u00e9cemment par le Pr\u00e9sident Pats<\/a>. Et se remettre vite au travail, avant d\u2019aller d\u00e9fier le week-end prochain des Rochelais, qui ont soif de gommer une ann\u00e9e pas assez aboutie la saison derni\u00e8re, et de se racheter devant leur public de Marcel Desflandres,<\/p>\n<p><img loading=\"lazy\" decoding=\"async\" width=\"1000\" height=\"624\" src=\"data:image\/svg+xml,%3Csvg%20xmlns=\" http:=\"\" alt=\"ASM-Toulouse sept 2025 \/ Photo Philippe Thivat\" class=\"wp-image-2594300\" data-lazy- data-lazy- data-lazy-src=\"https:\/\/www.europesays.com\/fr\/wp-content\/uploads\/2025\/09\/ASM-Toulouse-sept-2025-Photo-Philippe-Thivat.jpg\"\/>Photo Philippe Thivat<\/p>\n","protected":false},"excerpt":{"rendered":"Lors de la rencontre qui a cl\u00f4tur\u00e9 cette premi\u00e8re journ\u00e9e de TOP 14, remport\u00e9e sans surprise par le&hellip;\n","protected":false},"author":2,"featured_media":377319,"comment_status":"","ping_status":"","sticky":false,"template":"","format":"standard","meta":{"footnotes":""},"categories":[2816],"tags":[1111,11,10980,51091,1777,674,1011,27,12,49478,2680,25,2115,478,2312],"class_list":{"0":"post-377318","1":"post","2":"type-post","3":"status-publish","4":"format-standard","5":"has-post-thumbnail","7":"category-toulouse","8":"tag-actu","9":"tag-actualites","10":"tag-asm-clermont-auvergne","11":"tag-asm-toulouse","12":"tag-eu","13":"tag-europe","14":"tag-fr","15":"tag-france","16":"tag-news","17":"tag-newsletters-jeudi","18":"tag-occitanie","19":"tag-republique-francaise","20":"tag-rugby-a-xv","21":"tag-top-14","22":"tag-toulouse"},"share_on_mastodon":{"url":"https:\/\/pubeurope.com\/@fr\/115173489533648668","error":""},"_links":{"self":[{"href":"https:\/\/www.europesays.com\/fr\/wp-json\/wp\/v2\/posts\/377318","targetHints":{"allow":["GET"]}}],"collection":[{"href":"https:\/\/www.europesays.com\/fr\/wp-json\/wp\/v2\/posts"}],"about":[{"href":"https:\/\/www.europesays.com\/fr\/wp-json\/wp\/v2\/types\/post"}],"author":[{"embeddable":true,"href":"https:\/\/www.europesays.com\/fr\/wp-json\/wp\/v2\/users\/2"}],"replies":[{"embeddable":true,"href":"https:\/\/www.europesays.com\/fr\/wp-json\/wp\/v2\/comments?post=377318"}],"version-history":[{"count":0,"href":"https:\/\/www.europesays.com\/fr\/wp-json\/wp\/v2\/posts\/377318\/revisions"}],"wp:featuredmedia":[{"embeddable":true,"href":"https:\/\/www.europesays.com\/fr\/wp-json\/wp\/v2\/media\/377319"}],"wp:attachment":[{"href":"https:\/\/www.europesays.com\/fr\/wp-json\/wp\/v2\/media?parent=377318"}],"wp:term":[{"taxonomy":"category","embeddable":true,"href":"https:\/\/www.europesays.com\/fr\/wp-json\/wp\/v2\/categories?post=377318"},{"taxonomy":"post_tag","embeddable":true,"href":"https:\/\/www.europesays.com\/fr\/wp-json\/wp\/v2\/tags?post=377318"}],"curies":[{"name":"wp","href":"https:\/\/api.w.org\/{rel}","templated":true}]}}