{"id":377321,"date":"2025-09-09T08:54:11","date_gmt":"2025-09-09T08:54:11","guid":{"rendered":"https:\/\/www.europesays.com\/fr\/377321\/"},"modified":"2025-09-09T08:54:11","modified_gmt":"2025-09-09T08:54:11","slug":"a-marseille-la-culotte-menstruelle-une-alternative-solidaire-aux-protections-hygieniques-trop-cheres","status":"publish","type":"post","link":"https:\/\/www.europesays.com\/fr\/377321\/","title":{"rendered":"\u00c0 Marseille, la culotte menstruelle, une alternative solidaire aux protections hygi\u00e9niques trop ch\u00e8res"},"content":{"rendered":"<p>Concentr\u00e9, les sourcils fronc\u00e9s, Djamel suit le trac\u00e9 du patron avec attention. Il pique, coupe et aligne les bouts de tissu. Dans l\u2019atelier de couture 13 A\u2019tipik, \u00e0 La Blancarde (4e), les machines \u00e0 coudre ronronnent. Sur une \u00e9tag\u00e8re, des dizaines de culottes noires, floqu\u00e9es d\u2019un petit soleil, attendent les derni\u00e8res finitions. Depuis juin dernier, cet atelier et chantier d\u2019insertion lanc\u00e9 en\u00a02011, confectionne \u00ab\u00a0La culotte du Sud\u00a0\u00bb, <a href=\"https:\/\/www.laprovence.com\/article\/societe\/73019047207272\/faute-de-moyens-un-tiers-des-francais-renonce-a-lachat-de-produits-dhygiene\" target=\"_blank\" rel=\"noopener\">une protection menstruelle pour aider les femmes en situation de grande vuln\u00e9rabilit\u00e9<\/a>. \u00ab\u00a0Personne n\u2019est \u00e0 l\u2019abri. J\u2019ai une m\u00e8re, une fille et deux s\u0153urs. C\u2019est important d\u2019aider ces personnes dans le besoin. \u00c7a nous concerne tous, m\u00eame nous les hommes\u00a0\u00bb, t\u00e9moigne-t-il.<\/p>\n<p>\u00ab\u00a0Quand il faut choisir entre manger et se prot\u00e9ger, le choix est vite fait\u00a0\u00bb<\/p>\n<p>En France, une femme sur trois peine \u00e0 se procurer des <a href=\"https:\/\/www.laprovence.com\/article\/femina-provence\/31621928460998\/la-precarite-menstruelle-dans-le-monde-en-dix-chiffres-cles\" target=\"_blank\" rel=\"noopener\">protections hygi\u00e9niques pendant la p\u00e9riode des r\u00e8gles<\/a>. Des personnes en situation de pr\u00e9carit\u00e9 et parfois des \u00e9tudiantes.<\/p>\n<p>\u00ab\u00a0Quand il faut choisir entre manger et se prot\u00e9ger, le choix est vite fait\u00a0\u00bb, s\u2019alarme Sahouda Maallem. \u00ab\u00a0Notre culotte\u00a0est 100% fran\u00e7aise et peut \u00eatre utilis\u00e9e entre 8 h et 12 h pendant 5\u00a0ans. L\u2019avantage, c\u2019est qu\u2019elle permet de ne pas utiliser des produits toxiques et que sur le long terme, c\u2019est beaucoup moins cher\u00a0\u00bb, pr\u00e9cise fi\u00e8rement la pr\u00e9sidente de l\u2019atelier.<\/p>\n<p>\u00c0 Marseille, 1\u00a0000 culottes distribu\u00e9es dans des centres d\u2019h\u00e9bergement<\/p>\n<p>Depuis le lancement du projet, 1\u00a0000 culottes ont \u00e9t\u00e9 distribu\u00e9es, en partenariat avec le Planning Familial, et des associations et centre d\u2019h\u00e9bergements comme l\u2019Amicale du Nid, l\u2019Accueil de Jour\/Nuit, l\u2019HPF (Hospitalit\u00e9 pour les femmes) et la Caravelle. \u00ab\u00a0C\u2019est un soulagement pour ces femmes. C\u2019est un outil de respect de la dignit\u00e9 humaine\u00a0\u00bb, t\u00e9moigne Christophe Magnan, directeur de la Caravelle. \u00ab\u00a0Les femmes \u00e0 la rue sont beaucoup moins visibles que les hommes. Pourtant, \u00e7a ne veut pas dire qu\u2019il y en a moins. Et celles-ci sont particuli\u00e8rement sujettes \u00e0 cette pr\u00e9carit\u00e9 menstruelle, pr\u00e9carit\u00e9 avec laquelle, il faut en finir\u00a0\u00bb, compl\u00e8te Jo\u00eblle Giordano pour l\u2019association F\u00e9minit\u00e9 Sans-abri, qui r\u00e9alise des distributions r\u00e9guli\u00e8rement dans les rues de Marseille.<\/p>\n","protected":false},"excerpt":{"rendered":"Concentr\u00e9, les sourcils fronc\u00e9s, Djamel suit le trac\u00e9 du patron avec attention. Il pique, coupe et aligne les&hellip;\n","protected":false},"author":2,"featured_media":377322,"comment_status":"","ping_status":"","sticky":false,"template":"","format":"standard","meta":{"footnotes":""},"categories":[2814],"tags":[17,1111,11,42910,1007,51092,1777,674,1011,27,884,51093,12,31785,882,16,25,12280],"class_list":{"0":"post-377321","1":"post","2":"type-post","3":"status-publish","4":"format-standard","5":"has-post-thumbnail","7":"category-marseille","8":"tag-17","9":"tag-actu","10":"tag-actualites","11":"tag-alternative","12":"tag-aux","13":"tag-culotte","14":"tag-eu","15":"tag-europe","16":"tag-fr","17":"tag-france","18":"tag-marseille","19":"tag-menstruelle","20":"tag-news","21":"tag-protections","22":"tag-provence-alpes-cote-dazur","23":"tag-region","24":"tag-republique-francaise","25":"tag-solidaire"},"share_on_mastodon":{"url":"https:\/\/pubeurope.com\/@fr\/115173501430020417","error":""},"_links":{"self":[{"href":"https:\/\/www.europesays.com\/fr\/wp-json\/wp\/v2\/posts\/377321","targetHints":{"allow":["GET"]}}],"collection":[{"href":"https:\/\/www.europesays.com\/fr\/wp-json\/wp\/v2\/posts"}],"about":[{"href":"https:\/\/www.europesays.com\/fr\/wp-json\/wp\/v2\/types\/post"}],"author":[{"embeddable":true,"href":"https:\/\/www.europesays.com\/fr\/wp-json\/wp\/v2\/users\/2"}],"replies":[{"embeddable":true,"href":"https:\/\/www.europesays.com\/fr\/wp-json\/wp\/v2\/comments?post=377321"}],"version-history":[{"count":0,"href":"https:\/\/www.europesays.com\/fr\/wp-json\/wp\/v2\/posts\/377321\/revisions"}],"wp:featuredmedia":[{"embeddable":true,"href":"https:\/\/www.europesays.com\/fr\/wp-json\/wp\/v2\/media\/377322"}],"wp:attachment":[{"href":"https:\/\/www.europesays.com\/fr\/wp-json\/wp\/v2\/media?parent=377321"}],"wp:term":[{"taxonomy":"category","embeddable":true,"href":"https:\/\/www.europesays.com\/fr\/wp-json\/wp\/v2\/categories?post=377321"},{"taxonomy":"post_tag","embeddable":true,"href":"https:\/\/www.europesays.com\/fr\/wp-json\/wp\/v2\/tags?post=377321"}],"curies":[{"name":"wp","href":"https:\/\/api.w.org\/{rel}","templated":true}]}}