{"id":377324,"date":"2025-09-09T08:56:12","date_gmt":"2025-09-09T08:56:12","guid":{"rendered":"https:\/\/www.europesays.com\/fr\/377324\/"},"modified":"2025-09-09T08:56:12","modified_gmt":"2025-09-09T08:56:12","slug":"expos-lyon-les-fragments-suspendus-de-farida-hamak-par-fabrizio-migliorati","status":"publish","type":"post","link":"https:\/\/www.europesays.com\/fr\/377324\/","title":{"rendered":"Expos Lyon &#8211; Les fragments suspendus de Farida Hamak par Fabrizio Migliorati"},"content":{"rendered":"<p itemprop=\"description\" style=\"font-weight: 600;\">Photographie \/ Lieux abandonn\u00e9s, rivages silencieux, silhouettes fugitives : Farida Hamak explore la Tunisie par \u00e9clats silencieux, construisant un r\u00e9cit discontinu o\u00f9 le politique se joue dans l&rsquo;ombre, et o\u00f9 la beaut\u00e9 na\u00eet d&rsquo;un retrait.<\/p>\n<p><img decoding=\"async\" src=\"https:\/\/www.europesays.com\/fr\/wp-content\/uploads\/2025\/09\/2025-09-07-20-44-47_5FaridaHamak.jpg\" alt=\"\"\/><\/p>\n<p style=\"font-size:12px;\">Photo : Composition, Ile de Kerkennah, Tunisie, 2022 \u00a9Farida Hamak<\/p>\n<p>L&rsquo;\u0153il de l&rsquo;ancienne photojournaliste des zones de conflit se pose sur les choses et l&rsquo;humain avec une \u00e9l\u00e9gance ancestrale, sans perturber les dynamiques ext\u00e9rieures. \u00c9ludant la n\u00e9cessit\u00e9 de fixer une identit\u00e9 ou un d\u00e9cor, Farida Hamak privil\u00e9gie les interstices, les vues obliques, destituant la primaut\u00e9 de toute frontalit\u00e9.<\/p>\n<p>Avec Empreintes, la Tunisie ne se d\u00e9roule pas comme un d\u00e9cor continu, mais se dessine comme un r\u00e9seau de parcelles d&rsquo;histoire, \u00e0 leur tour faites de ruptures et de survivances. Ce qui s&rsquo;offre \u00e0 la vue, ce n&rsquo;est pas le monument mais l&rsquo;\u00e9rosion, non pas le spectacle mais la trace. L&rsquo;esprit d&rsquo;Atget semble apparaitre par moment\u00a0: m\u00eame attention aux marges, aux failles qui disent plus que les fa\u00e7ades triomphantes.<\/p>\n<p><img decoding=\"async\" class=\"img-responsive\" src=\"https:\/\/www.europesays.com\/fr\/wp-content\/uploads\/2025\/09\/2025-09-07-23-31-44_212022R0LL503367030FaridaHamakcopie.jpg\" alt=\"\" width=\"100%\"\/>Nassrine dans la maison de Dora, Djerba, Tunisie, 2022 \u00a9Farida HamakFigures et traces<\/p>\n<p>Chez Hamak, la pr\u00e9sence humaine se fait rare, discr\u00e8te, relevant presque du fantomatique. Les apparitions ne saturant pas le cadre, elles le fissurent. Ce choix marque le passage d&rsquo;un regard forg\u00e9 par l&rsquo;urgence de l&rsquo;actualit\u00e9 vers une \u00e9criture du d\u00e9tour. Ce n&rsquo;est plus l&rsquo;\u00e9v\u00e9nement qui prime mais ce qui, de lui, demeure en suspens. L&rsquo;humain devient trace, souffle, absence qui insiste.<\/p>\n<p>Une esth\u00e9tique du suspens<\/p>\n<p>Grain rugueux, lumi\u00e8re tranch\u00e9e, cadrages volontairement incomplets : les images d&rsquo;Hamak n&rsquo;illustrent pas, elles retiennent, sans forcer, ce qui \u00e9chappe. On pourrait convoquer ici Luigi Ghirri, ma\u00eetre du presque rien et du silence photographique. Celui qui voyait dans la photographie une \u00ab <a href=\"https:\/\/www.marsilioarte.it\/prodotti\/la-potenza-dello-sguardo\/?_gl=1*sjhi3x*_up*MQ..*_ga*MTkwNDY4NTkyOS4xNzU3MTc1Njc2*_ga_WSQTT8E9XE*czE3NTcxNzU2NzUkbzEkZzAkdDE3NTcxNzU2NzUkajYwJGwwJGgw\" target=\"_blank\" rel=\"noopener nofollow\">po\u00e9sie des choses simples<\/a>\u00a0\u00bb travaillait les marges du quotidien pour en r\u00e9v\u00e9ler l&rsquo;in\u00e9puisable fragilit\u00e9. Chez Hamak, la lumi\u00e8re est plus \u00e2pre, mais la logique demeure : laisser advenir un monde discret, o\u00f9 chaque d\u00e9tail devient signe. Le silence n&rsquo;est pas seulement atmosph\u00e8re, il est langage.<\/p>\n<p><img decoding=\"async\" class=\"img-responsive\" src=\"https:\/\/www.europesays.com\/fr\/wp-content\/uploads\/2025\/09\/2025-09-07-20-45-51_4FaridaHamak.jpg\" alt=\"\" width=\"100%\"\/>Ruine, H\u00f4tel Tanit, Djerba, Tunisie, 2022 \u00a9Farida HamakH\u00e9ritages et d\u00e9placements<\/p>\n<p>Loin de ses ann\u00e9es de reportage, Hamak d\u00e9place son geste. Elle ne suit plus le tumulte mais s&rsquo;attarde sur ses retomb\u00e9es : un lieu vide, un horizon sans \u00e9clat, un visage entrevu. C&rsquo;est encore du politique, mais par d&rsquo;autres moyens. La photographie, comme l&rsquo;a soulign\u00e9 Philippe Dubois dans L&rsquo;acte photographique, enregistre moins une continuit\u00e9 qu&rsquo;une coupure ; c&rsquo;est dans cette fracture que se loge la m\u00e9moire. Hamak fait de cette coupure une mati\u00e8re premi\u00e8re, o\u00f9 l&rsquo;histoire collective affleure au d\u00e9tour d&rsquo;un fragment.<\/p>\n<p>C&rsquo;est dans ce travail du fragment que r\u00e9side la force d&rsquo;Empreintes : une constellation d&rsquo;images qui dessine un pays sans jamais le clore, et qui rappelle, comme le disait Sontag, que <a href=\"https:\/\/bourgoisediteur.fr\/catalogue\/sur-la-photographie\/\" target=\"_blank\" rel=\"noopener nofollow\">le silence reste in\u00e9vitablement une forme de langage<\/a>.<\/p>\n<p><a href=\"https:\/\/www.regardsud.com\/%C3%A0-venir\" target=\"_blank\" rel=\"noopener nofollow\"><strong>Empreintes par Farida Hamak<br \/><\/strong><\/a>Du 18 septembre au 15 novembre 2025 \u00e0 la galerie Regard Sud (Lyon 1er)\u00a0; entr\u00e9e libre<\/p>\n","protected":false},"excerpt":{"rendered":"Photographie \/ Lieux abandonn\u00e9s, rivages silencieux, silhouettes fugitives : Farida Hamak explore la Tunisie par \u00e9clats silencieux, construisant&hellip;\n","protected":false},"author":2,"featured_media":377325,"comment_status":"","ping_status":"","sticky":false,"template":"","format":"standard","meta":{"footnotes":""},"categories":[1889],"tags":[1111,11,2430,1777,674,8202,51094,1011,27,2428,12,25],"class_list":{"0":"post-377324","1":"post","2":"type-post","3":"status-publish","4":"format-standard","5":"has-post-thumbnail","7":"category-lyon","8":"tag-actu","9":"tag-actualites","10":"tag-auvergne-rhone-alpes","11":"tag-eu","12":"tag-europe","13":"tag-expos","14":"tag-farida-hamak","15":"tag-fr","16":"tag-france","17":"tag-lyon","18":"tag-news","19":"tag-republique-francaise"},"share_on_mastodon":{"url":"https:\/\/pubeurope.com\/@fr\/115173509823617234","error":""},"_links":{"self":[{"href":"https:\/\/www.europesays.com\/fr\/wp-json\/wp\/v2\/posts\/377324","targetHints":{"allow":["GET"]}}],"collection":[{"href":"https:\/\/www.europesays.com\/fr\/wp-json\/wp\/v2\/posts"}],"about":[{"href":"https:\/\/www.europesays.com\/fr\/wp-json\/wp\/v2\/types\/post"}],"author":[{"embeddable":true,"href":"https:\/\/www.europesays.com\/fr\/wp-json\/wp\/v2\/users\/2"}],"replies":[{"embeddable":true,"href":"https:\/\/www.europesays.com\/fr\/wp-json\/wp\/v2\/comments?post=377324"}],"version-history":[{"count":0,"href":"https:\/\/www.europesays.com\/fr\/wp-json\/wp\/v2\/posts\/377324\/revisions"}],"wp:featuredmedia":[{"embeddable":true,"href":"https:\/\/www.europesays.com\/fr\/wp-json\/wp\/v2\/media\/377325"}],"wp:attachment":[{"href":"https:\/\/www.europesays.com\/fr\/wp-json\/wp\/v2\/media?parent=377324"}],"wp:term":[{"taxonomy":"category","embeddable":true,"href":"https:\/\/www.europesays.com\/fr\/wp-json\/wp\/v2\/categories?post=377324"},{"taxonomy":"post_tag","embeddable":true,"href":"https:\/\/www.europesays.com\/fr\/wp-json\/wp\/v2\/tags?post=377324"}],"curies":[{"name":"wp","href":"https:\/\/api.w.org\/{rel}","templated":true}]}}