{"id":377326,"date":"2025-09-09T08:57:17","date_gmt":"2025-09-09T08:57:17","guid":{"rendered":"https:\/\/www.europesays.com\/fr\/377326\/"},"modified":"2025-09-09T08:57:17","modified_gmt":"2025-09-09T08:57:17","slug":"sil-est-elu-maire-de-lyon-jean-michel-aulas-conservera-ses-fonctions-a-la-fff","status":"publish","type":"post","link":"https:\/\/www.europesays.com\/fr\/377326\/","title":{"rendered":"S\u2019il est \u00e9lu maire de Lyon, Jean-Michel Aulas conservera ses fonctions \u00e0 la FFF"},"content":{"rendered":"<p>En cas de victoire lors des municipales \u00e0 Lyon, Jean-Michel Aulas conservera sa fonction de vice-pr\u00e9sident charg\u00e9 du football f\u00e9minin \u00e0 la F\u00e9d\u00e9ration fran\u00e7aise de football. Un \u00abcumul\u00bb critiqu\u00e9 par les \u00e9lus \u00e9cologistes locaux.<\/p>\n<p class=\"fig-paragraph\">Jean-Michel Aulas va pr\u00e9senter officiellement<a href=\"http:\/\/www.lefigaro.fr\/lyon\/municipales-2026-a-lyon-jean-michel-aulas-va-se-lancer-dans-l-aventure-soutenu-par-lr-20250904\" data-fig-type=\"NewsFlash\" data-gtm-custom-categorie=\"navigation\" data-gtm-custom-action=\"crossclick\" data-gtm-custom-label=\"Contextuel\" data-gtm-event=\"customEventSPE\" data-fig-domain=\"LEFIGARO\" rel=\"nofollow noopener\" target=\"_blank\">\u00a0sa candidature \u00e0 la mairie de Lyon \u00abdans quelques jours\u00bb<\/a>. Un presque candidat qui a d\u2019ores et d\u00e9j\u00e0 annonc\u00e9 qu\u2019en cas de victoire il conserverait ses fonctions au sein de la\u00a0<a href=\"http:\/\/www.lefigaro.fr\/sports\/football\/coupe-du-monde\/courrier-a-la-fff-opacite-precedents-facheux-pourquoi-le-psg-est-fou-de-rage-apres-les-blessures-de-dembele-et-doue-20250906\" data-fig-type=\"NewsFlash\" data-gtm-custom-categorie=\"navigation\" data-gtm-custom-action=\"crossclick\" data-gtm-custom-label=\"Contextuel\" data-gtm-event=\"customEventSPE\" data-fig-domain=\"LEFIGARO\" rel=\"nofollow noopener\" target=\"_blank\">F\u00e9d\u00e9ration fran\u00e7aise de football<\/a>.<\/p>\n<p class=\"fig-paragraph\">\u00abJ\u2019ai pos\u00e9 les questions au directeur g\u00e9n\u00e9ral (Jean-Fran\u00e7ois Villotte) pour savoir s\u2019il y avait des incompatibilit\u00e9s. Ce n\u2019est pas le cas. \u00c9lu ou pas \u00e9lu, je tiens \u00e0 garder mes fonctions \u00e0 la FFF, comme vice-pr\u00e9sident et avec la responsabilit\u00e9 du football f\u00e9minin que je ne vais pas l\u00e2cher en plein redressement sur un programme de cinq ans. Je vais prendre toutes les pr\u00e9cautions pour me faire r\u00e9expliquer s\u2019il devait y avoir des cas, dans l\u2019exercice de la fonction, dans l\u2019hypoth\u00e8se o\u00f9 je suis \u00e9lu, o\u00f9 il faudrait des pr\u00e9cautions particuli\u00e8res auxquelles je n\u2019aurais pas pens\u00e9. Mais dans les r\u00e8glements, il n\u2019y a aucune incompatibilit\u00e9\u00bb, a confi\u00e9 l\u2019ancien pr\u00e9sident de l\u2019Olympique lyonnais \u00e0\u00a0<a href=\"https:\/\/www.lequipe.fr\/Football\/Actualites\/-elu-ou-pas-je-tiens-a-garder-mes-fonctions-a-la-fff-jean-michel-aulas-assure-qu-il-conservera-ses-mandats-s-il-devient-maire-de-lyon\/1590991\" target=\"_blank\" rel=\"sponsored noopener nofollow\" data-gtm-custom-categorie=\"navigation\" data-gtm-custom-action=\"crossclick\" data-gtm-custom-label=\"Contextuel\" data-gtm-event=\"customEventSPE\">L\u2019\u00c9quipe<\/a> . Si la\u00a0<a href=\"http:\/\/www.lefigaro.fr\/politique\/cumul-des-mandats-michel-barnier-ouvert-a-une-remise-a-plat-de-l-interdiction-20241115\" data-fig-type=\"NewsFlash\" data-gtm-custom-categorie=\"navigation\" data-gtm-custom-action=\"crossclick\" data-gtm-custom-label=\"Contextuel\" data-gtm-event=\"customEventSPE\" data-fig-domain=\"LEFIGARO\" rel=\"nofollow noopener\" target=\"_blank\">loi interdit le cumul des mandats<\/a>\u00a0entre plusieurs fonctions ex\u00e9cutives, elle ne dit en effet rien pour les engagements aupr\u00e8s d\u2019une f\u00e9d\u00e9ration sportive.<\/p>\n<p class=\"fig-body-link\">\n            \u00c0 lire aussi<br \/>\n        <a class=\"fig-body-link__link fig-premium-mark\" href=\"http:\/\/www.lefigaro.fr\/lyon\/municipales-2026-a-lyon-tensions-autour-de-l-heritage-d-un-microparti-de-gerard-collomb-recupere-par-jean-michel-aulas-20250903\" data-fig-type=\"NewsFlash\" data-gtm-custom-categorie=\"navigation\" data-gtm-custom-action=\"crossclick\" data-gtm-custom-label=\"Contextuel\" data-gtm-event=\"customEventSPE\" data-fig-domain=\"LEFIGARO\" rel=\"nofollow noopener\" target=\"_blank\">Municipales 2026\u00a0: \u00e0 Lyon, tensions autour de l\u2019h\u00e9ritage d\u2019un microparti de G\u00e9rard Collomb r\u00e9cup\u00e9r\u00e9 par Jean-Michel Aulas<br \/>\n    <\/a>\n<\/p>\n<p>                                    <a class=\"fig-a11y-skip a11y-hidden\" href=\"#fig-a11y-skip-main-inarticle\"><br \/>\n        Passer la publicit\u00e9<br \/>\n    <\/a><\/p>\n<p>Des fonctions incompatibles\u00a0?<\/p>\n<p class=\"fig-paragraph\">La majorit\u00e9 \u00e9cologiste actuelle a critiqu\u00e9 cette d\u00e9claration de\u00a0<a href=\"http:\/\/www.lefigaro.fr\/elections\/municipales\/loi-plm-a-lyon-une-modification-favorable-a-jean-michel-aulas-20250710\" data-fig-type=\"NewsFlash\" data-gtm-custom-categorie=\"navigation\" data-gtm-custom-action=\"crossclick\" data-gtm-custom-label=\"Contextuel\" data-gtm-event=\"customEventSPE\" data-fig-domain=\"LEFIGARO\" rel=\"nofollow noopener\" target=\"_blank\">Jean-Michel Aulas<\/a>. \u00abLa limitation des cumuls de mandats ne convient pas \u00e0 JM Aulas qui souhaiterait rester Vice-pr\u00e9sident de la f\u00e9d\u00e9ration Fran\u00e7aise de football. M. Aulas ne sait pas que l\u2019agenda de maire de Lyon ne permet pas d\u2019autres activit\u00e9s\u00a0?\u00bb, a d\u00e9nonc\u00e9 R\u00e9mi Zinck, maire EELV du 4e arrondissement.<\/p>\n<p class=\"fig-paragraph\">L\u2019ancien chef d\u2019entreprise a r\u00e9pondu \u00e0 l\u2019\u00e9lu \u00e9cologiste\u00a0: \u00abLa gestion d\u2019une grande ville, c\u2019est une affaire de d\u00e9l\u00e9gation et de comp\u00e9tences collectives\u00a0: s\u2019y consacrer \u00e0 100 % avec ses adjoints et maires d\u2019arrondissement, c\u2019est possible et d\u00e9mocratique. Mes fonctions \u00e0 la FFF sont b\u00e9n\u00e9voles, notamment au service du football f\u00e9minin, loin des \u201ccumuls\u201d invent\u00e9s\u00bb. Et de tacler \u00e0 son tour\u00a0: \u00abRecevoir des le\u00e7ons de cumul de la part de ceux qui en pratiquent \u00e0 tous les \u00e9tages a quelque chose d\u2019ironique. J\u2019ai fait mes preuves. D\u2019autres se contentent de donner des le\u00e7ons\u2026 sans n\u2019avoir encore jamais rien prouv\u00e9\u2026 mais de quel droit\u00a0?\u00bb.\u00a0<\/p>\n<p class=\"fig-paragraph\">\u00c0 Lyon, lors de leur victoire en 2020,\u00a0<a href=\"https:\/\/www.lefigaro.fr\/elections\/municipales\/en-direct-en-direct-journee-second-tour-elections-municipales-2020-resultats-vote-scrutin-20200628\" data-fig-type=\"Live\" data-gtm-custom-categorie=\"navigation\" data-gtm-custom-action=\"crossclick\" data-gtm-custom-label=\"Contextuel\" data-gtm-event=\"customEventSPE\" data-fig-domain=\"LEFIGARO\" rel=\"nofollow noopener\" target=\"_blank\">les \u00e9lus \u00e9cologistes ont appliqu\u00e9 le non-cumul des mandats au niveau local<\/a>, les adjoints lyonnais n\u2019ayant aucune fonction ex\u00e9cutive au niveau de la m\u00e9tropole. \u00c0 gauche, seuls les maires de Villeurbanne (C\u00e9dric Van Styvendael), Vaulx-en-Velin (H\u00e9l\u00e8ne Geoffroy) et de V\u00e9nissieux (Mich\u00e8le Picard) ont d\u00e9cid\u00e9 de cumuler leur fonction municipale avec une vice-pr\u00e9sidence \u00e0 la m\u00e9tropole.<\/p>\n","protected":false},"excerpt":{"rendered":"En cas de victoire lors des municipales \u00e0 Lyon, Jean-Michel Aulas conservera sa fonction de vice-pr\u00e9sident charg\u00e9 du&hellip;\n","protected":false},"author":2,"featured_media":377327,"comment_status":"","ping_status":"","sticky":false,"template":"","format":"standard","meta":{"footnotes":""},"categories":[1889],"tags":[1111,11,2430,1777,674,85,1011,27,5227,2428,12,25],"class_list":{"0":"post-377326","1":"post","2":"type-post","3":"status-publish","4":"format-standard","5":"has-post-thumbnail","7":"category-lyon","8":"tag-actu","9":"tag-actualites","10":"tag-auvergne-rhone-alpes","11":"tag-eu","12":"tag-europe","13":"tag-fff","14":"tag-fr","15":"tag-france","16":"tag-jean-michel-aulas","17":"tag-lyon","18":"tag-news","19":"tag-republique-francaise"},"share_on_mastodon":{"url":"https:\/\/pubeurope.com\/@fr\/115173513144890692","error":""},"_links":{"self":[{"href":"https:\/\/www.europesays.com\/fr\/wp-json\/wp\/v2\/posts\/377326","targetHints":{"allow":["GET"]}}],"collection":[{"href":"https:\/\/www.europesays.com\/fr\/wp-json\/wp\/v2\/posts"}],"about":[{"href":"https:\/\/www.europesays.com\/fr\/wp-json\/wp\/v2\/types\/post"}],"author":[{"embeddable":true,"href":"https:\/\/www.europesays.com\/fr\/wp-json\/wp\/v2\/users\/2"}],"replies":[{"embeddable":true,"href":"https:\/\/www.europesays.com\/fr\/wp-json\/wp\/v2\/comments?post=377326"}],"version-history":[{"count":0,"href":"https:\/\/www.europesays.com\/fr\/wp-json\/wp\/v2\/posts\/377326\/revisions"}],"wp:featuredmedia":[{"embeddable":true,"href":"https:\/\/www.europesays.com\/fr\/wp-json\/wp\/v2\/media\/377327"}],"wp:attachment":[{"href":"https:\/\/www.europesays.com\/fr\/wp-json\/wp\/v2\/media?parent=377326"}],"wp:term":[{"taxonomy":"category","embeddable":true,"href":"https:\/\/www.europesays.com\/fr\/wp-json\/wp\/v2\/categories?post=377326"},{"taxonomy":"post_tag","embeddable":true,"href":"https:\/\/www.europesays.com\/fr\/wp-json\/wp\/v2\/tags?post=377326"}],"curies":[{"name":"wp","href":"https:\/\/api.w.org\/{rel}","templated":true}]}}