{"id":377330,"date":"2025-09-09T09:00:17","date_gmt":"2025-09-09T09:00:17","guid":{"rendered":"https:\/\/www.europesays.com\/fr\/377330\/"},"modified":"2025-09-09T09:00:17","modified_gmt":"2025-09-09T09:00:17","slug":"des-tetes-de-cochon-decouvertes-devant-des-mosquees-une-enquete-ouverte","status":"publish","type":"post","link":"https:\/\/www.europesays.com\/fr\/377330\/","title":{"rendered":"des t\u00eates de cochon d\u00e9couvertes devant des mosqu\u00e9es, une enqu\u00eate ouverte"},"content":{"rendered":"<p>            Par<br \/>\n        <strong><br \/>\n            <a href=\"https:\/\/actu.fr\/auteur\/redaction-paris\" title=\"Consulter tous les articles de R\u00e9daction Paris\" rel=\"nofollow noopener\" target=\"_blank\">R\u00e9daction Paris<\/a><br \/>\n        <\/strong><\/p>\n<p>        Publi\u00e9 le<\/p>\n<p>            9 sept. 2025 \u00e0 10h56        <\/p>\n<p>Des <strong>t\u00eates de cochon<\/strong> ont \u00e9t\u00e9 d\u00e9couvertes mardi 9 septembre 2025 dans la matin\u00e9e, devant plusieurs mosqu\u00e9es de <a href=\"https:\/\/actu.fr\/ile-de-france\/paris_75056\" rel=\"nofollow noopener\" target=\"_blank\">Paris<\/a> et d\u2019\u00cele-de-France, a annonc\u00e9 sur X le pr\u00e9fet de police de Paris, <a href=\"https:\/\/actu.fr\/tag\/laurent-nunez\" rel=\"nofollow noopener\" target=\"_blank\">Laurent Nu\u00f1ez<\/a>, d\u00e9non\u00e7ant \u00ab\u00a0des actes abjects\u00a0\u00bb.<\/p>\n<p>Des \u00ab\u00a0provocations insupportables\u00a0\u00bb<\/p>\n<p class=\" wall-content\">Ces t\u00eates ont notamment \u00e9t\u00e9 d\u00e9couvertes <strong>sur la voie publique<\/strong> \u00e0 Paris, en Seine-Saint-Denis et dans les Hauts-de-Seine, a appris l\u2019AFP aupr\u00e8s d\u2019une source proche du dossier. \u00ab\u00a0Une enqu\u00eate a imm\u00e9diatement \u00e9t\u00e9 ouverte\u00a0\u00bb, a ajout\u00e9 le pr\u00e9fet de police, assurant que \u00ab\u00a0tout (\u00e9tait) mis en \u0153uvre pour retrouver les auteurs de ces actes abjects\u00a0\u00bb.<\/p>\n<p class=\" wall-content\">Les constatations de la police sont en cours.<\/p>\n<p class=\" wall-content\">\u00ab\u00a0Tout mon soutien aux responsables et aux fid\u00e8les des mosqu\u00e9es touch\u00e9es par ces provocations insupportables. S\u2019en prendre \u00e0 des lieux de culte est <strong>d\u2019une l\u00e2chet\u00e9 insondable<\/strong>\u00ab\u00a0, a de son c\u00f4t\u00e9 affirm\u00e9 sur X le ministre de l\u2019Int\u00e9rieur, <a href=\"https:\/\/actu.fr\/tag\/bruno-retailleau\" rel=\"nofollow noopener\" target=\"_blank\">Bruno Retailleau<\/a>.<\/p>\n<p class=\" wall-content\">\n<p class=\" wall-content\"><strong>Avec AFP<\/strong><\/p>\n<p class=\" wall-content\">Personnalisez votre actualit\u00e9 en ajoutant vos villes et m\u00e9dias en favori avec <a href=\"https:\/\/moncompte.actu.fr\" title=\"D\u00e9couvez Mon Actu\" rel=\"nofollow noopener\" data-trk=\"{&quot;cta&quot;:{&quot;action&quot;:&quot;https:\\\/\\\/moncompte.actu.fr&quot;,&quot;category&quot;:&quot;mon compte&quot;,&quot;from&quot;:&quot;article footer&quot;,&quot;name&quot;:&quot;Mon actu&quot;,&quot;type&quot;:&quot;cta&quot;}}\" target=\"_blank\">Mon Actu<\/a>.<\/p>\n","protected":false},"excerpt":{"rendered":"Par R\u00e9daction Paris Publi\u00e9 le 9 sept. 2025 \u00e0 10h56 Des t\u00eates de cochon ont \u00e9t\u00e9 d\u00e9couvertes mardi&hellip;\n","protected":false},"author":2,"featured_media":377331,"comment_status":"","ping_status":"","sticky":false,"template":"","format":"standard","meta":{"footnotes":""},"categories":[1888],"tags":[1111,1928,11,1927,1013,1777,674,118,1011,27,5454,12,1926,626,1925,4020,25],"class_list":{"0":"post-377330","1":"post","2":"type-post","3":"status-publish","4":"format-standard","5":"has-post-thumbnail","7":"category-paris","8":"tag-actu","9":"tag-actu-paris","10":"tag-actualites","11":"tag-actualites-paris","12":"tag-bruno-retailleau","13":"tag-eu","14":"tag-europe","15":"tag-faits-divers","16":"tag-fr","17":"tag-france","18":"tag-laurent-nunez","19":"tag-news","20":"tag-news-paris","21":"tag-paris","22":"tag-paris-news","23":"tag-religion","24":"tag-republique-francaise"},"share_on_mastodon":{"url":"https:\/\/pubeurope.com\/@fr\/115173524980820369","error":""},"_links":{"self":[{"href":"https:\/\/www.europesays.com\/fr\/wp-json\/wp\/v2\/posts\/377330","targetHints":{"allow":["GET"]}}],"collection":[{"href":"https:\/\/www.europesays.com\/fr\/wp-json\/wp\/v2\/posts"}],"about":[{"href":"https:\/\/www.europesays.com\/fr\/wp-json\/wp\/v2\/types\/post"}],"author":[{"embeddable":true,"href":"https:\/\/www.europesays.com\/fr\/wp-json\/wp\/v2\/users\/2"}],"replies":[{"embeddable":true,"href":"https:\/\/www.europesays.com\/fr\/wp-json\/wp\/v2\/comments?post=377330"}],"version-history":[{"count":0,"href":"https:\/\/www.europesays.com\/fr\/wp-json\/wp\/v2\/posts\/377330\/revisions"}],"wp:featuredmedia":[{"embeddable":true,"href":"https:\/\/www.europesays.com\/fr\/wp-json\/wp\/v2\/media\/377331"}],"wp:attachment":[{"href":"https:\/\/www.europesays.com\/fr\/wp-json\/wp\/v2\/media?parent=377330"}],"wp:term":[{"taxonomy":"category","embeddable":true,"href":"https:\/\/www.europesays.com\/fr\/wp-json\/wp\/v2\/categories?post=377330"},{"taxonomy":"post_tag","embeddable":true,"href":"https:\/\/www.europesays.com\/fr\/wp-json\/wp\/v2\/tags?post=377330"}],"curies":[{"name":"wp","href":"https:\/\/api.w.org\/{rel}","templated":true}]}}