{"id":377344,"date":"2025-09-09T09:07:15","date_gmt":"2025-09-09T09:07:15","guid":{"rendered":"https:\/\/www.europesays.com\/fr\/377344\/"},"modified":"2025-09-09T09:07:15","modified_gmt":"2025-09-09T09:07:15","slug":"au-royaume-uni-le-refus-scolaire-anxieux-des-eleves-est-un-probleme-systemique","status":"publish","type":"post","link":"https:\/\/www.europesays.com\/fr\/377344\/","title":{"rendered":"Au Royaume-Uni, le \u201crefus scolaire anxieux\u201d des \u00e9l\u00e8ves est un probl\u00e8me syst\u00e9mique"},"content":{"rendered":"\n<p>\u00c0 l\u2019occasion de la rentr\u00e9e scolaire, <a class=\"ithalc\" data-ithal=\"lien_externe\" data-ithalc=\"[nav_article]\" target=\"_blank\" href=\"https:\/\/www.thetimes.com\/life-style\/parenting\/article\/anxiety-girls-teenagers-skip-school-poll-pandemic-pornography-screens-p0b7dvxfw\" rel=\"nofollow noopener\">le journal <strong>The Times<\/strong><\/a> a command\u00e9 une vaste enqu\u00eate pour sonder l\u2019\u00e9tat d\u2019esprit d\u2019\u00e9l\u00e8ves \u00e2g\u00e9s de 16\u00a0\u00e0 17\u00a0ans. Face \u00e0 la perspective de retrouver les bancs de l\u2019\u00e9cole, un sentiment pr\u00e9dominait\u00a0chez ces derniers\u00a0: l\u2019anxi\u00e9t\u00e9. Ou, plus pr\u00e9cis\u00e9ment, \u201cdifficile\u201d, \u201cstressant\u201d et \u201ceffrayant\u201d sont les mots les plus choisis par les jeunes filles pour d\u00e9crire leur quotidien \u2013 elles sont plus sujettes \u00e0 ces probl\u00e8mes que leurs camarades masculins. Au total, 70\u00a0% des filles interrog\u00e9es ont d\u00e9clar\u00e9 avoir d\u00e9j\u00e0 s\u00e9ch\u00e9 les cours pour des raisons de sant\u00e9 mentale.<\/p>\n<p>\u201cLe niveau d\u2019anxi\u00e9t\u00e9 dont font \u00e9tat les \u00e9l\u00e8ves britanniques est du jamais-vu\u201d, <a class=\"ithalc\" data-ithal=\"lien_externe\" data-ithalc=\"[nav_article]\" target=\"_blank\" href=\"https:\/\/www.independent.co.uk\/news\/uk\/home-news\/uk-school-truancy-attendance-absent-covid-b2818746.html\" rel=\"nofollow noopener\">abonde le site londonien <strong>The Independent<\/strong><\/a><strong>. <\/strong>Et de citer les jeunes dont il a recueilli le t\u00e9moignage, dont un gar\u00e7on de 13\u00a0ans qui n\u2019est pas all\u00e9 \u00e0 l\u2019\u00e9cole depuis quatre\u00a0cents\u00a0jours, ou d\u2019une jeune fille studieuse rattrap\u00e9e par des troubles anxieux, qui a interrompu sa scolarit\u00e9. Comme eux, 1,28\u00a0million d\u2019\u00e9l\u00e8ves, soit environ 17,9\u00a0% de la population scolaire, sont \u201cconstamment absents\u201d des salles de classe.<\/p>\n<p>C\u2019est le ph\u00e9nom\u00e8ne<strong> <\/strong>du \u201crefus scolaire anxieux, o\u00f9 l\u2019\u00e9l\u00e8ve se d\u00e9scolarise pour des raisons psychiques complexes, \u00e0 distinguer du d\u00e9crochage dans lequel l\u2019\u00e9l\u00e8ve ne se rend plus \u00e0 l\u2019\u00e9cole simplement parce qu\u2019il n\u2019en a pas envie<\/p>\n","protected":false},"excerpt":{"rendered":"\u00c0 l\u2019occasion de la rentr\u00e9e scolaire, le journal The Times a command\u00e9 une vaste enqu\u00eate pour sonder l\u2019\u00e9tat&hellip;\n","protected":false},"author":2,"featured_media":377345,"comment_status":"","ping_status":"","sticky":false,"template":"","format":"standard","meta":{"footnotes":""},"categories":[1588],"tags":[11,1777,674,12,49723,473,1853,14041,1857,11084,1851,1850,1852],"class_list":{"0":"post-377344","1":"post","2":"type-post","3":"status-publish","4":"format-standard","5":"has-post-thumbnail","7":"category-royaume-uni","8":"tag-actualites","9":"tag-eu","10":"tag-europe","11":"tag-news","12":"tag-rentru00e9e-scolaire","13":"tag-royaume-uni","14":"tag-royaume-uni-de-grande-bretagne-et-dirlande-du-nord","15":"tag-santu00e9-mentale","16":"tag-sociu00e9tu00e9","17":"tag-u00e9ducation","18":"tag-uk","19":"tag-united-kingdom","20":"tag-united-kingdom-of-great-britain-and-northern-ireland"},"share_on_mastodon":{"url":"https:\/\/pubeurope.com\/@fr\/115173552858234096","error":""},"_links":{"self":[{"href":"https:\/\/www.europesays.com\/fr\/wp-json\/wp\/v2\/posts\/377344","targetHints":{"allow":["GET"]}}],"collection":[{"href":"https:\/\/www.europesays.com\/fr\/wp-json\/wp\/v2\/posts"}],"about":[{"href":"https:\/\/www.europesays.com\/fr\/wp-json\/wp\/v2\/types\/post"}],"author":[{"embeddable":true,"href":"https:\/\/www.europesays.com\/fr\/wp-json\/wp\/v2\/users\/2"}],"replies":[{"embeddable":true,"href":"https:\/\/www.europesays.com\/fr\/wp-json\/wp\/v2\/comments?post=377344"}],"version-history":[{"count":0,"href":"https:\/\/www.europesays.com\/fr\/wp-json\/wp\/v2\/posts\/377344\/revisions"}],"wp:featuredmedia":[{"embeddable":true,"href":"https:\/\/www.europesays.com\/fr\/wp-json\/wp\/v2\/media\/377345"}],"wp:attachment":[{"href":"https:\/\/www.europesays.com\/fr\/wp-json\/wp\/v2\/media?parent=377344"}],"wp:term":[{"taxonomy":"category","embeddable":true,"href":"https:\/\/www.europesays.com\/fr\/wp-json\/wp\/v2\/categories?post=377344"},{"taxonomy":"post_tag","embeddable":true,"href":"https:\/\/www.europesays.com\/fr\/wp-json\/wp\/v2\/tags?post=377344"}],"curies":[{"name":"wp","href":"https:\/\/api.w.org\/{rel}","templated":true}]}}